{"id":3204,"date":"2023-01-19T17:33:56","date_gmt":"2023-01-19T17:33:56","guid":{"rendered":"https:\/\/blog.uclm.es\/egresadosbioamb\/?p=3204"},"modified":"2023-01-19T17:33:56","modified_gmt":"2023-01-19T17:33:56","slug":"3204","status":"publish","type":"post","link":"https:\/\/blog.uclm.es\/egresadosbioamb\/2023\/01\/19\/3204\/","title":{"rendered":""},"content":{"rendered":"\n<div class=\"wp-block-columns is-layout-flex wp-container-core-columns-is-layout-9d6595d7 wp-block-columns-is-layout-flex\">\n<div class=\"wp-block-column is-layout-flow wp-block-column-is-layout-flow\" style=\"flex-basis:33.33%\">\n<figure class=\"wp-block-image size-full\"><img loading=\"lazy\" decoding=\"async\" width=\"692\" height=\"682\" src=\"https:\/\/blog.uclm.es\/egresadosbioamb\/wp-content\/uploads\/sites\/173\/2017\/05\/Imagen-jm.jpg\" alt=\"\" class=\"wp-image-636\" srcset=\"https:\/\/blog.uclm.es\/egresadosbioamb\/wp-content\/uploads\/sites\/173\/2017\/05\/Imagen-jm.jpg 692w, https:\/\/blog.uclm.es\/egresadosbioamb\/wp-content\/uploads\/sites\/173\/2017\/05\/Imagen-jm-300x296.jpg 300w\" sizes=\"auto, (max-width: 692px) 100vw, 692px\" \/><\/figure>\n<\/div>\n\n\n\n<div class=\"wp-block-column is-layout-flow wp-block-column-is-layout-flow\" style=\"flex-basis:66.66%\">\n<p><strong>Miguel Carlos Herrada Garc\u00eda<\/strong><\/p>\n\n\n\n<p>Graduado en Bioqu\u00edmica (2014)<\/p>\n\n\n\n<p><strong>Profesor de Ense\u00f1anza Superior Obligatoria<\/strong><\/p>\n<\/div>\n<\/div>\n\n\n\n<p><strong>\u00bfPor qu\u00e9 decidiste estudiar Bioqu\u00edmica?&nbsp;<\/strong><em>Desde que cursaba mis estudios en la ESO y Bachillerato ten\u00eda claro que quer\u00eda estudiar una carrera de la rama bio-sanitaria, sin embargo, no fue hasta segundo de Bachillerato cuando decid\u00ed que quer\u00eda estudiar una carrera relacionada con la qu\u00edmica y la biolog\u00eda y es as\u00ed como empec\u00e9 a estudiar Bioqu\u00edmica.<\/em><\/p>\n\n\n\n<p><strong>\u00bfCu\u00e1l ha sido tu trayectoria profesional?\u00a0<\/strong><em>En el \u00faltimo curso del grado de bioqu\u00edmica tuve la oportunidad de hacer pr\u00e1cticas en el Hospital Virgen de la Salud en el departamento de microbiolog\u00eda. Al acabar la carrera curs\u00e9 el m\u00e1ster de Profesor de Educaci\u00f3n Secundaria Obligatoria, Bachillerato y Formaci\u00f3n Profesional. A su vez, mientras estudiaba dicho m\u00e1ster era profesor de clases particulares de las asignaturas de f\u00edsica, qu\u00edmica, matem\u00e1ticas y biolog\u00eda. En el segundo cuatrimestre del m\u00e1ster hice pr\u00e1cticas durante tres meses en el Colegio Nuestra Se\u00f1ora de Infantes. Una vez acabado el m\u00e1ster tuve la oportunidad de hacer sustituciones en el Colegio San Juan Bautista (Tavera), en el Colegio Santiago el Mayor y Nuestra Se\u00f1ora de los Infantes, dando clase de las asignaturas de f\u00edsica, qu\u00edmica, matem\u00e1ticas y biolog\u00eda a alumnos de ESO y Bachillerato.\u00a0<\/em><\/p>\n\n\n\n<p><strong>\u00bfQu\u00e9 funciones desempe\u00f1as en tu trabajo actual?\u00a0<\/strong>\u00a0<em>Actualmente soy profesor de las asignaturas de f\u00edsica, qu\u00edmica, biolog\u00eda y matem\u00e1ticas en 2\u00ba y 3\u00ba de ESO en el Colegio Santa Clara de Oca\u00f1a y profesor de clases particulares en Toledo.<\/em><\/p>\n\n\n\n<p><strong>\u00bfQu\u00e9 te ha aportado ser titulado por la UCLM?\u00a0\u00a0<\/strong><em>Una de las cosas m\u00e1s destacables de haber estudiado en la UCLM es la cercan\u00eda que mostraban los profesores ya que no todo el mundo que estudia en la Universidad tiene la suerte de poder establecer un contacto directo con el profesorado, no solo en cuanto a orientaci\u00f3n acad\u00e9mica se refiere, sino tambi\u00e9n en diferentes recomendaciones sobre salidas laborales y continuaci\u00f3n de estudios de M\u00e1ster.<\/em><\/p>\n","protected":false},"excerpt":{"rendered":"<p>Miguel Carlos Herrada Garc\u00eda Graduado en Bioqu\u00edmica (2014) Profesor de Ense\u00f1anza Superior Obligatoria \u00bfPor qu\u00e9 decidiste estudiar Bioqu\u00edmica?&nbsp;Desde que cursaba mis estudios en la ESO y Bachillerato ten\u00eda claro que quer\u00eda estudiar una carrera de la rama bio-sanitaria, sin embargo, no fue hasta segundo de Bachillerato cuando decid\u00ed que quer\u00eda estudiar una carrera relacionada con &hellip; <\/p>\n<p class=\"link-more\"><a href=\"https:\/\/blog.uclm.es\/egresadosbioamb\/2023\/01\/19\/3204\/\" class=\"more-link\">Continuar leyendo<span class=\"screen-reader-text\"> \u00ab\u00bb<\/span><\/a><\/p>\n","protected":false},"author":163,"featured_media":0,"comment_status":"closed","ping_status":"closed","sticky":false,"template":"","format":"standard","meta":{"footnotes":""},"categories":[28],"tags":[],"class_list":["post-3204","post","type-post","status-publish","format-standard","hentry","category-alumnos-bioquimica"],"_links":{"self":[{"href":"https:\/\/blog.uclm.es\/egresadosbioamb\/wp-json\/wp\/v2\/posts\/3204","targetHints":{"allow":["GET"]}}],"collection":[{"href":"https:\/\/blog.uclm.es\/egresadosbioamb\/wp-json\/wp\/v2\/posts"}],"about":[{"href":"https:\/\/blog.uclm.es\/egresadosbioamb\/wp-json\/wp\/v2\/types\/post"}],"author":[{"embeddable":true,"href":"https:\/\/blog.uclm.es\/egresadosbioamb\/wp-json\/wp\/v2\/users\/163"}],"replies":[{"embeddable":true,"href":"https:\/\/blog.uclm.es\/egresadosbioamb\/wp-json\/wp\/v2\/comments?post=3204"}],"version-history":[{"count":1,"href":"https:\/\/blog.uclm.es\/egresadosbioamb\/wp-json\/wp\/v2\/posts\/3204\/revisions"}],"predecessor-version":[{"id":3206,"href":"https:\/\/blog.uclm.es\/egresadosbioamb\/wp-json\/wp\/v2\/posts\/3204\/revisions\/3206"}],"wp:attachment":[{"href":"https:\/\/blog.uclm.es\/egresadosbioamb\/wp-json\/wp\/v2\/media?parent=3204"}],"wp:term":[{"taxonomy":"category","embeddable":true,"href":"https:\/\/blog.uclm.es\/egresadosbioamb\/wp-json\/wp\/v2\/categories?post=3204"},{"taxonomy":"post_tag","embeddable":true,"href":"https:\/\/blog.uclm.es\/egresadosbioamb\/wp-json\/wp\/v2\/tags?post=3204"}],"curies":[{"name":"wp","href":"https:\/\/api.w.org\/{rel}","templated":true}]}}