{"id":3196,"date":"2023-01-19T17:27:00","date_gmt":"2023-01-19T17:27:00","guid":{"rendered":"https:\/\/blog.uclm.es\/egresadosbioamb\/?p=3196"},"modified":"2023-01-19T17:27:00","modified_gmt":"2023-01-19T17:27:00","slug":"3196","status":"publish","type":"post","link":"https:\/\/blog.uclm.es\/egresadosbioamb\/2023\/01\/19\/3196\/","title":{"rendered":""},"content":{"rendered":"\n<div class=\"wp-block-columns is-layout-flex wp-container-core-columns-is-layout-9d6595d7 wp-block-columns-is-layout-flex\">\n<div class=\"wp-block-column is-layout-flow wp-block-column-is-layout-flow\" style=\"flex-basis:33.33%\">\n<figure class=\"wp-block-image size-full\"><img loading=\"lazy\" decoding=\"async\" width=\"717\" height=\"679\" src=\"https:\/\/blog.uclm.es\/egresadosbioamb\/wp-content\/uploads\/sites\/173\/2017\/09\/ana.jpg\" alt=\"\" class=\"wp-image-727\" srcset=\"https:\/\/blog.uclm.es\/egresadosbioamb\/wp-content\/uploads\/sites\/173\/2017\/09\/ana.jpg 717w, https:\/\/blog.uclm.es\/egresadosbioamb\/wp-content\/uploads\/sites\/173\/2017\/09\/ana-300x284.jpg 300w\" sizes=\"auto, (max-width: 717px) 100vw, 717px\" \/><\/figure>\n<\/div>\n\n\n\n<div class=\"wp-block-column is-layout-flow wp-block-column-is-layout-flow\" style=\"flex-basis:66.66%\">\n<p><strong>Ana Dom\u00ednguez Bajo<\/strong><\/p>\n\n\n\n<p>Graduada en Bioqu\u00edmica (2015)<\/p>\n\n\n\n<p><strong>Estudiante de doctorado<\/strong><\/p>\n<\/div>\n<\/div>\n\n\n\n<p><strong>\u00bfPor qu\u00e9 decidiste estudiar Bioqu\u00edmica?&nbsp;&nbsp;<\/strong><em>Desde peque\u00f1a siempre he tenido curiosidad por saber c\u00f3mo funcionan los procesos biol\u00f3gicos en la naturaleza en general, por lo que la biolog\u00eda y la qu\u00edmica me llamaban mucho la atenci\u00f3n. Durante los \u00faltimos cursos de la ESO y en bachillerato, tambi\u00e9n me empez\u00f3 a interesar el campo de la medicina, especialmente la neurolog\u00eda, as\u00ed que decid\u00ed estudiar bioqu\u00edmica para poder dedicarme a la investigaci\u00f3n biom\u00e9dica en el futuro.<\/em><\/p>\n\n\n\n<p><strong>\u00bfCu\u00e1l ha sido tu trayectoria profesional?&nbsp;&nbsp;<\/strong><em>&nbsp;En tercer curso, tuve la oportunidad de realizar pr\u00e1cticas extracurriculares en el Laboratorio de Reparaci\u00f3n Neural y Biomateriales del Hospital de Parapl\u00e9jicos (Toledo), bajo la supervisi\u00f3n de Mar\u00eda Concepci\u00f3n Serrano L\u00f3pez Terradas y Hugo Vara Rivera. Adem\u00e1s, en el mismo curso me concedieron la beca \u201cErasmus+ pr\u00e1cticas plan B\u201d, gracias a la cual pude desarrollar el Trabajo Fin de Grado (TFG) en el Departamento de Oncolog\u00eda de la Universidad de Oxford al final de cuarto. Concretamente, en el grupo de investigaci\u00f3n de Nicola R. Sibson y bajo la supervisi\u00f3n de Manuel Sarmiento Soto. Posteriormente, realic\u00e9 mi trabajo final de m\u00e1ster en el laboratorio de Crecimiento axonal y funci\u00f3n del Segmento Inicial del Ax\u00f3n (Instituto Cajal, CSIC) con Juan Jos\u00e9 Garrido.&nbsp; Actualmente estoy empezando la realizaci\u00f3n de mi tesis doctoral en el Laboratorio de Interfaces para Neuro-reparaci\u00f3n del Hospital Nacional de Parapl\u00e9jicos de Toledo gracias a un contrato a cargo de un proyecto europeo.<\/em><\/p>\n\n\n\n<p><strong>\u00bfQu\u00e9 funciones desempe\u00f1as en tu trabajo actual?&nbsp;<\/strong><em>Como he indicado previamente, ahora estoy empezando la tesis doctoral en un grupo de investigaci\u00f3n centrado en la exploraci\u00f3n de biomateriales basados en grafeno para la reparaci\u00f3n de la m\u00e9dula espinal lesionada.<\/em><\/p>\n\n\n\n<p><strong>\u00bfQu\u00e9 te ha aportado ser titulado por la UCLM?&nbsp;&nbsp;<\/strong><em>Creo que una de las ventajas m\u00e1s importantes de la UCLM es la relaci\u00f3n cercana que se tiene con los profesores. Adem\u00e1s, al inicio del grado ten\u00eda dudas sobre si no hubiera sido mejor hacer la carrera en universidades m\u00e1s conocidas, por ejemplo, haberme ido a estudiar a Madrid, y dos a\u00f1os despu\u00e9s de haber terminado tengo que decir que sigo muy contenta tanto con haber decidido realizar este grado en Toledo, como con la formaci\u00f3n obtenida.<\/em><\/p>\n\n\n\n<p><strong>Otros comentarios de inter\u00e9s<\/strong>:&nbsp;<em>Yo aconsejar\u00eda a todo el mundo que intente realizar estancias de investigaci\u00f3n en laboratorios diferentes, y si es posible tambi\u00e9n en el extranjero, ya que creo que aportan mucho tanto a nivel personal como profesional.<\/em><\/p>\n","protected":false},"excerpt":{"rendered":"<p>Ana Dom\u00ednguez Bajo Graduada en Bioqu\u00edmica (2015) Estudiante de doctorado \u00bfPor qu\u00e9 decidiste estudiar Bioqu\u00edmica?&nbsp;&nbsp;Desde peque\u00f1a siempre he tenido curiosidad por saber c\u00f3mo funcionan los procesos biol\u00f3gicos en la naturaleza en general, por lo que la biolog\u00eda y la qu\u00edmica me llamaban mucho la atenci\u00f3n. Durante los \u00faltimos cursos de la ESO y en bachillerato, &hellip; <\/p>\n<p class=\"link-more\"><a href=\"https:\/\/blog.uclm.es\/egresadosbioamb\/2023\/01\/19\/3196\/\" class=\"more-link\">Continuar leyendo<span class=\"screen-reader-text\"> \u00ab\u00bb<\/span><\/a><\/p>\n","protected":false},"author":163,"featured_media":0,"comment_status":"closed","ping_status":"closed","sticky":false,"template":"","format":"standard","meta":{"footnotes":""},"categories":[28],"tags":[],"class_list":["post-3196","post","type-post","status-publish","format-standard","hentry","category-alumnos-bioquimica"],"_links":{"self":[{"href":"https:\/\/blog.uclm.es\/egresadosbioamb\/wp-json\/wp\/v2\/posts\/3196","targetHints":{"allow":["GET"]}}],"collection":[{"href":"https:\/\/blog.uclm.es\/egresadosbioamb\/wp-json\/wp\/v2\/posts"}],"about":[{"href":"https:\/\/blog.uclm.es\/egresadosbioamb\/wp-json\/wp\/v2\/types\/post"}],"author":[{"embeddable":true,"href":"https:\/\/blog.uclm.es\/egresadosbioamb\/wp-json\/wp\/v2\/users\/163"}],"replies":[{"embeddable":true,"href":"https:\/\/blog.uclm.es\/egresadosbioamb\/wp-json\/wp\/v2\/comments?post=3196"}],"version-history":[{"count":1,"href":"https:\/\/blog.uclm.es\/egresadosbioamb\/wp-json\/wp\/v2\/posts\/3196\/revisions"}],"predecessor-version":[{"id":3199,"href":"https:\/\/blog.uclm.es\/egresadosbioamb\/wp-json\/wp\/v2\/posts\/3196\/revisions\/3199"}],"wp:attachment":[{"href":"https:\/\/blog.uclm.es\/egresadosbioamb\/wp-json\/wp\/v2\/media?parent=3196"}],"wp:term":[{"taxonomy":"category","embeddable":true,"href":"https:\/\/blog.uclm.es\/egresadosbioamb\/wp-json\/wp\/v2\/categories?post=3196"},{"taxonomy":"post_tag","embeddable":true,"href":"https:\/\/blog.uclm.es\/egresadosbioamb\/wp-json\/wp\/v2\/tags?post=3196"}],"curies":[{"name":"wp","href":"https:\/\/api.w.org\/{rel}","templated":true}]}}