{"id":3192,"date":"2023-01-19T17:23:50","date_gmt":"2023-01-19T17:23:50","guid":{"rendered":"https:\/\/blog.uclm.es\/egresadosbioamb\/?p=3192"},"modified":"2023-01-19T17:23:50","modified_gmt":"2023-01-19T17:23:50","slug":"3192","status":"publish","type":"post","link":"https:\/\/blog.uclm.es\/egresadosbioamb\/2023\/01\/19\/3192\/","title":{"rendered":""},"content":{"rendered":"\n<div class=\"wp-block-columns is-layout-flex wp-container-core-columns-is-layout-9d6595d7 wp-block-columns-is-layout-flex\">\n<div class=\"wp-block-column is-layout-flow wp-block-column-is-layout-flow\" style=\"flex-basis:33.33%\">\n<figure class=\"wp-block-image size-full\"><img loading=\"lazy\" decoding=\"async\" width=\"461\" height=\"365\" src=\"https:\/\/blog.uclm.es\/egresadosbioamb\/wp-content\/uploads\/sites\/173\/2017\/10\/Carlos.jpg\" alt=\"\" class=\"wp-image-784\" srcset=\"https:\/\/blog.uclm.es\/egresadosbioamb\/wp-content\/uploads\/sites\/173\/2017\/10\/Carlos.jpg 461w, https:\/\/blog.uclm.es\/egresadosbioamb\/wp-content\/uploads\/sites\/173\/2017\/10\/Carlos-300x238.jpg 300w\" sizes=\"auto, (max-width: 461px) 100vw, 461px\" \/><\/figure>\n<\/div>\n\n\n\n<div class=\"wp-block-column is-layout-flow wp-block-column-is-layout-flow\" style=\"flex-basis:66.66%\">\n<p><strong>Carlos Pardo Hern\u00e1ndez<\/strong><\/p>\n\n\n\n<p>Graduado en Bioqu\u00edmica (2015)<\/p>\n\n\n\n<p><strong>Estudiante de doctorado<\/strong><\/p>\n<\/div>\n<\/div>\n\n\n\n<p><strong>\u00bfPor qu\u00e9 decidiste estudiar Bioqu\u00edmica?\u00a0<\/strong>Ten\u00eda inter\u00e9s en el trabajo en el laboratorio y en especial, en la investigaci\u00f3n. Ten\u00eda otras ideas en mente como Biolog\u00eda o Farmacia, pero creo que Bioqu\u00edmica es un grado bastante enfocado a lo que yo buscaba.<\/p>\n\n\n\n<p><strong>\u00bfCu\u00e1l ha sido tu trayectoria profesional?\u00a0<\/strong><em>Siempre he intentado conocer distintas \u00e1reas hasta encontrar lo que realmente me gusta. Durante el grado hice mis pr\u00e1cticas en empresa en el Hospital Nacional de Parapl\u00e9jicos en Toledo. Mi TFG lo realic\u00e9 en la Universidad de Bristol (UK), estudiando eventos de translocaci\u00f3n e inserci\u00f3n de prote\u00ednas en la membrana bacteriana. Mi TFM del m\u00e1ster de Biotecnolog\u00eda lo realic\u00e9 en el CIB-CSIC acerca de la regulaci\u00f3n de la transcripci\u00f3n en bacterias, en el que descubr\u00ed el mundillo de la criomicroscop\u00eda electr\u00f3nica. Actualmente, he iniciado mi tesis doctoral en la Universidad de Gotemburgo (Suecia) gracias a una beca Marie Curie.<\/em><\/p>\n\n\n\n<p><strong>\u00bfQu\u00e9 funciones desempe\u00f1as en tu trabajo actual?\u00a0<\/strong>\u00a0<em>La investigaci\u00f3n que realizo en Gotemburgo se centra en el estudio de la regulaci\u00f3n de la transcripci\u00f3n y replicaci\u00f3n en mitocondria. Ambos procesos est\u00e1n altamente regulados por sistemas diferentes al que se pueden encontrar en el n\u00facleo eucariota o en los organismos procariotas. Esta regulaci\u00f3n est\u00e1 altamente relacionada con la incidencia de las enfermedades mitocondriales e incluso con el c\u00e1ncer. Toda esta investigaci\u00f3n est\u00e1 englobada en una red internacional de colaboraci\u00f3n implicada en el estudio de la expresi\u00f3n g\u00e9nica en mitocondria, en la que otros 14 doctorandos de toda Europa desarrollan tambi\u00e9n su investigaci\u00f3n. Adem\u00e1s de la investigaci\u00f3n como tal, tambi\u00e9n tengo cursos y conferencias obligatorias, adem\u00e1s de funciones de docencia.<\/em><\/p>\n\n\n\n<p><strong>\u00bfQu\u00e9 te ha aportado ser titulado por la UCLM?\u00a0<\/strong><em>El grado de Bioqu\u00edmica de la UCLM me ha aportado una base te\u00f3rica bastante buena que sin duda me ha ayudado en mi futuro profesional m\u00e1s reciente. La preparaci\u00f3n es buena gracias a la cercan\u00eda del profesorado y al n\u00famero reducido de alumnos en las clases. Mi experiencia en cuanto a la pr\u00e1ctica tambi\u00e9n es satisfactoria ya que tienes facilidades a la hora de realizar pr\u00e1cticas externas o de incluso hacer una estancia Erasmus en un laboratorio en otro pa\u00eds.<\/em><\/p>\n","protected":false},"excerpt":{"rendered":"<p>Carlos Pardo Hern\u00e1ndez Graduado en Bioqu\u00edmica (2015) Estudiante de doctorado \u00bfPor qu\u00e9 decidiste estudiar Bioqu\u00edmica?\u00a0Ten\u00eda inter\u00e9s en el trabajo en el laboratorio y en especial, en la investigaci\u00f3n. Ten\u00eda otras ideas en mente como Biolog\u00eda o Farmacia, pero creo que Bioqu\u00edmica es un grado bastante enfocado a lo que yo buscaba. \u00bfCu\u00e1l ha sido tu &hellip; <\/p>\n<p class=\"link-more\"><a href=\"https:\/\/blog.uclm.es\/egresadosbioamb\/2023\/01\/19\/3192\/\" class=\"more-link\">Continuar leyendo<span class=\"screen-reader-text\"> \u00ab\u00bb<\/span><\/a><\/p>\n","protected":false},"author":163,"featured_media":0,"comment_status":"closed","ping_status":"closed","sticky":false,"template":"","format":"standard","meta":{"footnotes":""},"categories":[28],"tags":[],"class_list":["post-3192","post","type-post","status-publish","format-standard","hentry","category-alumnos-bioquimica"],"_links":{"self":[{"href":"https:\/\/blog.uclm.es\/egresadosbioamb\/wp-json\/wp\/v2\/posts\/3192","targetHints":{"allow":["GET"]}}],"collection":[{"href":"https:\/\/blog.uclm.es\/egresadosbioamb\/wp-json\/wp\/v2\/posts"}],"about":[{"href":"https:\/\/blog.uclm.es\/egresadosbioamb\/wp-json\/wp\/v2\/types\/post"}],"author":[{"embeddable":true,"href":"https:\/\/blog.uclm.es\/egresadosbioamb\/wp-json\/wp\/v2\/users\/163"}],"replies":[{"embeddable":true,"href":"https:\/\/blog.uclm.es\/egresadosbioamb\/wp-json\/wp\/v2\/comments?post=3192"}],"version-history":[{"count":1,"href":"https:\/\/blog.uclm.es\/egresadosbioamb\/wp-json\/wp\/v2\/posts\/3192\/revisions"}],"predecessor-version":[{"id":3195,"href":"https:\/\/blog.uclm.es\/egresadosbioamb\/wp-json\/wp\/v2\/posts\/3192\/revisions\/3195"}],"wp:attachment":[{"href":"https:\/\/blog.uclm.es\/egresadosbioamb\/wp-json\/wp\/v2\/media?parent=3192"}],"wp:term":[{"taxonomy":"category","embeddable":true,"href":"https:\/\/blog.uclm.es\/egresadosbioamb\/wp-json\/wp\/v2\/categories?post=3192"},{"taxonomy":"post_tag","embeddable":true,"href":"https:\/\/blog.uclm.es\/egresadosbioamb\/wp-json\/wp\/v2\/tags?post=3192"}],"curies":[{"name":"wp","href":"https:\/\/api.w.org\/{rel}","templated":true}]}}