{"id":3180,"date":"2023-01-19T14:06:42","date_gmt":"2023-01-19T14:06:42","guid":{"rendered":"https:\/\/blog.uclm.es\/egresadosbioamb\/?p=3180"},"modified":"2023-01-19T14:06:42","modified_gmt":"2023-01-19T14:06:42","slug":"3180","status":"publish","type":"post","link":"https:\/\/blog.uclm.es\/egresadosbioamb\/2023\/01\/19\/3180\/","title":{"rendered":""},"content":{"rendered":"\n<div class=\"wp-block-columns is-layout-flex wp-container-core-columns-is-layout-9d6595d7 wp-block-columns-is-layout-flex\">\n<div class=\"wp-block-column is-layout-flow wp-block-column-is-layout-flow\" style=\"flex-basis:33.33%\">\n<figure class=\"wp-block-image size-full\"><img loading=\"lazy\" decoding=\"async\" width=\"255\" height=\"261\" src=\"https:\/\/blog.uclm.es\/egresadosbioamb\/wp-content\/uploads\/sites\/173\/2017\/11\/Imagen1-2.jpg\" alt=\"\" class=\"wp-image-891\" \/><\/figure>\n<\/div>\n\n\n\n<div class=\"wp-block-column is-layout-flow wp-block-column-is-layout-flow\" style=\"flex-basis:66.66%\">\n<p><strong>Ana Isabel Corps Ricardo<\/strong><\/p>\n\n\n\n<p>Bioqu\u00edmica (2014)<\/p>\n\n\n\n<p><strong>Estudiante de doctorado<\/strong><\/p>\n<\/div>\n<\/div>\n\n\n\n<p><strong>\u00bfPor qu\u00e9 decidiste estudiar Bioqu\u00edmica?&nbsp;&nbsp;<\/strong><em>Nunca tuve muy claro que carrera realizar\u00eda al finalizar los estudios de bachillerato. Fue entonces cuando comenc\u00e9 a tomar inter\u00e9s por la qu\u00edmica y la biolog\u00eda. Este inter\u00e9s fue el que hizo que finalmente me matriculase en el Grado de Bioqu\u00edmica.<\/em><\/p>\n\n\n\n<p><strong>\u00bfCu\u00e1l ha sido tu trayectoria profesional?&nbsp;&nbsp;<em>&nbsp;<\/em><\/strong><em>Durante el verano del tercer curso del grado tuve la oportunidad de realizar pr\u00e1cticas curriculares externas en el Laboratorio de An\u00e1lisis Cl\u00ednico del Hospital Tres Culturas en Toledo en el cual aprend\u00ed diferentes t\u00e9cnicas de an\u00e1lisis bioqu\u00edmicos, inmunol\u00f3gicos, microbiol\u00f3gicos y hematol\u00f3gicos. En el verano de cuarto curso realic\u00e9 pr\u00e1cticas extracurriculares en el Laboratorio Regional Agroalimentario y Ambiental de la Consejer\u00eda de Agricultura (Junta de Comunidades de Castilla-La Mancha) en Toledo, donde tuve la oportunidad de conocer diferentes \u00e1reas de trabajo (\u00e1rea de preparaci\u00f3n de muestra, enolog\u00eda y \u00e1rea de gen\u00f3mica). &nbsp;Cuando acab\u00e9 la carrera realic\u00e9 el M\u00e1ster de Ciencia y Tecnolog\u00eda Qu\u00edmica con Especialidad en Qu\u00edmica Anal\u00edtica en la Universidad Nacional de Educaci\u00f3n a Distancia (UNED) y llev\u00e9 a cabo el Trabajo Fin de Master en el Departamento de Qu\u00edmica Anal\u00edtica y Tecnolog\u00eda de Alimentos de la Universidad de Castilla-La Mancha donde simult\u00e1neamente disfrut\u00e9 de un contrato de personal con cargo a proyecto de investigaci\u00f3n denominado \u201cSimplificaci\u00f3n, miniaturizaci\u00f3n y nanotecnolog\u00eda para el desarrollo de metodolog\u00edas anal\u00edticas en los Campos alimentarios, Ambiental y Bioanal\u00edtico\u201d. Gracias a ello, he podido participar en diversas comunicaciones en diferentes congresos nacionales e internacionales.<\/em><\/p>\n\n\n\n<p><strong>\u00bfQu\u00e9 funciones desempe\u00f1as en tu trabajo actual?&nbsp;<\/strong><em>Actualmente estoy matriculada en el segundo a\u00f1o del programa de Doctorado en Qu\u00edmica de la universidad de Castilla-La Mancha bajo la direcci\u00f3n de Dr. D. \u00c1ngel R\u00edos Castro, Dra. D\u00f1a. Rosa del Carmen Rodr\u00edguez Mart\u00edn-Doimeadios y Dr. D. Francisco Javier Guzm\u00e1n Bernardo desarrollando m\u00e9todos anal\u00edticos para la monitorizaci\u00f3n de contaminantes mediante nanopart\u00edculas magn\u00e9ticas en muestras ambientales.<\/em><\/p>\n\n\n\n<p><strong>\u00bfQu\u00e9 te ha aportado ser titulado por la UCLM?&nbsp;&nbsp;<\/strong><em>Ser titulada por la UCLM me ha permitido aprender una gran variedad de conocimientos tanto a nivel te\u00f3rico como pr\u00e1ctico y tambi\u00e9n me ha permitido llevar a cabo mi Tesis Doctoral en dicha universidad.<\/em><\/p>\n","protected":false},"excerpt":{"rendered":"<p>Ana Isabel Corps Ricardo Bioqu\u00edmica (2014) Estudiante de doctorado \u00bfPor qu\u00e9 decidiste estudiar Bioqu\u00edmica?&nbsp;&nbsp;Nunca tuve muy claro que carrera realizar\u00eda al finalizar los estudios de bachillerato. Fue entonces cuando comenc\u00e9 a tomar inter\u00e9s por la qu\u00edmica y la biolog\u00eda. Este inter\u00e9s fue el que hizo que finalmente me matriculase en el Grado de Bioqu\u00edmica. \u00bfCu\u00e1l &hellip; <\/p>\n<p class=\"link-more\"><a href=\"https:\/\/blog.uclm.es\/egresadosbioamb\/2023\/01\/19\/3180\/\" class=\"more-link\">Continuar leyendo<span class=\"screen-reader-text\"> \u00ab\u00bb<\/span><\/a><\/p>\n","protected":false},"author":163,"featured_media":0,"comment_status":"closed","ping_status":"closed","sticky":false,"template":"","format":"standard","meta":{"footnotes":""},"categories":[28],"tags":[],"class_list":["post-3180","post","type-post","status-publish","format-standard","hentry","category-alumnos-bioquimica"],"_links":{"self":[{"href":"https:\/\/blog.uclm.es\/egresadosbioamb\/wp-json\/wp\/v2\/posts\/3180","targetHints":{"allow":["GET"]}}],"collection":[{"href":"https:\/\/blog.uclm.es\/egresadosbioamb\/wp-json\/wp\/v2\/posts"}],"about":[{"href":"https:\/\/blog.uclm.es\/egresadosbioamb\/wp-json\/wp\/v2\/types\/post"}],"author":[{"embeddable":true,"href":"https:\/\/blog.uclm.es\/egresadosbioamb\/wp-json\/wp\/v2\/users\/163"}],"replies":[{"embeddable":true,"href":"https:\/\/blog.uclm.es\/egresadosbioamb\/wp-json\/wp\/v2\/comments?post=3180"}],"version-history":[{"count":1,"href":"https:\/\/blog.uclm.es\/egresadosbioamb\/wp-json\/wp\/v2\/posts\/3180\/revisions"}],"predecessor-version":[{"id":3183,"href":"https:\/\/blog.uclm.es\/egresadosbioamb\/wp-json\/wp\/v2\/posts\/3180\/revisions\/3183"}],"wp:attachment":[{"href":"https:\/\/blog.uclm.es\/egresadosbioamb\/wp-json\/wp\/v2\/media?parent=3180"}],"wp:term":[{"taxonomy":"category","embeddable":true,"href":"https:\/\/blog.uclm.es\/egresadosbioamb\/wp-json\/wp\/v2\/categories?post=3180"},{"taxonomy":"post_tag","embeddable":true,"href":"https:\/\/blog.uclm.es\/egresadosbioamb\/wp-json\/wp\/v2\/tags?post=3180"}],"curies":[{"name":"wp","href":"https:\/\/api.w.org\/{rel}","templated":true}]}}