{"id":3177,"date":"2023-01-19T14:03:00","date_gmt":"2023-01-19T14:03:00","guid":{"rendered":"https:\/\/blog.uclm.es\/egresadosbioamb\/?p=3177"},"modified":"2023-01-19T14:03:00","modified_gmt":"2023-01-19T14:03:00","slug":"3177","status":"publish","type":"post","link":"https:\/\/blog.uclm.es\/egresadosbioamb\/2023\/01\/19\/3177\/","title":{"rendered":""},"content":{"rendered":"\n<div class=\"wp-block-columns is-layout-flex wp-container-core-columns-is-layout-9d6595d7 wp-block-columns-is-layout-flex\">\n<div class=\"wp-block-column is-layout-flow wp-block-column-is-layout-flow\" style=\"flex-basis:33.33%\">\n<figure class=\"wp-block-image size-full\"><img loading=\"lazy\" decoding=\"async\" width=\"697\" height=\"686\" src=\"https:\/\/blog.uclm.es\/egresadosbioamb\/wp-content\/uploads\/sites\/173\/2018\/07\/foto-lucia-1.jpg\" alt=\"\" class=\"wp-image-1250\" srcset=\"https:\/\/blog.uclm.es\/egresadosbioamb\/wp-content\/uploads\/sites\/173\/2018\/07\/foto-lucia-1.jpg 697w, https:\/\/blog.uclm.es\/egresadosbioamb\/wp-content\/uploads\/sites\/173\/2018\/07\/foto-lucia-1-300x295.jpg 300w\" sizes=\"auto, (max-width: 697px) 100vw, 697px\" \/><\/figure>\n<\/div>\n\n\n\n<div class=\"wp-block-column is-layout-flow wp-block-column-is-layout-flow\" style=\"flex-basis:66.66%\">\n<p><strong>Luc\u00eda Fern\u00e1ndez Nevado<\/strong><\/p>\n\n\n\n<p>Bioqu\u00edmica <\/p>\n\n\n\n<p><strong>Estudiante de doctorado<\/strong><\/p>\n<\/div>\n<\/div>\n\n\n\n<p><strong>\u00bfPor qu\u00e9 decidiste estudiar Bioqu\u00edmica?\u00a0\u00a0<\/strong><em>Aunque al principio Bioqu\u00edmica era mi segunda opci\u00f3n, durante el grado me di cuenta de que fue una buena elecci\u00f3n, puesto que combina Biolog\u00eda y Qu\u00edmica, dos \u00e1reas entre las cuales me es complicado elegir..<\/em><\/p>\n\n\n\n<p><strong>\u00bfCu\u00e1l ha sido tu trayectoria profesional?\u00a0<\/strong><em>Tras acabar el grado, comenc\u00e9 el M\u00e1ster en Biomedicina y Oncolog\u00eda Molecular en la Universidad de Oviedo, a\u00f1o durante el cual estuve colaborando con un grupo dedicado al estudio de sarcomas y c\u00e9lulas madre tumorales, realizando all\u00ed mi Trabajo de Fin de M\u00e1ster. Tambi\u00e9n tuve la suerte de realizar pr\u00e1cticas en una empresa de Dubl\u00edn, donde adquir\u00ed conocimientos en un campo que ni siquiera me hab\u00eda planteado como era la industria. All\u00ed particip\u00e9 en el desarrollo de test r\u00e1pidos de detecci\u00f3n de VIH y miRNAs en sangre con fines diagn\u00f3sticos. Sin duda, una gran experiencia a nivel personal y profesional y una gran oportunidad para aprender. Justo al volver de Dubl\u00edn me incorpor\u00e9 a un grupo de investigaci\u00f3n del Centro de Investigaci\u00f3n del C\u00e1ncer de Salamanca, donde actualmente estoy realizando mi tesis doctoral gracias a una beca predoctoral de la Asociaci\u00f3n Espa\u00f1ola Contra el C\u00e1ncer (AECC).<\/em><\/p>\n\n\n\n<p><strong>\u00bfQu\u00e9 funciones desempe\u00f1as en tu trabajo actual?\u00a0<\/strong><em>Mi tesis consiste en el estudio y caracterizaci\u00f3n de diferentes mutaciones encontradas en tumores humanos en una GTPasa de peque\u00f1o tama\u00f1o en linfomas y c\u00e1ncer de pulm\u00f3n. Para ello, utilizo diferentes t\u00e9cnicas de Biolog\u00eda Molecular y Celular (mutag\u00e9nesis dirigida, an\u00e1lisis de secuencias de DNA, inmunofluorescencia e inmunohistoqu\u00edmica, RT-PCR, generaci\u00f3n de mutantes, etc.), cultivos celulares, b\u00fasqueda en bases de datos o asistencia a seminarios, entre otros.<\/em><\/p>\n\n\n\n<p><strong>\u00bfQu\u00e9 te ha aportado ser titulado por la UCLM?\u00a0<\/strong><em>En primer lugar, he de destacar la posibilidad de realizar una estancia en el marco de las becas Erasmus+ en la modalidad de pr\u00e1cticas en el James Hutton Institute de Dundee (Escocia), donde aprend\u00ed varias t\u00e9cnicas de Biolog\u00eda Molecular y su aplicaci\u00f3n en plantas. Durante la realizaci\u00f3n del grado se puede disfrutar de un trato amable y cercano de los profesores, los cuales nunca tienen ning\u00fan problema a la hora de resolver dudas, orientar o ayudarnos. Sin duda, algo de lo que no pueden presumir en todas las universidades y grados.<\/em><\/p>\n","protected":false},"excerpt":{"rendered":"<p>Luc\u00eda Fern\u00e1ndez Nevado Bioqu\u00edmica Estudiante de doctorado \u00bfPor qu\u00e9 decidiste estudiar Bioqu\u00edmica?\u00a0\u00a0Aunque al principio Bioqu\u00edmica era mi segunda opci\u00f3n, durante el grado me di cuenta de que fue una buena elecci\u00f3n, puesto que combina Biolog\u00eda y Qu\u00edmica, dos \u00e1reas entre las cuales me es complicado elegir.. \u00bfCu\u00e1l ha sido tu trayectoria profesional?\u00a0Tras acabar el grado, &hellip; <\/p>\n<p class=\"link-more\"><a href=\"https:\/\/blog.uclm.es\/egresadosbioamb\/2023\/01\/19\/3177\/\" class=\"more-link\">Continuar leyendo<span class=\"screen-reader-text\"> \u00ab\u00bb<\/span><\/a><\/p>\n","protected":false},"author":163,"featured_media":0,"comment_status":"closed","ping_status":"closed","sticky":false,"template":"","format":"standard","meta":{"footnotes":""},"categories":[28],"tags":[],"class_list":["post-3177","post","type-post","status-publish","format-standard","hentry","category-alumnos-bioquimica"],"_links":{"self":[{"href":"https:\/\/blog.uclm.es\/egresadosbioamb\/wp-json\/wp\/v2\/posts\/3177","targetHints":{"allow":["GET"]}}],"collection":[{"href":"https:\/\/blog.uclm.es\/egresadosbioamb\/wp-json\/wp\/v2\/posts"}],"about":[{"href":"https:\/\/blog.uclm.es\/egresadosbioamb\/wp-json\/wp\/v2\/types\/post"}],"author":[{"embeddable":true,"href":"https:\/\/blog.uclm.es\/egresadosbioamb\/wp-json\/wp\/v2\/users\/163"}],"replies":[{"embeddable":true,"href":"https:\/\/blog.uclm.es\/egresadosbioamb\/wp-json\/wp\/v2\/comments?post=3177"}],"version-history":[{"count":1,"href":"https:\/\/blog.uclm.es\/egresadosbioamb\/wp-json\/wp\/v2\/posts\/3177\/revisions"}],"predecessor-version":[{"id":3179,"href":"https:\/\/blog.uclm.es\/egresadosbioamb\/wp-json\/wp\/v2\/posts\/3177\/revisions\/3179"}],"wp:attachment":[{"href":"https:\/\/blog.uclm.es\/egresadosbioamb\/wp-json\/wp\/v2\/media?parent=3177"}],"wp:term":[{"taxonomy":"category","embeddable":true,"href":"https:\/\/blog.uclm.es\/egresadosbioamb\/wp-json\/wp\/v2\/categories?post=3177"},{"taxonomy":"post_tag","embeddable":true,"href":"https:\/\/blog.uclm.es\/egresadosbioamb\/wp-json\/wp\/v2\/tags?post=3177"}],"curies":[{"name":"wp","href":"https:\/\/api.w.org\/{rel}","templated":true}]}}