{"id":3148,"date":"2023-01-19T13:36:28","date_gmt":"2023-01-19T13:36:28","guid":{"rendered":"https:\/\/blog.uclm.es\/egresadosbioamb\/?p=3148"},"modified":"2023-01-19T13:51:50","modified_gmt":"2023-01-19T13:51:50","slug":"3148","status":"publish","type":"post","link":"https:\/\/blog.uclm.es\/egresadosbioamb\/2023\/01\/19\/3148\/","title":{"rendered":""},"content":{"rendered":"\n<div class=\"wp-block-columns is-layout-flex wp-container-core-columns-is-layout-9d6595d7 wp-block-columns-is-layout-flex\">\n<div class=\"wp-block-column is-layout-flow wp-block-column-is-layout-flow\" style=\"flex-basis:33.33%\">\n<figure class=\"wp-block-image size-full is-resized is-style-default\"><img loading=\"lazy\" decoding=\"async\" src=\"https:\/\/blog.uclm.es\/egresadosbioamb\/wp-content\/uploads\/sites\/173\/2018\/09\/foto.jpg\" alt=\"\" class=\"wp-image-1449\" width=\"200\" height=\"200\" \/><\/figure>\n<\/div>\n\n\n\n<div class=\"wp-block-column is-layout-flow wp-block-column-is-layout-flow\" style=\"flex-basis:66.66%\">\n<p><strong>Daniel Villalba L\u00f3pez<\/strong><\/p>\n\n\n\n<p>Bioqu\u00edmica (2014)<\/p>\n\n\n\n<p><strong>Doctorado<\/strong><\/p>\n<\/div>\n<\/div>\n\n\n\n<p><strong>\u00bfPor qu\u00e9 decidiste estudiar Bioqu\u00edmica?\u00a0\u00a0<\/strong><em>Siempre me ha apasionado el mundo de la ciencia y la naturaleza. Desde que estudiaba en el Instituto, Qu\u00edmica y Biolog\u00eda me llamaron mucho la atenci\u00f3n. Recuerdo que justo al acabar la selectividad se estaba planeando implementar el Grado en Bioqu\u00edmica en Toledo, lugar cercano a mi ciudad natal. Por lo tanto, debido a mis intereses personales para empezar en el \u00e1mbito de la Ciencia y la cercan\u00eda a mi familia, decid\u00ed empezar mi carrera en Bioqu\u00edmica en la Universidad de Castilla-La Mancha (UCLM).<\/em><\/p>\n\n\n\n<p><strong>\u00bfCu\u00e1l ha sido tu trayectoria profesional?\u00a0\u00a0<\/strong><em>Justo al acabar el Grado en Bioqu\u00edmica en 2014 ten\u00eda la ambici\u00f3n de querer irme fuera de Espa\u00f1a ya que la situaci\u00f3n por aquella \u00e9poca no era la m\u00e1s id\u00f3nea. Para ello, contact\u00e9 con un profesor de la facultad, el cual me recomend\u00f3 estudiar ingl\u00e9s en el extranjero y vivir la experiencia, adem\u00e1s de darme un tiempo para saber hacia d\u00f3nde ir. En efecto, en 2014-2015 me fui de\u00a0Au Pair\u00a0a New York donde pude estudiar diferentes cursos de ingl\u00e9s para conseguir el nivel C1 de ingl\u00e9s. Durante este tiempo, estuve mirando donde estudiar mi maestr\u00eda, llam\u00e1ndome la atenci\u00f3n los paises n\u00f3rdicos donde la investigaci\u00f3n y Ciencia son un pilar fundamental. Por consiguiente, acab\u00e9 eligiendo la Universidad de Copenhagen para estudiar durante 24 meses un m\u00e1ster en Biolog\u00eda Humana, donde en los \u00faltimos 12 meses realic\u00e9 mi tesis de m\u00e1ster en el \u00e1mbito de la Inmunolog\u00eda. Despu\u00e9s, consegu\u00ed una beca Marie Curie para empezar un Proyecto de Investigaci\u00f3n en Immunolog\u00eda en el Instituto de Medicina Molecular de Lisboa. Finalmente, decid\u00ed volver a la Universidad de Copenhagen para empezar mi tesis doctoral en el grupo en el que realic\u00e9 mi tesis de m\u00e1ster en Inmunologia.<\/em><\/p>\n\n\n\n<p><strong>\u00bfQu\u00e9 funciones desempe\u00f1as en tu trabajo actual?\u00a0\u00a0<\/strong><em>Ahora mismo estoy haciendo mi tesis de doctorado en Inmunolog\u00eda. Espec\u00edficamente, estoy envuelto en la biolog\u00eda de las c\u00e9lulas T y c\u00f3mo la vitamina D modula la funci\u00f3n de los diferentes subtipos de los linfocitos T CD4+. Durante este tiempo, estamos enfocados en desarrollar una terapia para aliviar los s\u00edntomas de la dermatitis at\u00f3pica, enfermedad autoinmune de la piel dirigida por anomal\u00edas en el sistema immune y linfocitos CD4+.<\/em><\/p>\n\n\n\n<p><strong>\u00bfQu\u00e9 te ha aportado ser titulada por la UCLM?\u00a0\u00a0\u00a0<\/strong><em>La UCLM y el Grado en Bioqu\u00edmica me han aportado la posibilidad de conseguir los conocimientos base en el mundo de la Biolog\u00eda y la Biomedicina, sirviendo como soporte para mi futura trayectoria.<\/em><\/p>\n","protected":false},"excerpt":{"rendered":"<p>Daniel Villalba L\u00f3pez Bioqu\u00edmica (2014) Doctorado \u00bfPor qu\u00e9 decidiste estudiar Bioqu\u00edmica?\u00a0\u00a0Siempre me ha apasionado el mundo de la ciencia y la naturaleza. Desde que estudiaba en el Instituto, Qu\u00edmica y Biolog\u00eda me llamaron mucho la atenci\u00f3n. Recuerdo que justo al acabar la selectividad se estaba planeando implementar el Grado en Bioqu\u00edmica en Toledo, lugar cercano &hellip; <\/p>\n<p class=\"link-more\"><a href=\"https:\/\/blog.uclm.es\/egresadosbioamb\/2023\/01\/19\/3148\/\" class=\"more-link\">Continuar leyendo<span class=\"screen-reader-text\"> \u00ab\u00bb<\/span><\/a><\/p>\n","protected":false},"author":163,"featured_media":0,"comment_status":"closed","ping_status":"closed","sticky":false,"template":"","format":"standard","meta":{"footnotes":""},"categories":[28],"tags":[],"class_list":["post-3148","post","type-post","status-publish","format-standard","hentry","category-alumnos-bioquimica"],"_links":{"self":[{"href":"https:\/\/blog.uclm.es\/egresadosbioamb\/wp-json\/wp\/v2\/posts\/3148","targetHints":{"allow":["GET"]}}],"collection":[{"href":"https:\/\/blog.uclm.es\/egresadosbioamb\/wp-json\/wp\/v2\/posts"}],"about":[{"href":"https:\/\/blog.uclm.es\/egresadosbioamb\/wp-json\/wp\/v2\/types\/post"}],"author":[{"embeddable":true,"href":"https:\/\/blog.uclm.es\/egresadosbioamb\/wp-json\/wp\/v2\/users\/163"}],"replies":[{"embeddable":true,"href":"https:\/\/blog.uclm.es\/egresadosbioamb\/wp-json\/wp\/v2\/comments?post=3148"}],"version-history":[{"count":3,"href":"https:\/\/blog.uclm.es\/egresadosbioamb\/wp-json\/wp\/v2\/posts\/3148\/revisions"}],"predecessor-version":[{"id":3170,"href":"https:\/\/blog.uclm.es\/egresadosbioamb\/wp-json\/wp\/v2\/posts\/3148\/revisions\/3170"}],"wp:attachment":[{"href":"https:\/\/blog.uclm.es\/egresadosbioamb\/wp-json\/wp\/v2\/media?parent=3148"}],"wp:term":[{"taxonomy":"category","embeddable":true,"href":"https:\/\/blog.uclm.es\/egresadosbioamb\/wp-json\/wp\/v2\/categories?post=3148"},{"taxonomy":"post_tag","embeddable":true,"href":"https:\/\/blog.uclm.es\/egresadosbioamb\/wp-json\/wp\/v2\/tags?post=3148"}],"curies":[{"name":"wp","href":"https:\/\/api.w.org\/{rel}","templated":true}]}}