{"id":3143,"date":"2023-01-19T13:31:10","date_gmt":"2023-01-19T13:31:10","guid":{"rendered":"https:\/\/blog.uclm.es\/egresadosbioamb\/?p=3143"},"modified":"2023-01-19T13:31:10","modified_gmt":"2023-01-19T13:31:10","slug":"3143","status":"publish","type":"post","link":"https:\/\/blog.uclm.es\/egresadosbioamb\/2023\/01\/19\/3143\/","title":{"rendered":""},"content":{"rendered":"\n<div class=\"wp-block-columns is-layout-flex wp-container-core-columns-is-layout-9d6595d7 wp-block-columns-is-layout-flex\">\n<div class=\"wp-block-column is-layout-flow wp-block-column-is-layout-flow\" style=\"flex-basis:33.33%\">\n<figure class=\"wp-block-image size-large\"><img loading=\"lazy\" decoding=\"async\" width=\"1024\" height=\"768\" src=\"https:\/\/blog.uclm.es\/egresadosbioamb\/wp-content\/uploads\/sites\/173\/2018\/11\/foto-1024x768.png\" alt=\"\" class=\"wp-image-1599\" srcset=\"https:\/\/blog.uclm.es\/egresadosbioamb\/wp-content\/uploads\/sites\/173\/2018\/11\/foto-1024x768.png 1024w, https:\/\/blog.uclm.es\/egresadosbioamb\/wp-content\/uploads\/sites\/173\/2018\/11\/foto-300x225.png 300w, https:\/\/blog.uclm.es\/egresadosbioamb\/wp-content\/uploads\/sites\/173\/2018\/11\/foto-768x576.png 768w, https:\/\/blog.uclm.es\/egresadosbioamb\/wp-content\/uploads\/sites\/173\/2018\/11\/foto.png 1280w\" sizes=\"auto, (max-width: 706px) 89vw, (max-width: 767px) 82vw, 740px\" \/><\/figure>\n<\/div>\n\n\n\n<div class=\"wp-block-column is-layout-flow wp-block-column-is-layout-flow\" style=\"flex-basis:66.66%\">\n<p><strong>Luc\u00eda Celada Crespo<\/strong><\/p>\n\n\n\n<p>Bioqu\u00edmica (2017)<\/p>\n\n\n\n<p><strong>Estudiante de doctorado<\/strong><\/p>\n<\/div>\n<\/div>\n\n\n\n<p><strong>\u00bfPor qu\u00e9 decidiste estudiar Bioqu\u00edmica?&nbsp;&nbsp;&nbsp;<\/strong><em>Nunca tuve claro qu\u00e9 estudiar, ni a qu\u00e9 quer\u00eda dedicarme, ni en qu\u00e9 me ve\u00eda trabajando en el futuro. Lo \u00fanico que sab\u00eda era que me gustaban los n\u00fameros, la l\u00f3gica, la ciencia y, en concreto, todo lo relacionado con el mundo microsc\u00f3pico. Dicho esto, una vez llegado el momento de pasar a la universidad, empec\u00e9 a mirar diferentes planes de estudios de grados que me despertaban curiosidad y, finalmente, decid\u00ed apostar por la bioqu\u00edmica pensando que, gracias a esta preparaci\u00f3n, podr\u00eda llegar a ser una gran cient\u00edfica. Hoy en d\u00eda, sigo considerando que es el grado universitario que m\u00e1s se ajusta a mis intereses y motivaciones personales, por lo que no me arrepiento de mi \u201cbuena elecci\u00f3n\u201d<\/em>.<\/p>\n\n\n\n<p><strong>\u00bfCu\u00e1l ha sido tu trayectoria profesional?&nbsp;&nbsp;&nbsp;<\/strong><em>Mi trayectoria profesional comenz\u00f3 en el verano del segundo curso de carrera cuando tuve el privilegio de poder realizar una estancia de verano en el laboratorio de \u201cQu\u00edmica Anal\u00edtica\u201d de la facultad. Este fue mi primer contacto con la investigaci\u00f3n real y supuso una experiencia muy gratificante que me anim\u00f3 a continuar por este camino.&nbsp;El verano siguiente, recib\u00ed una beca de investigaci\u00f3n por parte de la AECC (Asociaci\u00f3n Espa\u00f1ola Contra el C\u00e1ncer) para realizar pr\u00e1cticas de laboratorio en el Instituto de Salud Carlos III, dentro del grupo del Dr. Mar\u00e7al Vilar. Aqu\u00ed tuve la oportunidad de tener mi propio (mini)proyecto y de trabajar en dos de los temas que m\u00e1s inter\u00e9s despertaban en m\u00ed: neurobiolog\u00eda y c\u00e1ncer. Asimismo, la obtenci\u00f3n de esta beca me permiti\u00f3 asistir a numerosos simposios y eventos organizados por la AECC en los a\u00f1os posteriores.&nbsp;En el \u00faltimo curso de carrera, consegu\u00ed una beca de colaboraci\u00f3n del Ministerio de Educaci\u00f3n, Cultura y Deporte en el \u00e1rea de \u201cTecnolog\u00eda y Ciencias de los Alimentos\u201d de la facultad, donde tambi\u00e9n realic\u00e9 mi Trabajo Fin de Grado. As\u00ed, gracias al proyecto y al trabajo llevado a cabo, consegu\u00ed Matr\u00edcula de Honor, una beca para asistir al XXI Curso de Iniciaci\u00f3n a la Investigaci\u00f3n en Microbiolog\u00eda (organizado por la Sociedad Espa\u00f1ola de Microbiolog\u00eda) y un art\u00edculo publicado en una revista cient\u00edfica.&nbsp;Tras finalizar mis estudios en Toledo, obtuve una ayuda lanzadera hacia el doctorado en el \u00e1rea tem\u00e1tica del c\u00e1ncer por el CIBERONC que compagin\u00e9 con el m\u00e1ster de Biomedicina y Oncolog\u00eda Molecular impartido por la universidad de Oviedo. Tanto mi proyecto asociado a la beca como mi Trabajo Fin de M\u00e1ster lo realic\u00e9 en la Unidad de C\u00e1ncer de Cabeza y Cuello perteneciente al ISPA (Instituto de Investigaci\u00f3n Sanitaria del Principado de Asturias) bajo la direcci\u00f3n de la Dra. Mar\u00eda Dolores Chiara. Dada la obtenci\u00f3n de resultados interesantes y novedosos, tuve la ocasi\u00f3n de asistir a diversos congresos pudiendo presentar mi trabajo en formato p\u00f3ster y obteniendo alg\u00fan premio por ello.&nbsp;Una vez concluido el m\u00e1ster, me concedieron la ayuda FPU 2017 (Formaci\u00f3n de Profesorado Universitario del Ministerio de Educaci\u00f3n, Cultura y Deporte) para la realizaci\u00f3n del doctorado, as\u00ed como la beca AECC-Asturias 2018 para la formaci\u00f3n de investigadores predoctorales en c\u00e1ncer.<\/em><\/p>\n\n\n\n<p><strong>\u00bfQu\u00e9 funciones desempe\u00f1as en tu trabajo actual?&nbsp;<\/strong><em>Actualmente estoy iniciando mi Tesis Doctoral en la Unidad de C\u00e1ncer de Cabeza y Cuello del ISPA (Oviedo, Asturias).&nbsp;Mi proyecto est\u00e1 basado en el intercambio intercelular de diferentes org\u00e1nulos (mitocondrias, autofagosomas\u2026) y sus implicaciones en c\u00e1ncer. Para ello, trabajo principalmente con t\u00e9cnicas de biolog\u00eda celular y molecular (cultivos celulares, transfecciones con lenti\/retrovirus, RT-qPCR, western blot, inmunofluorescencia, ensayos de migraci\u00f3n e invasi\u00f3n, microscop\u00eda time-lapse, citometr\u00eda de flujo, etc.).&nbsp;No obstante, mis funciones no se limitan a este proyecto y trato con otra l\u00ednea de investigaci\u00f3n con un enfoque m\u00e1s traslacional, basada en la realizaci\u00f3n de paneles de genes y estudios epigen\u00e9ticos para la b\u00fasqueda de biomarcadores diagn\u00f3sticos y dianas terap\u00e9uticas en paragangliomas y feocromocitomas metast\u00e1sicos.<\/em><\/p>\n\n\n\n<p><strong>\u00bfQu\u00e9 te ha aportado ser titulada por la UCLM?&nbsp;&nbsp;<\/strong><em>En comparaci\u00f3n con estudiantes de grados similares en otras universidades, considero que la UCLM nos aporta un trato cercano con los profesores y nos prepara muy bien para el mundo laboral en el \u00e1mbito cient\u00edfico, permiti\u00e9ndonos adquirir los conocimientos necesarios para desenvolvernos con soltura. De hecho, la formaci\u00f3n que nos ofrecen (tanto te\u00f3rica como experimental) es muy completa y, en mi caso, ha sido reconocida por diferentes IP (todos ellos ajenos a la universidad). Finalmente, me gustar\u00eda destacar y animar a toda la gente a participar en las actividades de divulgaci\u00f3n organizadas por la facultad (semana de la ciencia, semana del cerebro\u2026) ya que, hoy en d\u00eda, es uno de los skills m\u00e1s importantes para poder conseguir un contrato laboral como investigador<\/em>.<\/p>\n","protected":false},"excerpt":{"rendered":"<p>Luc\u00eda Celada Crespo Bioqu\u00edmica (2017) Estudiante de doctorado \u00bfPor qu\u00e9 decidiste estudiar Bioqu\u00edmica?&nbsp;&nbsp;&nbsp;Nunca tuve claro qu\u00e9 estudiar, ni a qu\u00e9 quer\u00eda dedicarme, ni en qu\u00e9 me ve\u00eda trabajando en el futuro. Lo \u00fanico que sab\u00eda era que me gustaban los n\u00fameros, la l\u00f3gica, la ciencia y, en concreto, todo lo relacionado con el mundo microsc\u00f3pico. &hellip; <\/p>\n<p class=\"link-more\"><a href=\"https:\/\/blog.uclm.es\/egresadosbioamb\/2023\/01\/19\/3143\/\" class=\"more-link\">Continuar leyendo<span class=\"screen-reader-text\"> \u00ab\u00bb<\/span><\/a><\/p>\n","protected":false},"author":163,"featured_media":0,"comment_status":"closed","ping_status":"closed","sticky":false,"template":"","format":"standard","meta":{"footnotes":""},"categories":[28],"tags":[],"class_list":["post-3143","post","type-post","status-publish","format-standard","hentry","category-alumnos-bioquimica"],"_links":{"self":[{"href":"https:\/\/blog.uclm.es\/egresadosbioamb\/wp-json\/wp\/v2\/posts\/3143","targetHints":{"allow":["GET"]}}],"collection":[{"href":"https:\/\/blog.uclm.es\/egresadosbioamb\/wp-json\/wp\/v2\/posts"}],"about":[{"href":"https:\/\/blog.uclm.es\/egresadosbioamb\/wp-json\/wp\/v2\/types\/post"}],"author":[{"embeddable":true,"href":"https:\/\/blog.uclm.es\/egresadosbioamb\/wp-json\/wp\/v2\/users\/163"}],"replies":[{"embeddable":true,"href":"https:\/\/blog.uclm.es\/egresadosbioamb\/wp-json\/wp\/v2\/comments?post=3143"}],"version-history":[{"count":1,"href":"https:\/\/blog.uclm.es\/egresadosbioamb\/wp-json\/wp\/v2\/posts\/3143\/revisions"}],"predecessor-version":[{"id":3145,"href":"https:\/\/blog.uclm.es\/egresadosbioamb\/wp-json\/wp\/v2\/posts\/3143\/revisions\/3145"}],"wp:attachment":[{"href":"https:\/\/blog.uclm.es\/egresadosbioamb\/wp-json\/wp\/v2\/media?parent=3143"}],"wp:term":[{"taxonomy":"category","embeddable":true,"href":"https:\/\/blog.uclm.es\/egresadosbioamb\/wp-json\/wp\/v2\/categories?post=3143"},{"taxonomy":"post_tag","embeddable":true,"href":"https:\/\/blog.uclm.es\/egresadosbioamb\/wp-json\/wp\/v2\/tags?post=3143"}],"curies":[{"name":"wp","href":"https:\/\/api.w.org\/{rel}","templated":true}]}}