{"id":3140,"date":"2023-01-19T13:26:54","date_gmt":"2023-01-19T13:26:54","guid":{"rendered":"https:\/\/blog.uclm.es\/egresadosbioamb\/?p=3140"},"modified":"2023-01-19T13:26:54","modified_gmt":"2023-01-19T13:26:54","slug":"3140","status":"publish","type":"post","link":"https:\/\/blog.uclm.es\/egresadosbioamb\/2023\/01\/19\/3140\/","title":{"rendered":""},"content":{"rendered":"\n<div class=\"wp-block-columns is-layout-flex wp-container-core-columns-is-layout-9d6595d7 wp-block-columns-is-layout-flex\">\n<div class=\"wp-block-column is-layout-flow wp-block-column-is-layout-flow\" style=\"flex-basis:33.33%\">\n<figure class=\"wp-block-image size-full\"><img loading=\"lazy\" decoding=\"async\" width=\"617\" height=\"570\" src=\"https:\/\/blog.uclm.es\/egresadosbioamb\/wp-content\/uploads\/sites\/173\/2019\/05\/Imagen2.jpg\" alt=\"\" class=\"wp-image-1998\" srcset=\"https:\/\/blog.uclm.es\/egresadosbioamb\/wp-content\/uploads\/sites\/173\/2019\/05\/Imagen2.jpg 617w, https:\/\/blog.uclm.es\/egresadosbioamb\/wp-content\/uploads\/sites\/173\/2019\/05\/Imagen2-300x277.jpg 300w\" sizes=\"auto, (max-width: 617px) 100vw, 617px\" \/><\/figure>\n<\/div>\n\n\n\n<div class=\"wp-block-column is-layout-flow wp-block-column-is-layout-flow\" style=\"flex-basis:66.66%\">\n<p><strong>Javier Laguna Moreno<\/strong><\/p>\n\n\n\n<p>Bioqu\u00edmica (2015)<\/p>\n\n\n\n<p><strong>Bi\u00f3logo Interno Residente<\/strong><\/p>\n<\/div>\n<\/div>\n\n\n\n<p><strong>\u00bfPor qu\u00e9 decidiste estudiar Bioqu\u00edmica?<\/strong>&nbsp;<em>Siempre he querido estudiar algo relacionado con Ciencias. No ten\u00eda claro el qu\u00e9. Al principio pens\u00e9 en estudiar Qu\u00edmica, pero, finalmente en los \u00faltimos meses de Bachillerato, me decant\u00e9 por Bioqu\u00edmica. Lo hice, sobre todo, por curiosidad y porque, aunque no lo ten\u00eda claro del todo, me parec\u00eda una buena elecci\u00f3n en cuanto a salidas y materias que se dan en el Grado.<\/em><\/p>\n\n\n\n<p><strong>\u00bfCu\u00e1l ha sido tu trayectoria profesional?<\/strong><em> <\/em><em>Durante el Grado, hice pr\u00e1cticas en el laboratorio de investigaci\u00f3n del \u00c1rea de Qu\u00edmica Anal\u00edtica en el Campus de Toledo de la UCLM (\u00e1rea en la que tambi\u00e9n pude hacer mi TFG, junto al \u00c1rea de Ecotoxicolog\u00eda del Instituto de Recursos Cineg\u00e9ticos de Ciudad Real) y en el laboratorio de An\u00e1lisis Cl\u00ednicos del Hospital Santa B\u00e1rbara de Puertollano (Ciudad Real).\u00a0Al acabar el Grado (y un M\u00e1ster en An\u00e1lisis Biol\u00f3gico y Diagn\u00f3stico de Laboratorio, en la Universidad de Granada), trabaj\u00e9 como monitor de distintas actividades cient\u00edficas para estudiantes de primaria y secundaria y como analista de laboratorio en el laboratorio de An\u00e1lisis Cl\u00ednicos del Hospital Vithas la Salud (Granada), tanto de pr\u00e1cticas como contratado para sustituciones vacacionales.\u00a0Finalmente, aprob\u00e9 en 2019 las oposiciones para acceder al BIR (Bi\u00f3logo Interno Residente) y he obtenido plaza de Bioqu\u00edmica Cl\u00ednica en el Hospital Cl\u00ednic de Barcelona.<\/em><\/p>\n\n\n\n<p><strong>\u00bfQu\u00e9 funciones desempe\u00f1as en tu trabajo actual?<\/strong><em> <\/em><em>La residencia del bioqu\u00edmico cl\u00ednico en el Hospital Cl\u00ednic se basa en rotar por diferentes secciones: preanal\u00edtica, laboratorio core o general, calidad, farmacolog\u00eda y toxicolog\u00eda, hormonas, gen\u00e9tica\u2026 El grado de responsabilidad en las tareas va en aumento a medida que pasan los a\u00f1os y las funciones a desempe\u00f1ar variar\u00e1n en funci\u00f3n de la rotaci\u00f3n.<\/em><\/p>\n\n\n\n<p><strong>\u00bfQu\u00e9 te ha aportado ser titulada por la UCLM?<\/strong><em> <\/em><em>Para m\u00ed, ser titulado por la UCLM ha significado un comienzo. Ha sido un muy buen comienzo en el que destaco la cercan\u00eda y la buena disposici\u00f3n de los profesores que forman la facultad. Acad\u00e9micamente hablando, est\u00e1 claro que el Grado en Bioqu\u00edmica me ha aportado muchos conocimientos que no ten\u00eda al entrar, pero que, al estar hablando de ciencias, hay que ir renovando continuamente.<\/em><\/p>\n","protected":false},"excerpt":{"rendered":"<p>Javier Laguna Moreno Bioqu\u00edmica (2015) Bi\u00f3logo Interno Residente \u00bfPor qu\u00e9 decidiste estudiar Bioqu\u00edmica?&nbsp;Siempre he querido estudiar algo relacionado con Ciencias. No ten\u00eda claro el qu\u00e9. Al principio pens\u00e9 en estudiar Qu\u00edmica, pero, finalmente en los \u00faltimos meses de Bachillerato, me decant\u00e9 por Bioqu\u00edmica. Lo hice, sobre todo, por curiosidad y porque, aunque no lo ten\u00eda &hellip; <\/p>\n<p class=\"link-more\"><a href=\"https:\/\/blog.uclm.es\/egresadosbioamb\/2023\/01\/19\/3140\/\" class=\"more-link\">Continuar leyendo<span class=\"screen-reader-text\"> \u00ab\u00bb<\/span><\/a><\/p>\n","protected":false},"author":163,"featured_media":0,"comment_status":"closed","ping_status":"closed","sticky":false,"template":"","format":"standard","meta":{"footnotes":""},"categories":[28],"tags":[],"class_list":["post-3140","post","type-post","status-publish","format-standard","hentry","category-alumnos-bioquimica"],"_links":{"self":[{"href":"https:\/\/blog.uclm.es\/egresadosbioamb\/wp-json\/wp\/v2\/posts\/3140","targetHints":{"allow":["GET"]}}],"collection":[{"href":"https:\/\/blog.uclm.es\/egresadosbioamb\/wp-json\/wp\/v2\/posts"}],"about":[{"href":"https:\/\/blog.uclm.es\/egresadosbioamb\/wp-json\/wp\/v2\/types\/post"}],"author":[{"embeddable":true,"href":"https:\/\/blog.uclm.es\/egresadosbioamb\/wp-json\/wp\/v2\/users\/163"}],"replies":[{"embeddable":true,"href":"https:\/\/blog.uclm.es\/egresadosbioamb\/wp-json\/wp\/v2\/comments?post=3140"}],"version-history":[{"count":1,"href":"https:\/\/blog.uclm.es\/egresadosbioamb\/wp-json\/wp\/v2\/posts\/3140\/revisions"}],"predecessor-version":[{"id":3141,"href":"https:\/\/blog.uclm.es\/egresadosbioamb\/wp-json\/wp\/v2\/posts\/3140\/revisions\/3141"}],"wp:attachment":[{"href":"https:\/\/blog.uclm.es\/egresadosbioamb\/wp-json\/wp\/v2\/media?parent=3140"}],"wp:term":[{"taxonomy":"category","embeddable":true,"href":"https:\/\/blog.uclm.es\/egresadosbioamb\/wp-json\/wp\/v2\/categories?post=3140"},{"taxonomy":"post_tag","embeddable":true,"href":"https:\/\/blog.uclm.es\/egresadosbioamb\/wp-json\/wp\/v2\/tags?post=3140"}],"curies":[{"name":"wp","href":"https:\/\/api.w.org\/{rel}","templated":true}]}}