{"id":3129,"date":"2023-01-18T17:02:52","date_gmt":"2023-01-18T17:02:52","guid":{"rendered":"https:\/\/blog.uclm.es\/egresadosbioamb\/?p=3129"},"modified":"2023-01-18T17:02:52","modified_gmt":"2023-01-18T17:02:52","slug":"3129","status":"publish","type":"post","link":"https:\/\/blog.uclm.es\/egresadosbioamb\/2023\/01\/18\/3129\/","title":{"rendered":""},"content":{"rendered":"\n<div class=\"wp-block-columns is-layout-flex wp-container-core-columns-is-layout-9d6595d7 wp-block-columns-is-layout-flex\">\n<div class=\"wp-block-column is-layout-flow wp-block-column-is-layout-flow\" style=\"flex-basis:33.33%\">\n<figure class=\"wp-block-image size-full\"><img loading=\"lazy\" decoding=\"async\" width=\"627\" height=\"603\" src=\"https:\/\/blog.uclm.es\/egresadosbioamb\/wp-content\/uploads\/sites\/173\/2020\/05\/julia.jpg\" alt=\"\" class=\"wp-image-2517\" srcset=\"https:\/\/blog.uclm.es\/egresadosbioamb\/wp-content\/uploads\/sites\/173\/2020\/05\/julia.jpg 627w, https:\/\/blog.uclm.es\/egresadosbioamb\/wp-content\/uploads\/sites\/173\/2020\/05\/julia-300x289.jpg 300w\" sizes=\"auto, (max-width: 627px) 100vw, 627px\" \/><\/figure>\n<\/div>\n\n\n\n<div class=\"wp-block-column is-layout-flow wp-block-column-is-layout-flow\" style=\"flex-basis:66.66%\">\n<p><strong>Julia Aresti<\/strong><\/p>\n\n\n\n<p>Bioquimica (2015)<\/p>\n\n\n\n<p><strong>Estudiante de doctorado<\/strong><\/p>\n<\/div>\n<\/div>\n\n\n\n<p><strong>\u00bfPor qu\u00e9 decidiste estudiar Bioqu\u00edmica?&nbsp;<\/strong><em>Desde el instituto comenzaron a fascinarme todos los procesos moleculares que rigen la vida y entend\u00ed que estudiar eso era la base para poder dedicarme a investigar con la finalidad de aplicar estos mecanismos a la cura de enfermedades. Sin embargo, hasta el \u00faltimo momento segu\u00eda sin saber que carrera elegir; qu\u00edmica, biolog\u00eda, medicina\u2026 Fue justo en mi a\u00f1o de selectividad cuando se implant\u00f3 el grado en Bioqu\u00edmica en la UCLM que englobaba exactamente lo que yo estaba buscando.<\/em><\/p>\n\n\n\n<p><strong>\u00bfCu\u00e1l ha sido tu trayectoria profesional?<\/strong>&nbsp;<em>Tras graduarme en la UCLM ten\u00eda claro que quer\u00eda salir de Espa\u00f1a para ampliar mi formaci\u00f3n tanto a nivel profesional como personal, as\u00ed como para tener mejores oportunidades dada la situaci\u00f3n econ\u00f3mica en nuestro pa\u00eds por aquel entonces. Termin\u00e9 el grado de Bioqu\u00edmica en diciembre de 2015 y Holanda era uno de los pocos pa\u00edses europeos donde el curso acad\u00e9mico tambi\u00e9n se pod\u00eda iniciar en febrero, as\u00ed que con esta opci\u00f3n no perd\u00eda unos cuantos meses de espera hasta septiembre. Finalmente, eleg\u00ed el Master Molecular Biology and Biotechnology de la Universidad de Groningen, cursando la especializaci\u00f3n de investigaci\u00f3n que ofrec\u00eda un 70% de los cr\u00e9ditos repartidos en dos proyectos de investigaci\u00f3n en diferentes grupos. Esto me permiti\u00f3 adquirir una extensa preparaci\u00f3n para mi siguiente objetivo que era la tesis doctoral. Adem\u00e1s, fue una gran experiencia a nivel personal en un pa\u00eds muy multicultural, que tiene el sistema educativo y la investigaci\u00f3n como pilares de la sociedad y donde he vivido cosas incre\u00edbles como ser testigo del otorgamiento del Premio Nobel a uno de nuestros profesores, Ben Feringa.&nbsp; Mientras finalizaba mi segundo proyecto de master, tuve una oferta de mi mentor para un proyecto de doctorado que estaba pendiente de recibir financiaci\u00f3n. Entre tanto, recib\u00ed una segunda oferta de otra profesora de la universidad cuyo trabajo me fascin\u00f3 y decid\u00ed iniciar mi doctorado con ella.<\/em><\/p>\n\n\n\n<p><strong>\u00bfQu\u00e9 funciones desempe\u00f1as en tu trabajo actual?<\/strong><em>\u00a0Actualmente me encuentro en el tercer a\u00f1o de mi doctorado en el grupo de investigaci\u00f3n Host-Microbe Interactions de la profesora Sahar El Aidy.\u00a0 Adem\u00e1s, mi proyecto es una colaboraci\u00f3n entre dos grupos y realizo el 50% de mi trabajo en el grupo de Analytical Biochemistry que forma parte del hospital universitario de Groningen (UMCG). Con la profesora El Aidy, investigamos la microbiota intestinal, enfoc\u00e1ndonos en las bacterias y su actividad metab\u00f3lica. Tratamos de descifrar los mecanismos moleculares a trav\u00e9s de los cuales esta gran comunidad de bacterias es capaz de regular nuestro sistema neuroinmune y como alteraciones en el equilibrio de la microbiota pueden traducirse en diferentes enfermedades. En nuestro caso, nos centramos en enfermedades neurol\u00f3gicas o neuropsiqui\u00e1tricas (Parkinson, depresi\u00f3n, trastorno de d\u00e9ficit de atenci\u00f3n) y enfermedades inflamatorias intestinales. Por otro lado, parte de mi proyecto consiste en desarrollar una t\u00e9cnica anal\u00edtica para el descubrimiento de nuevos metabolitos bacterianos, jugando con diferentes t\u00e9cnicas cromatogr\u00e1ficas y combinando en l\u00ednea diferentes detectores y un espectr\u00f3metro de masas.<\/em><\/p>\n\n\n\n<p><strong>\u00bfQu\u00e9 te ha aportado haber estudiado en la UCLM?<\/strong><em> <\/em><em>Haberme graduado en la UCLM me ha aportado una amplia base de conocimientos gracias al amplio abanico cubierto en todo el conjunto de asignaturas, que me ha permitido elegir entre una variedad de programas de m\u00e1ster para los que estaba bien preparada. Adem\u00e1s, ha sido una gran experiencia a nivel personal en una universidad donde se respira un ambiente familiar y de cercan\u00eda entre profesorado y estudiantes.<\/em><\/p>\n","protected":false},"excerpt":{"rendered":"<p>Julia Aresti Bioquimica (2015) Estudiante de doctorado \u00bfPor qu\u00e9 decidiste estudiar Bioqu\u00edmica?&nbsp;Desde el instituto comenzaron a fascinarme todos los procesos moleculares que rigen la vida y entend\u00ed que estudiar eso era la base para poder dedicarme a investigar con la finalidad de aplicar estos mecanismos a la cura de enfermedades. Sin embargo, hasta el \u00faltimo &hellip; <\/p>\n<p class=\"link-more\"><a href=\"https:\/\/blog.uclm.es\/egresadosbioamb\/2023\/01\/18\/3129\/\" class=\"more-link\">Continuar leyendo<span class=\"screen-reader-text\"> \u00ab\u00bb<\/span><\/a><\/p>\n","protected":false},"author":163,"featured_media":0,"comment_status":"closed","ping_status":"closed","sticky":false,"template":"","format":"standard","meta":{"footnotes":""},"categories":[28],"tags":[],"class_list":["post-3129","post","type-post","status-publish","format-standard","hentry","category-alumnos-bioquimica"],"_links":{"self":[{"href":"https:\/\/blog.uclm.es\/egresadosbioamb\/wp-json\/wp\/v2\/posts\/3129","targetHints":{"allow":["GET"]}}],"collection":[{"href":"https:\/\/blog.uclm.es\/egresadosbioamb\/wp-json\/wp\/v2\/posts"}],"about":[{"href":"https:\/\/blog.uclm.es\/egresadosbioamb\/wp-json\/wp\/v2\/types\/post"}],"author":[{"embeddable":true,"href":"https:\/\/blog.uclm.es\/egresadosbioamb\/wp-json\/wp\/v2\/users\/163"}],"replies":[{"embeddable":true,"href":"https:\/\/blog.uclm.es\/egresadosbioamb\/wp-json\/wp\/v2\/comments?post=3129"}],"version-history":[{"count":1,"href":"https:\/\/blog.uclm.es\/egresadosbioamb\/wp-json\/wp\/v2\/posts\/3129\/revisions"}],"predecessor-version":[{"id":3135,"href":"https:\/\/blog.uclm.es\/egresadosbioamb\/wp-json\/wp\/v2\/posts\/3129\/revisions\/3135"}],"wp:attachment":[{"href":"https:\/\/blog.uclm.es\/egresadosbioamb\/wp-json\/wp\/v2\/media?parent=3129"}],"wp:term":[{"taxonomy":"category","embeddable":true,"href":"https:\/\/blog.uclm.es\/egresadosbioamb\/wp-json\/wp\/v2\/categories?post=3129"},{"taxonomy":"post_tag","embeddable":true,"href":"https:\/\/blog.uclm.es\/egresadosbioamb\/wp-json\/wp\/v2\/tags?post=3129"}],"curies":[{"name":"wp","href":"https:\/\/api.w.org\/{rel}","templated":true}]}}