{"id":3118,"date":"2023-01-18T16:35:27","date_gmt":"2023-01-18T16:35:27","guid":{"rendered":"https:\/\/blog.uclm.es\/egresadosbioamb\/?p=3118"},"modified":"2023-01-18T16:35:27","modified_gmt":"2023-01-18T16:35:27","slug":"3118","status":"publish","type":"post","link":"https:\/\/blog.uclm.es\/egresadosbioamb\/2023\/01\/18\/3118\/","title":{"rendered":""},"content":{"rendered":"\n<div class=\"wp-block-columns is-layout-flex wp-container-core-columns-is-layout-9d6595d7 wp-block-columns-is-layout-flex\">\n<div class=\"wp-block-column is-layout-flow wp-block-column-is-layout-flow\" style=\"flex-basis:33.33%\">\n<figure class=\"wp-block-image size-large\"><img loading=\"lazy\" decoding=\"async\" width=\"1024\" height=\"954\" src=\"https:\/\/blog.uclm.es\/egresadosbioamb\/wp-content\/uploads\/sites\/173\/2016\/11\/Foto_maria-1024x954.jpg\" alt=\"\" class=\"wp-image-343\" srcset=\"https:\/\/blog.uclm.es\/egresadosbioamb\/wp-content\/uploads\/sites\/173\/2016\/11\/Foto_maria-1024x954.jpg 1024w, https:\/\/blog.uclm.es\/egresadosbioamb\/wp-content\/uploads\/sites\/173\/2016\/11\/Foto_maria-300x279.jpg 300w, https:\/\/blog.uclm.es\/egresadosbioamb\/wp-content\/uploads\/sites\/173\/2016\/11\/Foto_maria-768x715.jpg 768w, https:\/\/blog.uclm.es\/egresadosbioamb\/wp-content\/uploads\/sites\/173\/2016\/11\/Foto_maria-1536x1430.jpg 1536w, https:\/\/blog.uclm.es\/egresadosbioamb\/wp-content\/uploads\/sites\/173\/2016\/11\/Foto_maria-2048x1907.jpg 2048w\" sizes=\"auto, (max-width: 706px) 89vw, (max-width: 767px) 82vw, 740px\" \/><\/figure>\n<\/div>\n\n\n\n<div class=\"wp-block-column is-layout-flow wp-block-column-is-layout-flow\" style=\"flex-basis:66.66%\">\n<p><strong>Mar\u00eda Caberta de la Cruz<\/strong><\/p>\n\n\n\n<p>Ciencias Ambientales (2007)<\/p>\n\n\n\n<p><strong>T\u00e9cnico Superior en Residuos Industriales de GEACAM<\/strong><\/p>\n<\/div>\n<\/div>\n\n\n\n<p><strong>\u00bfPor qu\u00e9 decidiste estudiar Ciencias Ambientales?&nbsp;<\/strong><em>Existen varias razones por las que me decant\u00e9 a estudiar Ciencias Ambientales. La que m\u00e1s peso cobr\u00f3 en su momento fue mi inter\u00e9s desde muy peque\u00f1a por el cuidado del medio ambiente. Siempre he tenido una sensibilidad especial por el impacto del ser humano en el medio ambiente, las consecuencias del cambio clim\u00e1tico y la b\u00fasqueda del equilibrio entre un desarrollo econ\u00f3mico-social y el cuidado del medio. All\u00e1 por 2002, Ciencias Ambientales era una licenciatura nueva, pero bastante bien vendida hacia los estudiantes de bachillerato, cuyo programa de estudios recog\u00eda perfectamente las disciplinas y supuestamente las salidas profesionales con las que yo cre\u00eda poder sentirme m\u00e1s c\u00f3moda y realizada. Si esto no era suficiente, una de mis primas estaba finalizando el segundo curso de esta carrera, por lo que conoc\u00eda de primera mano en qu\u00e9 consist\u00eda. Pero en la decisi\u00f3n influy\u00f3 un factor m\u00e1s, la cercan\u00eda del centro universitario a mi casa ayudaba a hacer m\u00e1s&nbsp; desahogada la situaci\u00f3n econ\u00f3mica de mis padres.&nbsp;A pesar de este gran n\u00famero de aspectos a&nbsp; favor, reconozco que tuve una gran duda que rond\u00f3 mucho tiempo por mi cabeza. La tradicional buena valoraci\u00f3n social de las ingenier\u00edas, me hicieron dudar sobre lo que podr\u00eda ser mejor para mi futuro. Definitivamente, mis gustos y las razones econ\u00f3micas decidieron la balanza.<\/em><\/p>\n\n\n\n<p><strong>\u00bfCu\u00e1l ha sido tu trayectoria profesional?&nbsp;<\/strong><em>A pesar de que finalic\u00e9 la Licenciatura en septiembre de 2007, realmente mi trayectoria profesional no empez\u00f3 hasta febrero de 2010. Durante esos a\u00f1os intermedios decid\u00ed continuar mi formaci\u00f3n, as\u00ed como probar suerte con las Oposiciones de Licenciado en Ciencias Ambientales que la Junta de Comunidades convoc\u00f3 en 2009.<\/em>&nbsp;<em>Volviendo a lo que laboralmente respecta, toda mi carrera profesional se ha desarrollado en la empresa p\u00fablica GEACAM, S.A. En estos casi siete a\u00f1os he cambiado en varias ocasiones de puesto. Mi primera etapa se desarroll\u00f3 paralelamente entre la asistencia t\u00e9cnica de Calidad Ambiental y Evaluaci\u00f3n de Impacto Ambiental. En 2012 pas\u00e9 a formar parte de la asistencia t\u00e9cnica de Red Natural dedicada a la redacci\u00f3n de los Planes de Gesti\u00f3n de la Red Natura 2000 en la provincia de Guadalajara. En 2015 volv\u00ed a Toledo para incorporarme a la asistencia t\u00e9cnica de Residuos Industriales, la cual trabaja para el Servicio de Planificaci\u00f3n Ambiental de la Junta de Comunidades de Castilla-La Mancha.<\/em><\/p>\n\n\n\n<p><strong>\u00bfQu\u00e9 funciones desempe\u00f1as en tu trabajo actual?<\/strong>&nbsp;<em>Actualmente doy apoyo al Servicio de Planificaci\u00f3n Ambiental de la Viceconsejer\u00eda de Medio Ambiente de la Junta de Comunidades de Castilla-La Mancha. Entre las muchas funciones que llevo a cabo se encuentra la redacci\u00f3n y ejecuci\u00f3n de los diferentes planes de gesti\u00f3n de residuos de Castilla-La Mancha, adem\u00e1s de impulsar diferentes proyectos europeos relacionados con las competencias de este Servicio<\/em><\/p>\n\n\n\n<p><strong>\u00bfQu\u00e9 te ha aportado ser titulado por la UCLM?<\/strong>&nbsp;<em>Principalmente estudiar en la UCLM me ha permitido optar a pr\u00e1cticas no remuneradas en las diferentes Delegaciones Provinciales de la Junta de Comunidades de Castilla-La Mancha, las cuales posteriormente me hicieron m\u00e1s f\u00e1cil mi acceso al mundo laboral.<\/em><\/p>\n","protected":false},"excerpt":{"rendered":"<p>Mar\u00eda Caberta de la Cruz Ciencias Ambientales (2007) T\u00e9cnico Superior en Residuos Industriales de GEACAM \u00bfPor qu\u00e9 decidiste estudiar Ciencias Ambientales?&nbsp;Existen varias razones por las que me decant\u00e9 a estudiar Ciencias Ambientales. La que m\u00e1s peso cobr\u00f3 en su momento fue mi inter\u00e9s desde muy peque\u00f1a por el cuidado del medio ambiente. Siempre he tenido &hellip; <\/p>\n<p class=\"link-more\"><a href=\"https:\/\/blog.uclm.es\/egresadosbioamb\/2023\/01\/18\/3118\/\" class=\"more-link\">Continuar leyendo<span class=\"screen-reader-text\"> \u00ab\u00bb<\/span><\/a><\/p>\n","protected":false},"author":163,"featured_media":0,"comment_status":"closed","ping_status":"closed","sticky":false,"template":"","format":"standard","meta":{"footnotes":""},"categories":[27],"tags":[],"class_list":["post-3118","post","type-post","status-publish","format-standard","hentry","category-alumnos-ciencias-ambientales"],"_links":{"self":[{"href":"https:\/\/blog.uclm.es\/egresadosbioamb\/wp-json\/wp\/v2\/posts\/3118","targetHints":{"allow":["GET"]}}],"collection":[{"href":"https:\/\/blog.uclm.es\/egresadosbioamb\/wp-json\/wp\/v2\/posts"}],"about":[{"href":"https:\/\/blog.uclm.es\/egresadosbioamb\/wp-json\/wp\/v2\/types\/post"}],"author":[{"embeddable":true,"href":"https:\/\/blog.uclm.es\/egresadosbioamb\/wp-json\/wp\/v2\/users\/163"}],"replies":[{"embeddable":true,"href":"https:\/\/blog.uclm.es\/egresadosbioamb\/wp-json\/wp\/v2\/comments?post=3118"}],"version-history":[{"count":1,"href":"https:\/\/blog.uclm.es\/egresadosbioamb\/wp-json\/wp\/v2\/posts\/3118\/revisions"}],"predecessor-version":[{"id":3121,"href":"https:\/\/blog.uclm.es\/egresadosbioamb\/wp-json\/wp\/v2\/posts\/3118\/revisions\/3121"}],"wp:attachment":[{"href":"https:\/\/blog.uclm.es\/egresadosbioamb\/wp-json\/wp\/v2\/media?parent=3118"}],"wp:term":[{"taxonomy":"category","embeddable":true,"href":"https:\/\/blog.uclm.es\/egresadosbioamb\/wp-json\/wp\/v2\/categories?post=3118"},{"taxonomy":"post_tag","embeddable":true,"href":"https:\/\/blog.uclm.es\/egresadosbioamb\/wp-json\/wp\/v2\/tags?post=3118"}],"curies":[{"name":"wp","href":"https:\/\/api.w.org\/{rel}","templated":true}]}}