{"id":3111,"date":"2023-01-18T16:23:48","date_gmt":"2023-01-18T16:23:48","guid":{"rendered":"https:\/\/blog.uclm.es\/egresadosbioamb\/?p=3111"},"modified":"2023-01-18T16:23:48","modified_gmt":"2023-01-18T16:23:48","slug":"3111","status":"publish","type":"post","link":"https:\/\/blog.uclm.es\/egresadosbioamb\/2023\/01\/18\/3111\/","title":{"rendered":""},"content":{"rendered":"\n<div class=\"wp-block-columns is-layout-flex wp-container-core-columns-is-layout-9d6595d7 wp-block-columns-is-layout-flex\">\n<div class=\"wp-block-column is-layout-flow wp-block-column-is-layout-flow\" style=\"flex-basis:33.33%\">\n<figure class=\"wp-block-image size-full\"><img loading=\"lazy\" decoding=\"async\" width=\"733\" height=\"684\" src=\"https:\/\/blog.uclm.es\/egresadosbioamb\/wp-content\/uploads\/sites\/173\/2016\/11\/Imagen3.png\" alt=\"\" class=\"wp-image-364\" srcset=\"https:\/\/blog.uclm.es\/egresadosbioamb\/wp-content\/uploads\/sites\/173\/2016\/11\/Imagen3.png 733w, https:\/\/blog.uclm.es\/egresadosbioamb\/wp-content\/uploads\/sites\/173\/2016\/11\/Imagen3-300x280.png 300w\" sizes=\"auto, (max-width: 733px) 100vw, 733px\" \/><\/figure>\n<\/div>\n\n\n\n<div class=\"wp-block-column is-layout-flow wp-block-column-is-layout-flow\" style=\"flex-basis:66.66%\">\n<p><strong>Ana Isabel Delgado Belmar<\/strong><\/p>\n\n\n\n<p>Ciencias Ambientales (2004)<\/p>\n\n\n\n<p><strong>Consultora ambiental<\/strong><\/p>\n<\/div>\n<\/div>\n\n\n\n<p><strong>\u00bfPor qu\u00e9 decidiste estudiar Ciencias Ambientales?&nbsp;<\/strong><em>Me parec\u00eda evidente la necesidad de este tipo de profesionales en muchos sectores, desde la educaci\u00f3n, la industria, la propia administraci\u00f3n. Eran evidentes tantos aspectos a tratar en los que era necesaria la intervenci\u00f3n de la ciencia aplicada a la conservaci\u00f3n que las expectativas laborales eran muy buenas.<\/em><br><em>No obstante, tambi\u00e9n tuve en cuenta qu\u00e9 es lo que me gustar\u00eda saber. A sabiendas de que, probablemente, estudiar una carrera no fuera a darme un empleo.&nbsp;Respecto al segundo aspecto estoy bastante satisfecha. Los contenidos, las t\u00e9cnicas y los docentes estuvieron a la altura de mis expectativas. Sobre lo primero, me considero afortunada, pero he aprendido con el tiempo que no hay m\u00e1s demanda de empleo sobre lo que \u00e9ticamente es necesario, sino que a veces las ofertas de empleo se basan m\u00e1s en la rentabilidad econ\u00f3mica que en la sostenibilidad ambiental.<\/em><\/p>\n\n\n\n<p><strong>\u00bfCu\u00e1l ha sido tu trayectoria profesional?&nbsp;<\/strong><em>Antes de acabar el entonces PFC empec\u00e9 haciendo unas pr\u00e1cticas en una consultora de Toledo. Me gustar\u00eda destacar que, aunque el anuncio estaba publicado en los tablones f\u00edsicos en la Facultad, la empresa solo recibi\u00f3 mi CV y en de mi compa\u00f1era de piso\u2026Me llam\u00f3 bastante la atenci\u00f3n en ese momento.<\/em><em><br>Cuando acab\u00e9 las pr\u00e1cticas, durante las cuales me propusieron conseguir clientes para un proyecto a cambio de mi futura contrataci\u00f3n, consegu\u00ed el contrato. Trabaj\u00e9 en un peque\u00f1o equipo formado por un gerente y compa\u00f1eras de la Facultad (5 en el momento que m\u00e1s fuimos, y 2 en el que menos). Siempre hubo gente de pr\u00e1cticas. Con todos me gust\u00f3 trabajar y ayudarles a aprender aceleradamente como buscarse la vida en este sector. Esto dur\u00f3 hasta diciembre de 2011, me despidieron el d\u00eda de los santos inocentes con una patada, sin indemnizaci\u00f3n y debi\u00e9ndome dinero. En ese momento me di cuenta que no les deb\u00eda nada. Que todo lo que hab\u00eda aprendido all\u00ed hab\u00eda sido gracias a las capacidades que se me hab\u00edan despertado en la Facultad. Leer, consultar, aplicar y presentar, as\u00ed como defender tu trabajo con responsabilidad. Los proyectos en los que trabaj\u00e9 durante este tiempo fueron principalmente implantaciones y mantenimientos de normas ISO 9001 Y 14001, tambi\u00e9n algunos EMAS, auditor\u00edas de conformidad con la legislaci\u00f3n ambiental y elaboraci\u00f3n de gu\u00edas y manuales relacionados con la legislaci\u00f3n ambiental y dirigidos a sectores concretos.<\/em><\/p>\n\n\n\n<p><strong>\u00bfQu\u00e9 funciones desempe\u00f1as en tu trabajo actual?<\/strong>\u00a0<em>Sigo trabajando como consultora independiente, con los clientes que han sobrevivido a la crisis. No tengo trabajo para todos los meses del a\u00f1o pero intento seguir en activo y adem\u00e1s emprender otros caminos.<\/em><\/p>\n\n\n\n<p><strong>\u00bfQu\u00e9 te ha aportado ser titulado por la UCLM?<\/strong><em> Creo que principalmente haber aprendido en un entorno joven, inconformista y exigente. Esa creo que es la diferencia fundamental con otras Facultades. Adem\u00e1s, tambi\u00e9n el hecho de que la Facultad fuera nueva, las instalaciones eran un lujo y los profesores muy motivados.<\/em><\/p>\n","protected":false},"excerpt":{"rendered":"<p>Ana Isabel Delgado Belmar Ciencias Ambientales (2004) Consultora ambiental \u00bfPor qu\u00e9 decidiste estudiar Ciencias Ambientales?&nbsp;Me parec\u00eda evidente la necesidad de este tipo de profesionales en muchos sectores, desde la educaci\u00f3n, la industria, la propia administraci\u00f3n. Eran evidentes tantos aspectos a tratar en los que era necesaria la intervenci\u00f3n de la ciencia aplicada a la conservaci\u00f3n &hellip; <\/p>\n<p class=\"link-more\"><a href=\"https:\/\/blog.uclm.es\/egresadosbioamb\/2023\/01\/18\/3111\/\" class=\"more-link\">Continuar leyendo<span class=\"screen-reader-text\"> \u00ab\u00bb<\/span><\/a><\/p>\n","protected":false},"author":163,"featured_media":0,"comment_status":"closed","ping_status":"closed","sticky":false,"template":"","format":"standard","meta":{"footnotes":""},"categories":[27],"tags":[],"class_list":["post-3111","post","type-post","status-publish","format-standard","hentry","category-alumnos-ciencias-ambientales"],"_links":{"self":[{"href":"https:\/\/blog.uclm.es\/egresadosbioamb\/wp-json\/wp\/v2\/posts\/3111","targetHints":{"allow":["GET"]}}],"collection":[{"href":"https:\/\/blog.uclm.es\/egresadosbioamb\/wp-json\/wp\/v2\/posts"}],"about":[{"href":"https:\/\/blog.uclm.es\/egresadosbioamb\/wp-json\/wp\/v2\/types\/post"}],"author":[{"embeddable":true,"href":"https:\/\/blog.uclm.es\/egresadosbioamb\/wp-json\/wp\/v2\/users\/163"}],"replies":[{"embeddable":true,"href":"https:\/\/blog.uclm.es\/egresadosbioamb\/wp-json\/wp\/v2\/comments?post=3111"}],"version-history":[{"count":1,"href":"https:\/\/blog.uclm.es\/egresadosbioamb\/wp-json\/wp\/v2\/posts\/3111\/revisions"}],"predecessor-version":[{"id":3113,"href":"https:\/\/blog.uclm.es\/egresadosbioamb\/wp-json\/wp\/v2\/posts\/3111\/revisions\/3113"}],"wp:attachment":[{"href":"https:\/\/blog.uclm.es\/egresadosbioamb\/wp-json\/wp\/v2\/media?parent=3111"}],"wp:term":[{"taxonomy":"category","embeddable":true,"href":"https:\/\/blog.uclm.es\/egresadosbioamb\/wp-json\/wp\/v2\/categories?post=3111"},{"taxonomy":"post_tag","embeddable":true,"href":"https:\/\/blog.uclm.es\/egresadosbioamb\/wp-json\/wp\/v2\/tags?post=3111"}],"curies":[{"name":"wp","href":"https:\/\/api.w.org\/{rel}","templated":true}]}}