{"id":3107,"date":"2023-01-18T16:19:51","date_gmt":"2023-01-18T16:19:51","guid":{"rendered":"https:\/\/blog.uclm.es\/egresadosbioamb\/?p=3107"},"modified":"2023-01-18T16:19:51","modified_gmt":"2023-01-18T16:19:51","slug":"3107","status":"publish","type":"post","link":"https:\/\/blog.uclm.es\/egresadosbioamb\/2023\/01\/18\/3107\/","title":{"rendered":""},"content":{"rendered":"\n<div class=\"wp-block-columns is-layout-flex wp-container-core-columns-is-layout-9d6595d7 wp-block-columns-is-layout-flex\">\n<div class=\"wp-block-column is-layout-flow wp-block-column-is-layout-flow\" style=\"flex-basis:33.33%\">\n<figure class=\"wp-block-image size-full\"><img loading=\"lazy\" decoding=\"async\" width=\"577\" height=\"324\" src=\"https:\/\/blog.uclm.es\/egresadosbioamb\/wp-content\/uploads\/sites\/173\/2016\/12\/mtd.jpg\" alt=\"\" class=\"wp-image-342\" srcset=\"https:\/\/blog.uclm.es\/egresadosbioamb\/wp-content\/uploads\/sites\/173\/2016\/12\/mtd.jpg 577w, https:\/\/blog.uclm.es\/egresadosbioamb\/wp-content\/uploads\/sites\/173\/2016\/12\/mtd-300x168.jpg 300w\" sizes=\"auto, (max-width: 577px) 100vw, 577px\" \/><\/figure>\n<\/div>\n\n\n\n<div class=\"wp-block-column is-layout-flow wp-block-column-is-layout-flow\" style=\"flex-basis:66.66%\">\n<p><strong>M\u00aa Mercedes Tajuelo D\u00edaz-Pav\u00f3n<\/strong><\/p>\n\n\n\n<p>Graduada en Ciencias Ambientales (2014)<\/p>\n\n\n\n<p><strong>Estudiante de doctorado<\/strong><\/p>\n<\/div>\n<\/div>\n\n\n\n<p><strong>\u00bfPor qu\u00e9 decidiste estudiar Ciencias Ambientales?&nbsp;<\/strong><em>Decid\u00ed estudiar Ciencias Ambientales, porque al ser una carrera tan multidisciplinar me pareci\u00f3 ideal para retomar los estudios, ya que en mi caso comenc\u00e9 esta carrera a la edad de treinta y ocho a\u00f1os.<\/em><\/p>\n\n\n\n<p><strong>\u00bfCu\u00e1l ha sido tu trayectoria profesional?&nbsp;<\/strong><em>Despu\u00e9s del Grado en Ciencias Ambientales, hice el m\u00e1ster \u00abM.U. en Sostenibilidad Ambiental en el Desarrollo Local y Territorial\u00bb, en la Facultad de Ciencias Ambientales y Bioqu\u00edmica de Toledo. Nada m\u00e1s acabar el M\u00e1ster, consegu\u00ed una beca de iniciaci\u00f3n a la investigaci\u00f3n de la Universidad de Castilla-La Mancha. El trabajo de dicha beca, lo desarroll\u00e9 en el departamento de Qu\u00edmica F\u00edsica, de la Facultad de Ciencias Ambientales y Bioqu\u00edmica de Toledo, bajo la direcci\u00f3n de D\u00aa Diana Rodr\u00edguez Rodr\u00edguez y D\u00aa Ana Mar\u00eda Rodr\u00edguez Cervantes. A continuaci\u00f3n, disfrut\u00e9 de un contrato como personal investigador, con el proyecto: \u00abCaracterizaci\u00f3n y reactividad atmosf\u00e9rica de las emisiones derivadas del uso de nuevos combustibles, contribuci\u00f3n a la contaminaci\u00f3n urbana y cambio clim\u00e1tico\u00bb. Este trabajo lo realic\u00e9 en el mismo departamento que la beca de iniciaci\u00f3n a la investigaci\u00f3n.<\/em><\/p>\n\n\n\n<p><strong>\u00bfQu\u00e9 funciones desempe\u00f1as en tu trabajo actual?<\/strong>\u00a0<em>En la actualidad acabo de comenzar mi Tesis Doctoral, gracias a que este a\u00f1o he conseguido una beca FPU (Ayudas para la formaci\u00f3n de profesorado universitario) del Ministerio de Educaci\u00f3n y Cultura. La Tesis la estoy realizando bajo la direcci\u00f3n de D\u00aa Diana Rodr\u00edguez Rodr\u00edguez, en el mismo departamento en el que he llevado a cabo los trabajos anteriores.<\/em><\/p>\n\n\n\n<p><strong>\u00bfQu\u00e9 te ha aportado ser titulado por la UCLM?<\/strong>\u00a0Tanto el trabajo de investigaci\u00f3n que he realizado en los \u00faltimos a\u00f1os, as\u00ed como, el poder comenzar mi Tesis Doctoral, se lo debo a que soy graduada por la UCLM.<\/p>\n","protected":false},"excerpt":{"rendered":"<p>M\u00aa Mercedes Tajuelo D\u00edaz-Pav\u00f3n Graduada en Ciencias Ambientales (2014) Estudiante de doctorado \u00bfPor qu\u00e9 decidiste estudiar Ciencias Ambientales?&nbsp;Decid\u00ed estudiar Ciencias Ambientales, porque al ser una carrera tan multidisciplinar me pareci\u00f3 ideal para retomar los estudios, ya que en mi caso comenc\u00e9 esta carrera a la edad de treinta y ocho a\u00f1os. \u00bfCu\u00e1l ha sido tu &hellip; <\/p>\n<p class=\"link-more\"><a href=\"https:\/\/blog.uclm.es\/egresadosbioamb\/2023\/01\/18\/3107\/\" class=\"more-link\">Continuar leyendo<span class=\"screen-reader-text\"> \u00ab\u00bb<\/span><\/a><\/p>\n","protected":false},"author":163,"featured_media":0,"comment_status":"closed","ping_status":"closed","sticky":false,"template":"","format":"standard","meta":{"footnotes":""},"categories":[27],"tags":[],"class_list":["post-3107","post","type-post","status-publish","format-standard","hentry","category-alumnos-ciencias-ambientales"],"_links":{"self":[{"href":"https:\/\/blog.uclm.es\/egresadosbioamb\/wp-json\/wp\/v2\/posts\/3107","targetHints":{"allow":["GET"]}}],"collection":[{"href":"https:\/\/blog.uclm.es\/egresadosbioamb\/wp-json\/wp\/v2\/posts"}],"about":[{"href":"https:\/\/blog.uclm.es\/egresadosbioamb\/wp-json\/wp\/v2\/types\/post"}],"author":[{"embeddable":true,"href":"https:\/\/blog.uclm.es\/egresadosbioamb\/wp-json\/wp\/v2\/users\/163"}],"replies":[{"embeddable":true,"href":"https:\/\/blog.uclm.es\/egresadosbioamb\/wp-json\/wp\/v2\/comments?post=3107"}],"version-history":[{"count":1,"href":"https:\/\/blog.uclm.es\/egresadosbioamb\/wp-json\/wp\/v2\/posts\/3107\/revisions"}],"predecessor-version":[{"id":3110,"href":"https:\/\/blog.uclm.es\/egresadosbioamb\/wp-json\/wp\/v2\/posts\/3107\/revisions\/3110"}],"wp:attachment":[{"href":"https:\/\/blog.uclm.es\/egresadosbioamb\/wp-json\/wp\/v2\/media?parent=3107"}],"wp:term":[{"taxonomy":"category","embeddable":true,"href":"https:\/\/blog.uclm.es\/egresadosbioamb\/wp-json\/wp\/v2\/categories?post=3107"},{"taxonomy":"post_tag","embeddable":true,"href":"https:\/\/blog.uclm.es\/egresadosbioamb\/wp-json\/wp\/v2\/tags?post=3107"}],"curies":[{"name":"wp","href":"https:\/\/api.w.org\/{rel}","templated":true}]}}