{"id":3105,"date":"2023-01-18T16:14:12","date_gmt":"2023-01-18T16:14:12","guid":{"rendered":"https:\/\/blog.uclm.es\/egresadosbioamb\/?p=3105"},"modified":"2023-01-18T16:14:12","modified_gmt":"2023-01-18T16:14:12","slug":"3105","status":"publish","type":"post","link":"https:\/\/blog.uclm.es\/egresadosbioamb\/2023\/01\/18\/3105\/","title":{"rendered":""},"content":{"rendered":"\n<div class=\"wp-block-columns is-layout-flex wp-container-core-columns-is-layout-9d6595d7 wp-block-columns-is-layout-flex\">\n<div class=\"wp-block-column is-layout-flow wp-block-column-is-layout-flow\" style=\"flex-basis:33.33%\">\n<figure class=\"wp-block-image size-full\"><img loading=\"lazy\" decoding=\"async\" width=\"246\" height=\"269\" src=\"https:\/\/blog.uclm.es\/egresadosbioamb\/wp-content\/uploads\/sites\/173\/2016\/12\/fot.jpg\" alt=\"\" class=\"wp-image-335\" \/><\/figure>\n<\/div>\n\n\n\n<div class=\"wp-block-column is-layout-flow wp-block-column-is-layout-flow\" style=\"flex-basis:66.66%\">\n<p><strong>Javier Rodr\u00edguez Argudo<\/strong><\/p>\n\n\n\n<p>Ciencias Ambientales (2012)<\/p>\n\n\n\n<p><strong>Departamento de operaciones en ECOVIDRIO<\/strong><\/p>\n<\/div>\n<\/div>\n\n\n\n<p><strong>\u00bfPor qu\u00e9 decidiste estudiar Ciencias Ambientales?&nbsp;<\/strong><em>Desde Bachillerato tuve claro la carrera que quer\u00eda realizar. Siempre me interes\u00f3 la interacci\u00f3n del ser humano con el entorno y c\u00f3mo remediar o minimizar los impactos que \u00e9ste produc\u00eda en \u00e9l y Ciencias Ambientales era la carrera id\u00f3nea para profundizar sobre estos temas.<\/em><\/p>\n\n\n\n<p><strong>\u00bfCu\u00e1l ha sido tu trayectoria profesional?&nbsp;<\/strong><em>Mi primer trabajo fue en el Departamento de Ingenier\u00eda Qu\u00edmica de la Universidad. A ra\u00edz de la realizaci\u00f3n del proyecto fin de carrera estuve durante dos cursos ayudando en un proyecto de investigaci\u00f3n.&nbsp; Posteriormente tuve la oportunidad de trabajar en la Fundaci\u00f3n Conama, ayudando en la organizaci\u00f3n del Congreso Nacional del Medio Ambiente que tuvo lugar en el a\u00f1o 2014. \u00c9stos fueron 6 meses muy positivos donde pude interactuar con muchos profesionales y empresas dentro del sector ambiental. Actualmente me encuentro trabajando en Ecovidrio, entidad que se encarga de la gesti\u00f3n del reciclado de envases de vidrio en Espa\u00f1a<\/em><\/p>\n\n\n\n<p><strong>\u00bfQu\u00e9 funciones desempe\u00f1as en tu trabajo actual?<\/strong>&nbsp;<em>En Ecovidrio actualmente estoy gestionando los convenios y autorizaciones que tiene la compa\u00f1\u00eda con los entes locales y las comunidades aut\u00f3nomas. Tambi\u00e9n estoy llevando el seguimiento de las caracterizaciones que se realizan en las plantas de tratamiento para saber la calidad del vidrio de la recogida..<\/em><\/p>\n\n\n\n<p><strong>\u00bfQu\u00e9 te ha aportado ser titulado por la UCLM?<\/strong><em>\u00a0Ser titulado por la UCLM me ha aportado unas bases de conocimiento s\u00f3lidas y que son necesarias para el posterior desarrollo profesional. El campus de F\u00e1brica de Armas de Toledo cuenta con todos los elementos necesarios y el entorno es envidiable. La carrera es multidisciplinar y abarca muchos \u00e1mbitos por lo que, en mi opini\u00f3n, cualquier titulado en CC Ambientales ver\u00e1 fortalecidas sus opciones laborales con una formaci\u00f3n adicional que le permita especializarse en aquel \u00e1mbito que le resulte de m\u00e1s inter\u00e9s. En mi caso yo llev\u00e9 acabo un M\u00e1ster en Gesti\u00f3n Ambiental en la Empresa.<\/em><\/p>\n","protected":false},"excerpt":{"rendered":"<p>Javier Rodr\u00edguez Argudo Ciencias Ambientales (2012) Departamento de operaciones en ECOVIDRIO \u00bfPor qu\u00e9 decidiste estudiar Ciencias Ambientales?&nbsp;Desde Bachillerato tuve claro la carrera que quer\u00eda realizar. Siempre me interes\u00f3 la interacci\u00f3n del ser humano con el entorno y c\u00f3mo remediar o minimizar los impactos que \u00e9ste produc\u00eda en \u00e9l y Ciencias Ambientales era la carrera id\u00f3nea &hellip; <\/p>\n<p class=\"link-more\"><a href=\"https:\/\/blog.uclm.es\/egresadosbioamb\/2023\/01\/18\/3105\/\" class=\"more-link\">Continuar leyendo<span class=\"screen-reader-text\"> \u00ab\u00bb<\/span><\/a><\/p>\n","protected":false},"author":163,"featured_media":0,"comment_status":"closed","ping_status":"closed","sticky":false,"template":"","format":"standard","meta":{"footnotes":""},"categories":[27],"tags":[],"class_list":["post-3105","post","type-post","status-publish","format-standard","hentry","category-alumnos-ciencias-ambientales"],"_links":{"self":[{"href":"https:\/\/blog.uclm.es\/egresadosbioamb\/wp-json\/wp\/v2\/posts\/3105","targetHints":{"allow":["GET"]}}],"collection":[{"href":"https:\/\/blog.uclm.es\/egresadosbioamb\/wp-json\/wp\/v2\/posts"}],"about":[{"href":"https:\/\/blog.uclm.es\/egresadosbioamb\/wp-json\/wp\/v2\/types\/post"}],"author":[{"embeddable":true,"href":"https:\/\/blog.uclm.es\/egresadosbioamb\/wp-json\/wp\/v2\/users\/163"}],"replies":[{"embeddable":true,"href":"https:\/\/blog.uclm.es\/egresadosbioamb\/wp-json\/wp\/v2\/comments?post=3105"}],"version-history":[{"count":1,"href":"https:\/\/blog.uclm.es\/egresadosbioamb\/wp-json\/wp\/v2\/posts\/3105\/revisions"}],"predecessor-version":[{"id":3106,"href":"https:\/\/blog.uclm.es\/egresadosbioamb\/wp-json\/wp\/v2\/posts\/3105\/revisions\/3106"}],"wp:attachment":[{"href":"https:\/\/blog.uclm.es\/egresadosbioamb\/wp-json\/wp\/v2\/media?parent=3105"}],"wp:term":[{"taxonomy":"category","embeddable":true,"href":"https:\/\/blog.uclm.es\/egresadosbioamb\/wp-json\/wp\/v2\/categories?post=3105"},{"taxonomy":"post_tag","embeddable":true,"href":"https:\/\/blog.uclm.es\/egresadosbioamb\/wp-json\/wp\/v2\/tags?post=3105"}],"curies":[{"name":"wp","href":"https:\/\/api.w.org\/{rel}","templated":true}]}}