{"id":3099,"date":"2023-01-18T16:04:05","date_gmt":"2023-01-18T16:04:05","guid":{"rendered":"https:\/\/blog.uclm.es\/egresadosbioamb\/?p=3099"},"modified":"2023-01-18T16:04:05","modified_gmt":"2023-01-18T16:04:05","slug":"3099","status":"publish","type":"post","link":"https:\/\/blog.uclm.es\/egresadosbioamb\/2023\/01\/18\/3099\/","title":{"rendered":""},"content":{"rendered":"\n<div class=\"wp-block-columns is-layout-flex wp-container-core-columns-is-layout-9d6595d7 wp-block-columns-is-layout-flex\">\n<div class=\"wp-block-column is-layout-flow wp-block-column-is-layout-flow\" style=\"flex-basis:33.33%\">\n<figure class=\"wp-block-image size-large\"><img loading=\"lazy\" decoding=\"async\" width=\"768\" height=\"1024\" src=\"https:\/\/blog.uclm.es\/egresadosbioamb\/wp-content\/uploads\/sites\/173\/2016\/12\/image1-768x1024.jpeg\" alt=\"\" class=\"wp-image-345\" srcset=\"https:\/\/blog.uclm.es\/egresadosbioamb\/wp-content\/uploads\/sites\/173\/2016\/12\/image1-768x1024.jpeg 768w, https:\/\/blog.uclm.es\/egresadosbioamb\/wp-content\/uploads\/sites\/173\/2016\/12\/image1-225x300.jpeg 225w, https:\/\/blog.uclm.es\/egresadosbioamb\/wp-content\/uploads\/sites\/173\/2016\/12\/image1-1152x1536.jpeg 1152w, https:\/\/blog.uclm.es\/egresadosbioamb\/wp-content\/uploads\/sites\/173\/2016\/12\/image1-1536x2048.jpeg 1536w, https:\/\/blog.uclm.es\/egresadosbioamb\/wp-content\/uploads\/sites\/173\/2016\/12\/image1-scaled.jpeg 1920w\" sizes=\"auto, (max-width: 706px) 89vw, (max-width: 767px) 82vw, 740px\" \/><\/figure>\n<\/div>\n\n\n\n<div class=\"wp-block-column is-layout-flow wp-block-column-is-layout-flow\" style=\"flex-basis:66.66%\">\n<p><strong>Cecilia Mart\u00ednez Manjabacas<\/strong><\/p>\n\n\n\n<p>Ciencias Ambientales (2005)<\/p>\n\n\n\n<p><strong>T\u00e9cnico Superior en la Red Natura (GEACAM)<\/strong><\/p>\n<\/div>\n<\/div>\n\n\n\n<p><strong>\u00bfPor qu\u00e9 decidiste estudiar Ciencias Ambientales?&nbsp;<\/strong><em>En mi caso ha sido algo vocacional. Desde que era peque\u00f1a, mis padres me han educado en el respeto por el medio ambiente y el amor por la naturaleza. De hecho, en el colegio particip\u00e9 en la edici\u00f3n de un peri\u00f3dico con contenidos medioambientales y en el instituto pertenec\u00eda a una asociaci\u00f3n ecologista. Siempre me gustaron m\u00e1s las ciencias, sobre todo la biolog\u00eda, as\u00ed que ten\u00eda claro que quer\u00eda estudiar algo relacionado con este campo. Fue en 1\u00ba de bachillerato, al informarnos y orientarnos sobre las carreras a las que podr\u00edamos acceder, cuando nos hablaron de la licenciatura en Ciencias Ambientales. Era una carrera nueva en Castilla-La Mancha en aquel momento y con un plan de estudios que me pareci\u00f3 interesant\u00edsimo<\/em>.<\/p>\n\n\n\n<p><strong>\u00bfCu\u00e1l ha sido tu trayectoria profesional?&nbsp;<\/strong><em>Cuando termin\u00e9 la carrera, me fui a vivir a Irlanda durante 9 meses, donde trabaj\u00e9 de traductora y camarera. En aquella \u00e9poca&nbsp;en Espa\u00f1a la oferta laboral para licenciados en Ciencias Ambientales era muy buena, sobre todo en consultoras y estudios de ingenier\u00eda para temas de evaluaci\u00f3n de impacto ambiental e implantaci\u00f3n de sistemas de gesti\u00f3n ambiental. De hecho, la mayor\u00eda de mis compa\u00f1eros de carrera estaban trabajando en medio ambiente, as\u00ed que decid\u00ed volver para probar suerte, ya que en Irlanda no hab\u00eda encontrado ning\u00fan trabajo relacionado con mis estudios. Al llegar a Espa\u00f1a, me inscrib\u00ed en un programa de pr\u00e1cticas en empresas promovido por el gobierno regional, y a los pocos meses comenc\u00e9 a trabajar como becaria en una consultora en temas de evaluaci\u00f3n de impacto ambiental y eficiencia energ\u00e9tica. Al finalizar el periodo de 6 meses de pr\u00e1cticas, me ofrecieron formar parte de su plantilla. Un a\u00f1o m\u00e1s tarde, se convocaron oposiciones en la Junta de Comunidades de Castilla-La Mancha para licenciados en Ciencias Ambientales, as\u00ed que dej\u00e9 el trabajo para dedicarme 100% a&nbsp;intentar sacar una plaza.&nbsp; No lo consegu\u00ed, pero por suerte 6 meses despu\u00e9s de concluirse el proceso selectivo, encontr\u00e9 trabajo en la empresa en la que estoy desde hace algo m\u00e1s de 6 a\u00f1os. Es una empresa p\u00fablica que, entre otras cosas, realiza asistencias t\u00e9cnicas para la (actualmente) Consejer\u00eda de Agricultura, Medio Ambiente y Desarrollo Rural, y desde que estoy aqu\u00ed he trabajado en evaluaci\u00f3n de impacto ambiental y, la mayor parte del tiempo, en conservaci\u00f3n de \u00e1reas protegidas.<\/em><em><br>En definitiva, pese a que la crisis ha sido devastadora para el empleo, lo cierto es yo me debo considerar afortunada ya que, no solo no me ha faltado trabajo sino que adem\u00e1s lo que hago ahora me encanta; se parece mucho a lo que yo me imaginaba como el trabajo ideal cuando estaba en la carrera. Adem\u00e1s, si bien algunos de mis compa\u00f1eros de carrera est\u00e1n parados o en puestos que nada tienen que ver con nuestros estudios, otros tantos son actualmente mis compa\u00f1eros de trabajo.<\/em><\/p>\n\n\n\n<p><strong>\u00bfQu\u00e9 funciones desempe\u00f1as en tu trabajo actual?<\/strong>\u00a0<em>Desarrollo tareas para la gesti\u00f3n y conservaci\u00f3n de los espacios de la Red Natura 2000 de la provincia de Toledo. En concreto, he participado recientemente en la redacci\u00f3n de los planes de gesti\u00f3n estos espacios. Actualmente me dedico al seguimiento del estado de conservaci\u00f3n de los h\u00e1bitats y especies incluidas en los mismos.<\/em><\/p>\n\n\n\n<p><strong>\u00bfQu\u00e9 te ha aportado ser titulado por la UCLM?<\/strong><em> <\/em><em>Yo hice la especialidad de Conservaci\u00f3n, Planificaci\u00f3n y Gesti\u00f3n del Medio Ambiente, y considero que sal\u00ed bien preparada para los puestos de trabajo que he ocupado. Por otro lado, aunque no sea mi caso, conozco el de otros compa\u00f1eros que consiguieron trabajo gracias al programa de pr\u00e1cticas en empresas que organizaba la Facultad de Ciencias Ambientales.<\/em><\/p>\n","protected":false},"excerpt":{"rendered":"<p>Cecilia Mart\u00ednez Manjabacas Ciencias Ambientales (2005) T\u00e9cnico Superior en la Red Natura (GEACAM) \u00bfPor qu\u00e9 decidiste estudiar Ciencias Ambientales?&nbsp;En mi caso ha sido algo vocacional. Desde que era peque\u00f1a, mis padres me han educado en el respeto por el medio ambiente y el amor por la naturaleza. De hecho, en el colegio particip\u00e9 en la &hellip; <\/p>\n<p class=\"link-more\"><a href=\"https:\/\/blog.uclm.es\/egresadosbioamb\/2023\/01\/18\/3099\/\" class=\"more-link\">Continuar leyendo<span class=\"screen-reader-text\"> \u00ab\u00bb<\/span><\/a><\/p>\n","protected":false},"author":163,"featured_media":0,"comment_status":"closed","ping_status":"closed","sticky":false,"template":"","format":"standard","meta":{"footnotes":""},"categories":[27],"tags":[],"class_list":["post-3099","post","type-post","status-publish","format-standard","hentry","category-alumnos-ciencias-ambientales"],"_links":{"self":[{"href":"https:\/\/blog.uclm.es\/egresadosbioamb\/wp-json\/wp\/v2\/posts\/3099","targetHints":{"allow":["GET"]}}],"collection":[{"href":"https:\/\/blog.uclm.es\/egresadosbioamb\/wp-json\/wp\/v2\/posts"}],"about":[{"href":"https:\/\/blog.uclm.es\/egresadosbioamb\/wp-json\/wp\/v2\/types\/post"}],"author":[{"embeddable":true,"href":"https:\/\/blog.uclm.es\/egresadosbioamb\/wp-json\/wp\/v2\/users\/163"}],"replies":[{"embeddable":true,"href":"https:\/\/blog.uclm.es\/egresadosbioamb\/wp-json\/wp\/v2\/comments?post=3099"}],"version-history":[{"count":1,"href":"https:\/\/blog.uclm.es\/egresadosbioamb\/wp-json\/wp\/v2\/posts\/3099\/revisions"}],"predecessor-version":[{"id":3102,"href":"https:\/\/blog.uclm.es\/egresadosbioamb\/wp-json\/wp\/v2\/posts\/3099\/revisions\/3102"}],"wp:attachment":[{"href":"https:\/\/blog.uclm.es\/egresadosbioamb\/wp-json\/wp\/v2\/media?parent=3099"}],"wp:term":[{"taxonomy":"category","embeddable":true,"href":"https:\/\/blog.uclm.es\/egresadosbioamb\/wp-json\/wp\/v2\/categories?post=3099"},{"taxonomy":"post_tag","embeddable":true,"href":"https:\/\/blog.uclm.es\/egresadosbioamb\/wp-json\/wp\/v2\/tags?post=3099"}],"curies":[{"name":"wp","href":"https:\/\/api.w.org\/{rel}","templated":true}]}}