{"id":3088,"date":"2023-01-18T15:37:24","date_gmt":"2023-01-18T15:37:24","guid":{"rendered":"https:\/\/blog.uclm.es\/egresadosbioamb\/?p=3088"},"modified":"2023-01-18T15:37:24","modified_gmt":"2023-01-18T15:37:24","slug":"3088","status":"publish","type":"post","link":"https:\/\/blog.uclm.es\/egresadosbioamb\/2023\/01\/18\/3088\/","title":{"rendered":""},"content":{"rendered":"\n<div class=\"wp-block-columns is-layout-flex wp-container-core-columns-is-layout-9d6595d7 wp-block-columns-is-layout-flex\">\n<div class=\"wp-block-column is-layout-flow wp-block-column-is-layout-flow\" style=\"flex-basis:33.33%\">\n<figure class=\"wp-block-image size-full\"><img loading=\"lazy\" decoding=\"async\" width=\"698\" height=\"684\" src=\"https:\/\/blog.uclm.es\/egresadosbioamb\/wp-content\/uploads\/sites\/173\/2017\/01\/Imagen1-2.png\" alt=\"\" class=\"wp-image-468\" srcset=\"https:\/\/blog.uclm.es\/egresadosbioamb\/wp-content\/uploads\/sites\/173\/2017\/01\/Imagen1-2.png 698w, https:\/\/blog.uclm.es\/egresadosbioamb\/wp-content\/uploads\/sites\/173\/2017\/01\/Imagen1-2-300x294.png 300w\" sizes=\"auto, (max-width: 698px) 100vw, 698px\" \/><\/figure>\n<\/div>\n\n\n\n<div class=\"wp-block-column is-layout-flow wp-block-column-is-layout-flow\" style=\"flex-basis:66.66%\">\n<p><strong>Mar\u00eda Jarama Mart\u00edn<\/strong><\/p>\n\n\n\n<p>Ciencias Ambientales (2010)<\/p>\n\n\n\n<p><strong>T\u00e9cnico de calidad<\/strong><\/p>\n<\/div>\n<\/div>\n\n\n\n<p><strong>\u00bfPor qu\u00e9 decidiste estudiar Ciencias Ambientales?&nbsp;<\/strong><em>Decid\u00ed estudiar Ciencias Ambientales porque terminando el Bachillerato un profesor en el que ten\u00eda bastante confianza me habl\u00f3 de esta titulaci\u00f3n (yo en principio ten\u00eda pensado estudiar Biolog\u00eda) y, despu\u00e9s de buscar informaci\u00f3n me termin\u00f3 de convencer por la diversidad de materias que contemplaba.<\/em><\/p>\n\n\n\n<p><strong>\u00bfCu\u00e1l ha sido tu trayectoria profesional?&nbsp;<\/strong><em>Cuando termin\u00e9 la Licenciatura decid\u00ed estudiar un M\u00e1ster de Calidad y Medio Ambiente y empec\u00e9 a trabajar como t\u00e9cnico de laboratorio y control de calidad en el laboratorio de una industria agroalimentaria CVAS. CIDACOS, S.A. Despu\u00e9s de cuatro a\u00f1os ejerciendo estas funciones estudi\u00e9 otro M\u00e1ster, esta vez en la Universidad de Castilla-La Mancha (M\u00e1ster en Ingenier\u00eda y Gesti\u00f3n Medioambiental) y realic\u00e9 las pr\u00e1cticas en la empresa Gesti\u00f3n Medioambiental de Toledo, S.A (Gesmat), compuesta por el grupo Ferrovial Servicios Espa\u00f1a y el Consorcio de Servicios Medioambientales de la provincia de Toledo. Despu\u00e9s estuve trabajando otro per\u00edodo de tiempo como T\u00e9cnico de Calidad en una Sala de Despiece, en la que pude adquirir amplios conocimientos en la normativa ISO.<\/em><strong><em><br><br><\/em><\/strong><\/p>\n\n\n\n<p><strong>\u00bfQu\u00e9 funciones desempe\u00f1as en tu trabajo actual?&nbsp;<\/strong><em>Actualmente estoy trabajando en otra industria del sector alimentario como T\u00e9cnico de Calidad y espero poder ayudar a implantar la normativa relativa a medio ambiente en esta empresa, que es algo en lo que ya estamos trabajando.<\/em><\/p>\n\n\n\n<p><strong>\u00bfQu\u00e9 te ha aportado ser titulado por la UCLM?&nbsp;<\/strong><em>Ser titulado por la UCLM me ha dado la oportunidad de poder trabajar en el sector de la calidad y el medio ambiente en la empresa. Adem\u00e1s he podido adquirir amplios conocimientos te\u00f3ricos y pr\u00e1cticos a nivel de laboratorio. Cuando me enfrent\u00e9 al mundo laboral contaba con una base bastante s\u00f3lida adquirida durante los a\u00f1os de pr\u00e1cticas de la Licenciatura..<\/em><\/p>\n","protected":false},"excerpt":{"rendered":"<p>Mar\u00eda Jarama Mart\u00edn Ciencias Ambientales (2010) T\u00e9cnico de calidad \u00bfPor qu\u00e9 decidiste estudiar Ciencias Ambientales?&nbsp;Decid\u00ed estudiar Ciencias Ambientales porque terminando el Bachillerato un profesor en el que ten\u00eda bastante confianza me habl\u00f3 de esta titulaci\u00f3n (yo en principio ten\u00eda pensado estudiar Biolog\u00eda) y, despu\u00e9s de buscar informaci\u00f3n me termin\u00f3 de convencer por la diversidad de &hellip; <\/p>\n<p class=\"link-more\"><a href=\"https:\/\/blog.uclm.es\/egresadosbioamb\/2023\/01\/18\/3088\/\" class=\"more-link\">Continuar leyendo<span class=\"screen-reader-text\"> \u00ab\u00bb<\/span><\/a><\/p>\n","protected":false},"author":163,"featured_media":0,"comment_status":"closed","ping_status":"closed","sticky":false,"template":"","format":"standard","meta":{"footnotes":""},"categories":[27],"tags":[],"class_list":["post-3088","post","type-post","status-publish","format-standard","hentry","category-alumnos-ciencias-ambientales"],"_links":{"self":[{"href":"https:\/\/blog.uclm.es\/egresadosbioamb\/wp-json\/wp\/v2\/posts\/3088","targetHints":{"allow":["GET"]}}],"collection":[{"href":"https:\/\/blog.uclm.es\/egresadosbioamb\/wp-json\/wp\/v2\/posts"}],"about":[{"href":"https:\/\/blog.uclm.es\/egresadosbioamb\/wp-json\/wp\/v2\/types\/post"}],"author":[{"embeddable":true,"href":"https:\/\/blog.uclm.es\/egresadosbioamb\/wp-json\/wp\/v2\/users\/163"}],"replies":[{"embeddable":true,"href":"https:\/\/blog.uclm.es\/egresadosbioamb\/wp-json\/wp\/v2\/comments?post=3088"}],"version-history":[{"count":1,"href":"https:\/\/blog.uclm.es\/egresadosbioamb\/wp-json\/wp\/v2\/posts\/3088\/revisions"}],"predecessor-version":[{"id":3091,"href":"https:\/\/blog.uclm.es\/egresadosbioamb\/wp-json\/wp\/v2\/posts\/3088\/revisions\/3091"}],"wp:attachment":[{"href":"https:\/\/blog.uclm.es\/egresadosbioamb\/wp-json\/wp\/v2\/media?parent=3088"}],"wp:term":[{"taxonomy":"category","embeddable":true,"href":"https:\/\/blog.uclm.es\/egresadosbioamb\/wp-json\/wp\/v2\/categories?post=3088"},{"taxonomy":"post_tag","embeddable":true,"href":"https:\/\/blog.uclm.es\/egresadosbioamb\/wp-json\/wp\/v2\/tags?post=3088"}],"curies":[{"name":"wp","href":"https:\/\/api.w.org\/{rel}","templated":true}]}}