{"id":3084,"date":"2023-01-18T15:33:46","date_gmt":"2023-01-18T15:33:46","guid":{"rendered":"https:\/\/blog.uclm.es\/egresadosbioamb\/?p=3084"},"modified":"2023-01-18T15:33:46","modified_gmt":"2023-01-18T15:33:46","slug":"3084","status":"publish","type":"post","link":"https:\/\/blog.uclm.es\/egresadosbioamb\/2023\/01\/18\/3084\/","title":{"rendered":""},"content":{"rendered":"\n<div class=\"wp-block-columns is-layout-flex wp-container-core-columns-is-layout-9d6595d7 wp-block-columns-is-layout-flex\">\n<div class=\"wp-block-column is-layout-flow wp-block-column-is-layout-flow\" style=\"flex-basis:33.33%\">\n<figure class=\"wp-block-image size-large\"><img loading=\"lazy\" decoding=\"async\" width=\"1024\" height=\"614\" src=\"https:\/\/blog.uclm.es\/egresadosbioamb\/wp-content\/uploads\/sites\/173\/2017\/03\/foto-amparo-1024x614.jpg\" alt=\"\" class=\"wp-image-549\" srcset=\"https:\/\/blog.uclm.es\/egresadosbioamb\/wp-content\/uploads\/sites\/173\/2017\/03\/foto-amparo-1024x614.jpg 1024w, https:\/\/blog.uclm.es\/egresadosbioamb\/wp-content\/uploads\/sites\/173\/2017\/03\/foto-amparo-300x180.jpg 300w, https:\/\/blog.uclm.es\/egresadosbioamb\/wp-content\/uploads\/sites\/173\/2017\/03\/foto-amparo-768x461.jpg 768w, https:\/\/blog.uclm.es\/egresadosbioamb\/wp-content\/uploads\/sites\/173\/2017\/03\/foto-amparo.jpg 1299w\" sizes=\"auto, (max-width: 706px) 89vw, (max-width: 767px) 82vw, 740px\" \/><\/figure>\n<\/div>\n\n\n\n<div class=\"wp-block-column is-layout-flow wp-block-column-is-layout-flow\" style=\"flex-basis:66.66%\">\n<p><strong>Amparo Soto Manzano<\/strong><\/p>\n\n\n\n<p>Graduada en Ciencias Ambientales (2005)<\/p>\n\n\n\n<p>Doctora por la Universidad de Castilla-La Mancha<br><strong>Profesora de Ense\u00f1anza Secundaria y Bachillerato<\/strong><\/p>\n<\/div>\n<\/div>\n\n\n\n<p><strong>\u00bfPor qu\u00e9 decidiste estudiar Ciencias Ambientales?&nbsp;<\/strong><em>Porque me pareci\u00f3 una carrera con mucho futuro, una carrera muy acorde con los tiempos que vivimos<\/em><\/p>\n\n\n\n<p><strong>\u00bfCu\u00e1l ha sido tu trayectoria profesional?&nbsp;<\/strong><em>Tras terminar la carrera comenc\u00e9 mi doctorado en el Departamento de Qu\u00edmica-F\u00edsica de la Facultad donde estuve trabajando hasta 2008. Posteriormente comenc\u00e9 a dedicarme a la Ense\u00f1anza Secundaria. Adem\u00e1s, he estado dos a\u00f1os dedicada a la investigaci\u00f3n en el campo de la qu\u00edmica de la atmosfera.<\/em><\/p>\n\n\n\n<p><strong>\u00bfQu\u00e9 funciones desempe\u00f1as en tu trabajo actual?&nbsp;<\/strong><em>En la actualidad soy profesora de Secundaria y Bachillerato e imparto las asignaturas de F\u00edsica y Qu\u00edmica, Qu\u00edmica y Biolog\u00eda.<\/em><\/p>\n\n\n\n<p><strong>\u00bfQu\u00e9 te ha aportado ser titulado por la UCLM?&nbsp;<\/strong><em>El haber estudiado en la UCLM me ha aportado una educaci\u00f3n de calidad muy personalizada, adem\u00e1s de haber guiado mi desarrollo profesional.<\/em><\/p>\n","protected":false},"excerpt":{"rendered":"<p>Amparo Soto Manzano Graduada en Ciencias Ambientales (2005) Doctora por la Universidad de Castilla-La ManchaProfesora de Ense\u00f1anza Secundaria y Bachillerato \u00bfPor qu\u00e9 decidiste estudiar Ciencias Ambientales?&nbsp;Porque me pareci\u00f3 una carrera con mucho futuro, una carrera muy acorde con los tiempos que vivimos \u00bfCu\u00e1l ha sido tu trayectoria profesional?&nbsp;Tras terminar la carrera comenc\u00e9 mi doctorado en &hellip; <\/p>\n<p class=\"link-more\"><a href=\"https:\/\/blog.uclm.es\/egresadosbioamb\/2023\/01\/18\/3084\/\" class=\"more-link\">Continuar leyendo<span class=\"screen-reader-text\"> \u00ab\u00bb<\/span><\/a><\/p>\n","protected":false},"author":163,"featured_media":0,"comment_status":"closed","ping_status":"closed","sticky":false,"template":"","format":"standard","meta":{"footnotes":""},"categories":[27],"tags":[],"class_list":["post-3084","post","type-post","status-publish","format-standard","hentry","category-alumnos-ciencias-ambientales"],"_links":{"self":[{"href":"https:\/\/blog.uclm.es\/egresadosbioamb\/wp-json\/wp\/v2\/posts\/3084","targetHints":{"allow":["GET"]}}],"collection":[{"href":"https:\/\/blog.uclm.es\/egresadosbioamb\/wp-json\/wp\/v2\/posts"}],"about":[{"href":"https:\/\/blog.uclm.es\/egresadosbioamb\/wp-json\/wp\/v2\/types\/post"}],"author":[{"embeddable":true,"href":"https:\/\/blog.uclm.es\/egresadosbioamb\/wp-json\/wp\/v2\/users\/163"}],"replies":[{"embeddable":true,"href":"https:\/\/blog.uclm.es\/egresadosbioamb\/wp-json\/wp\/v2\/comments?post=3084"}],"version-history":[{"count":1,"href":"https:\/\/blog.uclm.es\/egresadosbioamb\/wp-json\/wp\/v2\/posts\/3084\/revisions"}],"predecessor-version":[{"id":3087,"href":"https:\/\/blog.uclm.es\/egresadosbioamb\/wp-json\/wp\/v2\/posts\/3084\/revisions\/3087"}],"wp:attachment":[{"href":"https:\/\/blog.uclm.es\/egresadosbioamb\/wp-json\/wp\/v2\/media?parent=3084"}],"wp:term":[{"taxonomy":"category","embeddable":true,"href":"https:\/\/blog.uclm.es\/egresadosbioamb\/wp-json\/wp\/v2\/categories?post=3084"},{"taxonomy":"post_tag","embeddable":true,"href":"https:\/\/blog.uclm.es\/egresadosbioamb\/wp-json\/wp\/v2\/tags?post=3084"}],"curies":[{"name":"wp","href":"https:\/\/api.w.org\/{rel}","templated":true}]}}