{"id":3081,"date":"2023-01-18T15:30:13","date_gmt":"2023-01-18T15:30:13","guid":{"rendered":"https:\/\/blog.uclm.es\/egresadosbioamb\/?p=3081"},"modified":"2023-01-18T15:30:13","modified_gmt":"2023-01-18T15:30:13","slug":"3081","status":"publish","type":"post","link":"https:\/\/blog.uclm.es\/egresadosbioamb\/2023\/01\/18\/3081\/","title":{"rendered":""},"content":{"rendered":"\n<div class=\"wp-block-columns is-layout-flex wp-container-core-columns-is-layout-9d6595d7 wp-block-columns-is-layout-flex\">\n<div class=\"wp-block-column is-layout-flow wp-block-column-is-layout-flow\" style=\"flex-basis:33.33%\">\n<figure class=\"wp-block-image size-full\"><img loading=\"lazy\" decoding=\"async\" width=\"617\" height=\"682\" src=\"https:\/\/blog.uclm.es\/egresadosbioamb\/wp-content\/uploads\/sites\/173\/2017\/04\/ivan-e1674055632213.png\" alt=\"\" class=\"wp-image-569\" srcset=\"https:\/\/blog.uclm.es\/egresadosbioamb\/wp-content\/uploads\/sites\/173\/2017\/04\/ivan-e1674055632213.png 617w, https:\/\/blog.uclm.es\/egresadosbioamb\/wp-content\/uploads\/sites\/173\/2017\/04\/ivan-e1674055632213-271x300.png 271w\" sizes=\"auto, (max-width: 617px) 100vw, 617px\" \/><\/figure>\n<\/div>\n\n\n\n<div class=\"wp-block-column is-layout-flow wp-block-column-is-layout-flow\" style=\"flex-basis:66.66%\">\n<p><strong>Iv\u00e1n G\u00f3mez Crespo<\/strong><\/p>\n\n\n\n<p>Ciencias Ambientales (2014)<\/p>\n\n\n\n<p><strong>T\u00e9cnico de medio ambiente en empresa de automoci\u00f3n<\/strong><\/p>\n<\/div>\n<\/div>\n\n\n\n<p><strong>\u00bfPor qu\u00e9 decidiste estudiar Ciencias Ambientales?&nbsp;<\/strong>Sinceramente, no ten\u00eda claro a que dedicarme al finalizar el Bachillerato, entre otras cosas porque no ten\u00eda ning\u00fan familiar o amigo cercano que me pudiera asesorar hacia d\u00f3nde encaminar mi futuro. Pero un d\u00eda, hablando con una profesora del instituto, me habl\u00f3 de la carrera de Ciencias Ambientales. Decid\u00ed hacerle caso ya que siempre he tenido un sentimiento y una gran pasi\u00f3n por la naturaleza y as\u00ed me dar\u00eda la posibilidad de conocer m\u00e1s al poderlo estudiar en profundidad.<\/p>\n\n\n\n<p><strong>\u00bfCu\u00e1l ha sido tu trayectoria profesional?&nbsp;<\/strong><em>Al finalizar el Grado, realic\u00e9 las pr\u00e1cticas del M\u00e1ster Universitario en Gesti\u00f3n de Sistemas de Calidad, Medio Ambiente y Prevenci\u00f3n de Riesgos Laborales \u2013 AIMME de la Universidad Cat\u00f3lica de Valencia \u2013 en una empresa dentro del mundo de la automoci\u00f3n, donde fabrican piezas pl\u00e1sticas para los interiores de los coches. Estuve cinco meses en el departamento de calidad colaborando con la responsable del sistema ISO TS y con los ingenieros de calidad. Al terminar, empec\u00e9 en la empresa en la que actualmente estoy trabajando ahora como t\u00e9cnico de medio ambiente. Esta empresa se dedica a la venta de accesorios para los veh\u00edculos con talleres anejos.<\/em><\/p>\n\n\n\n<p><strong>\u00bfQu\u00e9 funciones desempe\u00f1as en tu trabajo actual?&nbsp;<\/strong>Muchas y variadas, desde la implantaci\u00f3n de la norma ISO 14001 en todos los autocentros de Espa\u00f1a, dar cursos de formaci\u00f3n de medio ambiente, realizar estudios preliminares de suelos y estudios de minimizaci\u00f3n, estudiar la legislaci\u00f3n de todas las comunidades espa\u00f1olas, hacer el seguimiento de indicadores del desempe\u00f1o ambiental, gestionar la documentaci\u00f3n de residuos y hacer auditor\u00edas internas, entre otras actividades.<\/p>\n\n\n\n<p><strong>\u00bfQu\u00e9 te ha aportado ser titulado por la UCLM?&nbsp;<\/strong>Ser titulado en Ciencias Ambientales me ha aportado algo que quiz\u00e1s con otra carrera m\u00e1s espec\u00edfica no lo hubiera conseguido, y es la capacidad de interrelacionar las cosas que nos rodean, El estudio de CC Ambientales me ha permitido desarrollar la capacidad de analizar los problemas desde muchos puntos de vista. Esta titulaci\u00f3n me ha ayudado a conseguir lo que siempre me he propuesto y me ha dado una base de conocimientos que me ha permitido especializarme en un gran abanico de muy diversas y distintas ramas, siempre relacionadas con el Medio Ambiente.<\/p>\n","protected":false},"excerpt":{"rendered":"<p>Iv\u00e1n G\u00f3mez Crespo Ciencias Ambientales (2014) T\u00e9cnico de medio ambiente en empresa de automoci\u00f3n \u00bfPor qu\u00e9 decidiste estudiar Ciencias Ambientales?&nbsp;Sinceramente, no ten\u00eda claro a que dedicarme al finalizar el Bachillerato, entre otras cosas porque no ten\u00eda ning\u00fan familiar o amigo cercano que me pudiera asesorar hacia d\u00f3nde encaminar mi futuro. Pero un d\u00eda, hablando con &hellip; <\/p>\n<p class=\"link-more\"><a href=\"https:\/\/blog.uclm.es\/egresadosbioamb\/2023\/01\/18\/3081\/\" class=\"more-link\">Continuar leyendo<span class=\"screen-reader-text\"> \u00ab\u00bb<\/span><\/a><\/p>\n","protected":false},"author":163,"featured_media":0,"comment_status":"closed","ping_status":"closed","sticky":false,"template":"","format":"standard","meta":{"footnotes":""},"categories":[27],"tags":[],"class_list":["post-3081","post","type-post","status-publish","format-standard","hentry","category-alumnos-ciencias-ambientales"],"_links":{"self":[{"href":"https:\/\/blog.uclm.es\/egresadosbioamb\/wp-json\/wp\/v2\/posts\/3081","targetHints":{"allow":["GET"]}}],"collection":[{"href":"https:\/\/blog.uclm.es\/egresadosbioamb\/wp-json\/wp\/v2\/posts"}],"about":[{"href":"https:\/\/blog.uclm.es\/egresadosbioamb\/wp-json\/wp\/v2\/types\/post"}],"author":[{"embeddable":true,"href":"https:\/\/blog.uclm.es\/egresadosbioamb\/wp-json\/wp\/v2\/users\/163"}],"replies":[{"embeddable":true,"href":"https:\/\/blog.uclm.es\/egresadosbioamb\/wp-json\/wp\/v2\/comments?post=3081"}],"version-history":[{"count":1,"href":"https:\/\/blog.uclm.es\/egresadosbioamb\/wp-json\/wp\/v2\/posts\/3081\/revisions"}],"predecessor-version":[{"id":3083,"href":"https:\/\/blog.uclm.es\/egresadosbioamb\/wp-json\/wp\/v2\/posts\/3081\/revisions\/3083"}],"wp:attachment":[{"href":"https:\/\/blog.uclm.es\/egresadosbioamb\/wp-json\/wp\/v2\/media?parent=3081"}],"wp:term":[{"taxonomy":"category","embeddable":true,"href":"https:\/\/blog.uclm.es\/egresadosbioamb\/wp-json\/wp\/v2\/categories?post=3081"},{"taxonomy":"post_tag","embeddable":true,"href":"https:\/\/blog.uclm.es\/egresadosbioamb\/wp-json\/wp\/v2\/tags?post=3081"}],"curies":[{"name":"wp","href":"https:\/\/api.w.org\/{rel}","templated":true}]}}