{"id":3076,"date":"2023-01-18T15:25:25","date_gmt":"2023-01-18T15:25:25","guid":{"rendered":"https:\/\/blog.uclm.es\/egresadosbioamb\/?p=3076"},"modified":"2023-01-18T15:25:25","modified_gmt":"2023-01-18T15:25:25","slug":"3076","status":"publish","type":"post","link":"https:\/\/blog.uclm.es\/egresadosbioamb\/2023\/01\/18\/3076\/","title":{"rendered":""},"content":{"rendered":"\n<div class=\"wp-block-columns is-layout-flex wp-container-core-columns-is-layout-9d6595d7 wp-block-columns-is-layout-flex\">\n<div class=\"wp-block-column is-layout-flow wp-block-column-is-layout-flow\" style=\"flex-basis:33.33%\">\n<figure class=\"wp-block-image size-large\"><img loading=\"lazy\" decoding=\"async\" width=\"1024\" height=\"841\" src=\"https:\/\/blog.uclm.es\/egresadosbioamb\/wp-content\/uploads\/sites\/173\/2017\/04\/Yo-fondo-negro-003-scaled-1-1024x841.jpg\" alt=\"\" class=\"wp-image-2916\" srcset=\"https:\/\/blog.uclm.es\/egresadosbioamb\/wp-content\/uploads\/sites\/173\/2017\/04\/Yo-fondo-negro-003-scaled-1-1024x841.jpg 1024w, https:\/\/blog.uclm.es\/egresadosbioamb\/wp-content\/uploads\/sites\/173\/2017\/04\/Yo-fondo-negro-003-scaled-1-300x246.jpg 300w, https:\/\/blog.uclm.es\/egresadosbioamb\/wp-content\/uploads\/sites\/173\/2017\/04\/Yo-fondo-negro-003-scaled-1-768x631.jpg 768w, https:\/\/blog.uclm.es\/egresadosbioamb\/wp-content\/uploads\/sites\/173\/2017\/04\/Yo-fondo-negro-003-scaled-1-1536x1262.jpg 1536w, https:\/\/blog.uclm.es\/egresadosbioamb\/wp-content\/uploads\/sites\/173\/2017\/04\/Yo-fondo-negro-003-scaled-1-2048x1682.jpg 2048w\" sizes=\"auto, (max-width: 706px) 89vw, (max-width: 767px) 82vw, 740px\" \/><\/figure>\n<\/div>\n\n\n\n<div class=\"wp-block-column is-layout-flow wp-block-column-is-layout-flow\" style=\"flex-basis:66.66%\">\n<p><strong>Goretti Miranda Baz<\/strong><\/p>\n\n\n\n<p>Ciencias Ambientales (2007)<\/p>\n\n\n\n<p><strong>T\u00e9cnico de gesti\u00f3n de calidad<\/strong><\/p>\n<\/div>\n<\/div>\n\n\n\n<p><strong>\u00bfPor qu\u00e9 decidiste estudiar Ciencias Ambientales?&nbsp;<\/strong><em>Cuando yo empec\u00e9 a estudiar la carrera de Ciencias Ambientales era relativamente nueva, los primeros que la empezaron se graduaban ese mismo a\u00f1o.&nbsp; Me decid\u00ed por esa carrera porque adem\u00e1s de que se anunciaba como una carrera con un gran abanico de oportunidades profesionales me gustaba la idea de trabajar en la protecci\u00f3n del medioambiente, en cualquiera de sus \u00e1mbitos.<\/em><\/p>\n\n\n\n<p><strong>\u00bfCu\u00e1l ha sido tu trayectoria profesional?\u00a0<\/strong><em>Al terminar la carrera estuve un tiempo en un programa de pr\u00e1cticas promocionado por la UCLM en un Organismo de Control Autorizado, fueron s\u00f3lo unos meses, pero fue mi primer trabajo relacionado con mis estudios. En verano de 2008 empec\u00e9 a trabajar en una empresa de construcci\u00f3n dedicada a la ejecuci\u00f3n de proyectos de obra civil. Mi puesto, t\u00e9cnico de control de calidad y medioambiente a pie de obra, englobaba bastantes funciones, todas encaminadas a mantener el sistema de gesti\u00f3n de la calidad y medioambiente con sus correspondientes acreditaciones. Entre mis tareas estaban la tramitaci\u00f3n de permisos, gesti\u00f3n de residuos, seguimiento de condicionantes ambientales y otras funciones m\u00e1s relacionadas con el control de la calidad, como el control documental (Plan de Calidad, procedimientos, Programas de puntos de inspecci\u00f3n, etc) y el seguimiento de materiales, mediante certificados y\/o ensayos.\u00a0 Entre 2008 y 2013 trabaj\u00e9 en una serie de obras p\u00fablicas, tales como autov\u00edas, carreteras y varios trabajos relacionados con el abastecimiento de agua. Durante ese tiempo, con algunas obras funcionando simult\u00e1neamente y en distintos puntos de Castilla la Mancha o Extremadura, pude adquirir muchos y muy valiosos conocimientos, pues este tipo de trabajo conlleva el cumplimiento de unos plazos que no pueden ser demorados por lo que es muy importante la organizaci\u00f3n, la previsi\u00f3n y el trabajo en equipo.\u00a0 En 2014 tambi\u00e9n tuve la oportunidad de trabajar en el extranjero con la misma compa\u00f1\u00eda, y estuve un a\u00f1o en Brasil como Coordinadora de Calidad y Medioambiente en la sede de la empresa en S\u00e3o Paulo. Aqu\u00ed mi trabajo consist\u00eda en la coordinaci\u00f3n y soporte de los distintos equipos que llevaban los proyectos de construcci\u00f3n all\u00ed, implantando los sistemas de gesti\u00f3n y controlando una serie de indicadores de obligado cumplimiento.\u00a0A la vuelta de Brasil y tras tener a mi primera hija, cambi\u00e9 del mundo de la construcci\u00f3n al sector industrial y estuve 3 a\u00f1os en una f\u00e1brica de productos cer\u00e1micos en la zona de La Sagra. Mi trabajo consist\u00eda en gestionar el sistema de calidad a trav\u00e9s del control documental, principalmente los procedimientos de trabajo, instrucciones de fabricaci\u00f3n y la certificaci\u00f3n del producto. Tambi\u00e9n estaba involucrada en el control del proceso de producci\u00f3n y en la mejora del producto. Adem\u00e1s de encargarme del laboratorio donde se realizaban los ensayos de autocontrol del producto terminado<\/em><\/p>\n\n\n\n<p><strong>\u00bfQu\u00e9 funciones desempe\u00f1as en tu trabajo actual?\u00a0<\/strong><em>En la actualidad llevo dos a\u00f1os trabajando en una empresa de Toledo, Madespa, dedicada a la fabricaci\u00f3n y distribuci\u00f3n de productos dentales. Mis funciones son similares a mi puesto anterior, pero dentro del sector de los productos sanitarios. Estas son algunas de mis tareas:<\/em><\/p>\n\n\n\n<ul class=\"wp-block-list\">\n<li><em>Mantenimiento del sistema de gesti\u00f3n de la calidad certificado para las normas ISO 9001 e ISO 13485;<\/em><\/li>\n\n\n\n<li><em>Gesti\u00f3n del marcado CE de productos sanitarios y su certificaci\u00f3n por los organismos notificados;<\/em><\/li>\n\n\n\n<li><em>Responsable de las actividades regulatorias relativas a la fabricaci\u00f3n, importaci\u00f3n y distribuci\u00f3n de productos sanitarios. Licencias de actividad e interlocuci\u00f3n con autoridades sanitarias;<\/em><\/li>\n\n\n\n<li><em>Responsable de la documentaci\u00f3n t\u00e9cnica de productos, entre la que se encuentran las especificaciones de producto, etiquetado e instrucciones de uso o fichas de seguridad seg\u00fan el reglamento Reach y CLP;<\/em><\/li>\n\n\n\n<li><em>Responsable del control de calidad del producto terminado y materias primas;<\/em><\/li>\n\n\n\n<li><em>Control del proceso productivo en todas sus fases;<\/em><\/li>\n\n\n\n<li><em>Gesti\u00f3n de reclamaciones e incidencias;<\/em><\/li>\n\n\n\n<li><em>Gesti\u00f3n de proyectos de I+D+I de productos.<\/em><\/li>\n<\/ul>\n\n\n\n<p><strong>\u00bfQu\u00e9 te ha aportado ser titulado por la UCLM?&nbsp;&nbsp;<\/strong><em>Ser titulada por la UCLM me abri\u00f3 las puertas a un amplio mercado laboral, lleno de oportunidades, muy cambiante y exigente en estos momentos. Adem\u00e1s, el programa de pr\u00e1cticas en empresas de la Universidad me facilit\u00f3 mi primer trabajo relacionado con mis estudios<\/em><\/p>\n","protected":false},"excerpt":{"rendered":"<p>Goretti Miranda Baz Ciencias Ambientales (2007) T\u00e9cnico de gesti\u00f3n de calidad \u00bfPor qu\u00e9 decidiste estudiar Ciencias Ambientales?&nbsp;Cuando yo empec\u00e9 a estudiar la carrera de Ciencias Ambientales era relativamente nueva, los primeros que la empezaron se graduaban ese mismo a\u00f1o.&nbsp; Me decid\u00ed por esa carrera porque adem\u00e1s de que se anunciaba como una carrera con un &hellip; <\/p>\n<p class=\"link-more\"><a href=\"https:\/\/blog.uclm.es\/egresadosbioamb\/2023\/01\/18\/3076\/\" class=\"more-link\">Continuar leyendo<span class=\"screen-reader-text\"> \u00ab\u00bb<\/span><\/a><\/p>\n","protected":false},"author":163,"featured_media":0,"comment_status":"closed","ping_status":"closed","sticky":false,"template":"","format":"standard","meta":{"footnotes":""},"categories":[27],"tags":[],"class_list":["post-3076","post","type-post","status-publish","format-standard","hentry","category-alumnos-ciencias-ambientales"],"_links":{"self":[{"href":"https:\/\/blog.uclm.es\/egresadosbioamb\/wp-json\/wp\/v2\/posts\/3076","targetHints":{"allow":["GET"]}}],"collection":[{"href":"https:\/\/blog.uclm.es\/egresadosbioamb\/wp-json\/wp\/v2\/posts"}],"about":[{"href":"https:\/\/blog.uclm.es\/egresadosbioamb\/wp-json\/wp\/v2\/types\/post"}],"author":[{"embeddable":true,"href":"https:\/\/blog.uclm.es\/egresadosbioamb\/wp-json\/wp\/v2\/users\/163"}],"replies":[{"embeddable":true,"href":"https:\/\/blog.uclm.es\/egresadosbioamb\/wp-json\/wp\/v2\/comments?post=3076"}],"version-history":[{"count":1,"href":"https:\/\/blog.uclm.es\/egresadosbioamb\/wp-json\/wp\/v2\/posts\/3076\/revisions"}],"predecessor-version":[{"id":3079,"href":"https:\/\/blog.uclm.es\/egresadosbioamb\/wp-json\/wp\/v2\/posts\/3076\/revisions\/3079"}],"wp:attachment":[{"href":"https:\/\/blog.uclm.es\/egresadosbioamb\/wp-json\/wp\/v2\/media?parent=3076"}],"wp:term":[{"taxonomy":"category","embeddable":true,"href":"https:\/\/blog.uclm.es\/egresadosbioamb\/wp-json\/wp\/v2\/categories?post=3076"},{"taxonomy":"post_tag","embeddable":true,"href":"https:\/\/blog.uclm.es\/egresadosbioamb\/wp-json\/wp\/v2\/tags?post=3076"}],"curies":[{"name":"wp","href":"https:\/\/api.w.org\/{rel}","templated":true}]}}