{"id":3073,"date":"2023-01-18T15:20:01","date_gmt":"2023-01-18T15:20:01","guid":{"rendered":"https:\/\/blog.uclm.es\/egresadosbioamb\/?p=3073"},"modified":"2023-01-18T15:20:01","modified_gmt":"2023-01-18T15:20:01","slug":"3073","status":"publish","type":"post","link":"https:\/\/blog.uclm.es\/egresadosbioamb\/2023\/01\/18\/3073\/","title":{"rendered":""},"content":{"rendered":"\n<div class=\"wp-block-columns is-layout-flex wp-container-core-columns-is-layout-9d6595d7 wp-block-columns-is-layout-flex\">\n<div class=\"wp-block-column is-layout-flow wp-block-column-is-layout-flow\" style=\"flex-basis:33.33%\">\n<figure class=\"wp-block-image size-full\"><img loading=\"lazy\" decoding=\"async\" width=\"695\" height=\"678\" src=\"https:\/\/blog.uclm.es\/egresadosbioamb\/wp-content\/uploads\/sites\/173\/2017\/05\/raquel-2.jpg\" alt=\"\" class=\"wp-image-594\" srcset=\"https:\/\/blog.uclm.es\/egresadosbioamb\/wp-content\/uploads\/sites\/173\/2017\/05\/raquel-2.jpg 695w, https:\/\/blog.uclm.es\/egresadosbioamb\/wp-content\/uploads\/sites\/173\/2017\/05\/raquel-2-300x293.jpg 300w\" sizes=\"auto, (max-width: 695px) 100vw, 695px\" \/><\/figure>\n<\/div>\n\n\n\n<div class=\"wp-block-column is-layout-flow wp-block-column-is-layout-flow\" style=\"flex-basis:66.66%\">\n<p><strong>Raquel Modro\u00f1o L\u00f3pez<\/strong><\/p>\n\n\n\n<p>Ciencias Ambientales (2014)<\/p>\n\n\n\n<p><strong>T\u00e9cnico de gesti\u00f3n ambiental y gesti\u00f3n de calidad.<\/strong><\/p>\n<\/div>\n<\/div>\n\n\n\n<p><strong>\u00bfPor qu\u00e9 decidiste estudiar Ciencias Ambientales?\u00a0<\/strong><em>En Bachillerato dudaba sobre qu\u00e9 estudiar. No me decid\u00eda, Biolog\u00eda, Qu\u00edmica, Farmacia\u2026 hasta que descubr\u00ed que exist\u00eda esta carrera. Empec\u00e9 a ver los contenidos de las asignaturas y me llam\u00f3 mucho la atenci\u00f3n que pod\u00eda estudiar un poco de todo, adquirir conocimientos de muchas \u00e1reas diferentes. Empec\u00e9 a indagar sobre las posibles salidas y pens\u00e9 que cada vez era mayor la importancia que se le daba al medio ambiente. Era una opci\u00f3n que se ajustaba mucho a mis inquietudes ya que a m\u00ed siempre me ha gustado la naturaleza y me parec\u00eda muy interesante estudiar las interacciones y reacciones que en ella se daban y poder aprender a cuidarla y respetarla.<\/em><\/p>\n\n\n\n<p><strong>\u00bfCu\u00e1l ha sido tu trayectoria profesional?\u00a0\u00a0<\/strong><em>Mientras estaba preparando el Trabajo Fin de Carrera, consegu\u00ed hacer unas pr\u00e1cticas en una empresa de Artes Gr\u00e1ficas. Hab\u00edan creado un Departamento de Calidad y Gesti\u00f3n Ambiental y ten\u00edamos que conseguir la certificaci\u00f3n en la norma de medio ambiente ISO 14001. Adquir\u00ed muchos conocimientos sobre la gesti\u00f3n ambiental en empresas lo que me llev\u00f3 a hacer un M\u00e1ster en Gesti\u00f3n Integrada de la Calidad, el Medio Ambiente y la Prevenci\u00f3n de Riesgos Laborales. Actualmente sigo trabajando para la empresa en la que hice estas pr\u00e1cticas, donde llevo ya 3 a\u00f1os.<\/em><\/p>\n\n\n\n<p><strong>\u00bfQu\u00e9 funciones desempe\u00f1as en tu trabajo actual?\u00a0<\/strong><em>\u00a0Estoy en el Departamento de Gesti\u00f3n Ambiental y Gesti\u00f3n de \u00a0Calidad. En la gesti\u00f3n ambiental nos encargamos de la administraci\u00f3n de los residuos, de los indicadores ambientales de consumo, de la concienciaci\u00f3n de buenas pr\u00e1cticas ambientales por parte del personal de la empresa, del cumplimiento de la legislaci\u00f3n ambiental, etc\u2026<\/em><\/p>\n\n\n\n<p><strong>\u00bfQu\u00e9 te ha aportado ser titulado por la UCLM?\u00a0\u00a0<\/strong><em>Realmente qued\u00e9 encantada con muchos de los profesores,\u00a0 ya que hac\u00edan lo posible por ayudarnos con las asignaturas. Adem\u00e1s, tuve la suerte de tener unos compa\u00f1eros extraordinarios con los que hoy en d\u00eda sigo teniendo contacto. Tengo que destacar la personalizaci\u00f3n de las pr\u00e1cticas, con \u00a0grupos reducidos \u00a0y con profesores muy dispuestos a ense\u00f1ar, lo que me permiti\u00f3 adquirir muchos conocimientos, tanto en las pr\u00e1cticas de laboratorio como de campo.\u00a0 Adem\u00e1s, hay que destacar el entorno del Campus de la F\u00e1brica de Armas, de alto valor paisaj\u00edstico y que daba pie a muchas salidas con diferentes asignaturas.<\/em><\/p>\n","protected":false},"excerpt":{"rendered":"<p>Raquel Modro\u00f1o L\u00f3pez Ciencias Ambientales (2014) T\u00e9cnico de gesti\u00f3n ambiental y gesti\u00f3n de calidad. \u00bfPor qu\u00e9 decidiste estudiar Ciencias Ambientales?\u00a0En Bachillerato dudaba sobre qu\u00e9 estudiar. No me decid\u00eda, Biolog\u00eda, Qu\u00edmica, Farmacia\u2026 hasta que descubr\u00ed que exist\u00eda esta carrera. Empec\u00e9 a ver los contenidos de las asignaturas y me llam\u00f3 mucho la atenci\u00f3n que pod\u00eda estudiar &hellip; <\/p>\n<p class=\"link-more\"><a href=\"https:\/\/blog.uclm.es\/egresadosbioamb\/2023\/01\/18\/3073\/\" class=\"more-link\">Continuar leyendo<span class=\"screen-reader-text\"> \u00ab\u00bb<\/span><\/a><\/p>\n","protected":false},"author":163,"featured_media":0,"comment_status":"closed","ping_status":"closed","sticky":false,"template":"","format":"standard","meta":{"footnotes":""},"categories":[27],"tags":[],"class_list":["post-3073","post","type-post","status-publish","format-standard","hentry","category-alumnos-ciencias-ambientales"],"_links":{"self":[{"href":"https:\/\/blog.uclm.es\/egresadosbioamb\/wp-json\/wp\/v2\/posts\/3073","targetHints":{"allow":["GET"]}}],"collection":[{"href":"https:\/\/blog.uclm.es\/egresadosbioamb\/wp-json\/wp\/v2\/posts"}],"about":[{"href":"https:\/\/blog.uclm.es\/egresadosbioamb\/wp-json\/wp\/v2\/types\/post"}],"author":[{"embeddable":true,"href":"https:\/\/blog.uclm.es\/egresadosbioamb\/wp-json\/wp\/v2\/users\/163"}],"replies":[{"embeddable":true,"href":"https:\/\/blog.uclm.es\/egresadosbioamb\/wp-json\/wp\/v2\/comments?post=3073"}],"version-history":[{"count":1,"href":"https:\/\/blog.uclm.es\/egresadosbioamb\/wp-json\/wp\/v2\/posts\/3073\/revisions"}],"predecessor-version":[{"id":3075,"href":"https:\/\/blog.uclm.es\/egresadosbioamb\/wp-json\/wp\/v2\/posts\/3073\/revisions\/3075"}],"wp:attachment":[{"href":"https:\/\/blog.uclm.es\/egresadosbioamb\/wp-json\/wp\/v2\/media?parent=3073"}],"wp:term":[{"taxonomy":"category","embeddable":true,"href":"https:\/\/blog.uclm.es\/egresadosbioamb\/wp-json\/wp\/v2\/categories?post=3073"},{"taxonomy":"post_tag","embeddable":true,"href":"https:\/\/blog.uclm.es\/egresadosbioamb\/wp-json\/wp\/v2\/tags?post=3073"}],"curies":[{"name":"wp","href":"https:\/\/api.w.org\/{rel}","templated":true}]}}