{"id":3061,"date":"2023-01-18T15:07:46","date_gmt":"2023-01-18T15:07:46","guid":{"rendered":"https:\/\/blog.uclm.es\/egresadosbioamb\/?p=3061"},"modified":"2023-01-18T15:07:46","modified_gmt":"2023-01-18T15:07:46","slug":"3061","status":"publish","type":"post","link":"https:\/\/blog.uclm.es\/egresadosbioamb\/2023\/01\/18\/3061\/","title":{"rendered":""},"content":{"rendered":"\n<div class=\"wp-block-columns is-layout-flex wp-container-core-columns-is-layout-9d6595d7 wp-block-columns-is-layout-flex\">\n<div class=\"wp-block-column is-layout-flow wp-block-column-is-layout-flow\" style=\"flex-basis:33.33%\">\n<figure class=\"wp-block-image size-full\"><img loading=\"lazy\" decoding=\"async\" width=\"723\" height=\"688\" src=\"https:\/\/blog.uclm.es\/egresadosbioamb\/wp-content\/uploads\/sites\/173\/2017\/11\/Imagen1-1.jpg\" alt=\"\" class=\"wp-image-853\" srcset=\"https:\/\/blog.uclm.es\/egresadosbioamb\/wp-content\/uploads\/sites\/173\/2017\/11\/Imagen1-1.jpg 723w, https:\/\/blog.uclm.es\/egresadosbioamb\/wp-content\/uploads\/sites\/173\/2017\/11\/Imagen1-1-300x285.jpg 300w\" sizes=\"auto, (max-width: 723px) 100vw, 723px\" \/><\/figure>\n<\/div>\n\n\n\n<div class=\"wp-block-column is-layout-flow wp-block-column-is-layout-flow\" style=\"flex-basis:66.66%\">\n<p><strong>Andrea Pastor Mu\u00f1oz<\/strong><\/p>\n\n\n\n<p>Ciencias Ambientales (2016)<\/p>\n\n\n\n<p><strong>Doctorado<\/strong><\/p>\n<\/div>\n<\/div>\n\n\n\n<p><strong>\u00bfPor qu\u00e9 decidiste estudiar Ciencias Ambientales?&nbsp;&nbsp;&nbsp;<\/strong>Realmente nunca me plante\u00e9 estudiar un grado como el de Ciencias Ambientales. Entr\u00e9 con la idea de cambiar de campo al a\u00f1o. Sin embargo, una vez dentro, muchas de las asignaturas que ofertaban me parecieron interesantes y no las impart\u00edan en otro tipo de titulaciones. Finalmente decid\u00ed quedarme y me encantaron.<\/p>\n\n\n\n<p><strong>\u00bfCu\u00e1l ha sido tu trayectoria profesional?&nbsp;&nbsp;&nbsp;<\/strong>Cuando termin\u00e9 la carrera tuve la oportunidad de realizar pr\u00e1cticas en el departamento de radioprotecci\u00f3n del CIEMAT. All\u00ed me di cuenta de que me gustaba estudiar como el ambiente afectaba a la salud de las personas o lo que se llama epidemiolog\u00eda ambiental. Realic\u00e9 un&nbsp;<em>M\u00e1ster en M\u00e9todos Cuantitativos de Investigaci\u00f3n en Epidemiolog\u00eda<\/em>&nbsp;y de ah\u00ed pase al grupo de investigaci\u00f3n&nbsp;<em>Heart Healthy Hoods<\/em>&nbsp;(barrios cardiosaludables) donde actualmente desarrollo mi tesis doctoral.<\/p>\n\n\n\n<p><strong>\u00bfQu\u00e9 funciones desempe\u00f1as en tu trabajo actual?&nbsp;&nbsp;&nbsp;<\/strong>Soy becaria predoctoral y me encuentro desarrollando mi tesis sobre ambientes alcohog\u00e9nicos. Analizo las caracter\u00edsticas de los barrios de Madrid, en lo que a bebidas alcoh\u00f3licas se refiere, y estudio su distribuci\u00f3n territorial para saber las caracter\u00edsticas sociodemogr\u00e1ficas de los barrios que est\u00e1n m\u00e1s expuestos a este tipo de sustancias.<\/p>\n\n\n\n<p><strong>\u00bfQu\u00e9 te ha aportado ser titulado por la UCLM?&nbsp;<\/strong>Mi formaci\u00f3n en la UCLM me ha ayudado a definir las bases sobre los temas que estoy desarrollando en mi actual trabajo. Sin embargo, en un grado multidisciplinar como el de Ciencias Ambientales la especializaci\u00f3n es necesaria para poder aumentar las opciones de trabajo. A nivel de profesorado, muchas de las personas que se encuentran impartiendo clase en la UCLM son realmente brillantes y me siento muy agradecida por haber podido conocer su trabajo durante mi aprendizaje. A nivel personal, las personas que me acompa\u00f1aron durante esos a\u00f1os, mis compa\u00f1eros, formar\u00e1n siempre parte de mi de una forma muy especial.<\/p>\n","protected":false},"excerpt":{"rendered":"<p>Andrea Pastor Mu\u00f1oz Ciencias Ambientales (2016) Doctorado \u00bfPor qu\u00e9 decidiste estudiar Ciencias Ambientales?&nbsp;&nbsp;&nbsp;Realmente nunca me plante\u00e9 estudiar un grado como el de Ciencias Ambientales. Entr\u00e9 con la idea de cambiar de campo al a\u00f1o. Sin embargo, una vez dentro, muchas de las asignaturas que ofertaban me parecieron interesantes y no las impart\u00edan en otro tipo &hellip; <\/p>\n<p class=\"link-more\"><a href=\"https:\/\/blog.uclm.es\/egresadosbioamb\/2023\/01\/18\/3061\/\" class=\"more-link\">Continuar leyendo<span class=\"screen-reader-text\"> \u00ab\u00bb<\/span><\/a><\/p>\n","protected":false},"author":163,"featured_media":0,"comment_status":"closed","ping_status":"closed","sticky":false,"template":"","format":"standard","meta":{"footnotes":""},"categories":[27],"tags":[],"class_list":["post-3061","post","type-post","status-publish","format-standard","hentry","category-alumnos-ciencias-ambientales"],"_links":{"self":[{"href":"https:\/\/blog.uclm.es\/egresadosbioamb\/wp-json\/wp\/v2\/posts\/3061","targetHints":{"allow":["GET"]}}],"collection":[{"href":"https:\/\/blog.uclm.es\/egresadosbioamb\/wp-json\/wp\/v2\/posts"}],"about":[{"href":"https:\/\/blog.uclm.es\/egresadosbioamb\/wp-json\/wp\/v2\/types\/post"}],"author":[{"embeddable":true,"href":"https:\/\/blog.uclm.es\/egresadosbioamb\/wp-json\/wp\/v2\/users\/163"}],"replies":[{"embeddable":true,"href":"https:\/\/blog.uclm.es\/egresadosbioamb\/wp-json\/wp\/v2\/comments?post=3061"}],"version-history":[{"count":1,"href":"https:\/\/blog.uclm.es\/egresadosbioamb\/wp-json\/wp\/v2\/posts\/3061\/revisions"}],"predecessor-version":[{"id":3064,"href":"https:\/\/blog.uclm.es\/egresadosbioamb\/wp-json\/wp\/v2\/posts\/3061\/revisions\/3064"}],"wp:attachment":[{"href":"https:\/\/blog.uclm.es\/egresadosbioamb\/wp-json\/wp\/v2\/media?parent=3061"}],"wp:term":[{"taxonomy":"category","embeddable":true,"href":"https:\/\/blog.uclm.es\/egresadosbioamb\/wp-json\/wp\/v2\/categories?post=3061"},{"taxonomy":"post_tag","embeddable":true,"href":"https:\/\/blog.uclm.es\/egresadosbioamb\/wp-json\/wp\/v2\/tags?post=3061"}],"curies":[{"name":"wp","href":"https:\/\/api.w.org\/{rel}","templated":true}]}}