{"id":3003,"date":"2023-01-17T18:36:09","date_gmt":"2023-01-17T18:36:09","guid":{"rendered":"https:\/\/blog.uclm.es\/egresadosbioamb\/?p=3003"},"modified":"2023-01-17T19:18:27","modified_gmt":"2023-01-17T19:18:27","slug":"sara-jimenez-jimenez","status":"publish","type":"post","link":"https:\/\/blog.uclm.es\/egresadosbioamb\/2023\/01\/17\/sara-jimenez-jimenez\/","title":{"rendered":""},"content":{"rendered":"\n<div class=\"wp-block-columns is-layout-flex wp-container-core-columns-is-layout-9d6595d7 wp-block-columns-is-layout-flex\">\n<div class=\"wp-block-column is-layout-flow wp-block-column-is-layout-flow\" style=\"flex-basis:33.33%\">\n<figure class=\"wp-block-image size-full\"><img loading=\"lazy\" decoding=\"async\" width=\"631\" height=\"570\" src=\"https:\/\/blog.uclm.es\/egresadosbioamb\/wp-content\/uploads\/sites\/173\/2020\/09\/sara.jpg\" alt=\"\" class=\"wp-image-2641\" srcset=\"https:\/\/blog.uclm.es\/egresadosbioamb\/wp-content\/uploads\/sites\/173\/2020\/09\/sara.jpg 631w, https:\/\/blog.uclm.es\/egresadosbioamb\/wp-content\/uploads\/sites\/173\/2020\/09\/sara-300x271.jpg 300w\" sizes=\"auto, (max-width: 631px) 100vw, 631px\" \/><\/figure>\n<\/div>\n\n\n\n<div class=\"wp-block-column is-layout-flow wp-block-column-is-layout-flow\" style=\"flex-basis:66.66%\">\n<p><strong>Sara Jim\u00e9nez Jim\u00e9nez<\/strong><\/p>\n\n\n\n<p>Ciencias ambientales (2016)<\/p>\n\n\n\n<p><strong>T\u00e9cnica de proyectos de restauraci\u00f3n ecol\u00f3gica.<\/strong><\/p>\n<\/div>\n<\/div>\n\n\n\n<p><strong>\u00bfPor qu\u00e9 decidiste estudiar Ciencias Ambientales?&nbsp;<\/strong><em>No puedo decir que fuese algo vocacional desde el principio. Conoc\u00ed de la existencia de esta carrera cuando estaba ya en segundo de Bachillerato. No obstante, siempre he sentido una necesidad de acercamiento a la naturaleza y una gran curiosidad por las ciencias y por c\u00f3mo funcionan los sistemas naturales. Cuando le\u00ed sobre el grado de Ciencias Ambientales se me abri\u00f3 un mundo de temas variados e interesantes sobre los que pod\u00eda aprender, as\u00ed que se puede decir que fue la curiosidad lo que me impuls\u00f3 a estudiar esta carrera.<\/em><\/p>\n\n\n\n<p><strong>\u00bfCu\u00e1l ha sido tu trayectoria profesional?<\/strong>&nbsp;<em>Tras finalizar el grado de ciencias ambientales, decid\u00ed tomarme un tiempo para tantear el mercado laboral del sector y sumergirme en la b\u00fasqueda de empleo. Al cabo de varios meses de b\u00fasqueda e intentos, consegu\u00ed una beca como T\u00e9cnico de Apoyo a Investigaci\u00f3n a trav\u00e9s del Sistema Nacional de Garant\u00eda Juvenil. Estuve un a\u00f1o como ayudante en el Departamento de Fisiolog\u00eda Vegetal de la Universidad de Granada, una experiencia muy gratificante a nivel laboral y personal. Adem\u00e1s, fue un empuj\u00f3n econ\u00f3mico que me hizo ver el momento oportuno para estudiar el m\u00e1ster que ten\u00eda en mente. Al finalizar la beca, comenc\u00e9 a estudiar el M\u00e1ster en Restauraci\u00f3n de Ecosistemas, de la UAH, UCM, UPM y URJC. Este m\u00e1ster fue la puerta de entrada a mi actual empleo en la Fundaci\u00f3n Internacional para la Restauraci\u00f3n de Ecosistemas (FIRE), una entidad privada sin \u00e1nimo de lucro asociada al mundo acad\u00e9mico y al m\u00e1ster en cuesti\u00f3n, que trabaja para la conservaci\u00f3n y restauraci\u00f3n de los ecosistemas (<\/em><a href=\"https:\/\/fundacionfire.org\/\"><em>fundacionfire.org<\/em><\/a><em>).<\/em><\/p>\n\n\n\n<p><strong>\u00bfQu\u00e9 funciones desempe\u00f1as en tu trabajo actual?<\/strong><em>&nbsp;Como t\u00e9cnica de proyectos de la FIRE, mi labor consiste en dise\u00f1ar y desarrollar proyectos dentro de las l\u00edneas de actuaci\u00f3n en las que trabaja la fundaci\u00f3n. Actualmente, mi trabajo se centra en La Mancha y la comarca del Campo de Montiel, y est\u00e1 orientado a la conservaci\u00f3n de la biodiversidad en entornos agrarios.<\/em><\/p>\n\n\n\n<p><strong>\u00bfQu\u00e9 te ha aportado haber estudiado en la UCLM?&nbsp;<\/strong><em>Muchas experiencias \u00fatiles. Buenos profesores preocupados por una formaci\u00f3n de calidad y un espacio tranquilo donde conoc\u00ed a mucha gente con inquietudes similares a las m\u00edas. Mi formaci\u00f3n en la UCLM estableci\u00f3 una base firme sobre la que seguir construyendo.<\/em><\/p>\n","protected":false},"excerpt":{"rendered":"<p>Sara Jim\u00e9nez Jim\u00e9nez Ciencias ambientales (2016) T\u00e9cnica de proyectos de restauraci\u00f3n ecol\u00f3gica. \u00bfPor qu\u00e9 decidiste estudiar Ciencias Ambientales?&nbsp;No puedo decir que fuese algo vocacional desde el principio. Conoc\u00ed de la existencia de esta carrera cuando estaba ya en segundo de Bachillerato. No obstante, siempre he sentido una necesidad de acercamiento a la naturaleza y una &hellip; <\/p>\n<p class=\"link-more\"><a href=\"https:\/\/blog.uclm.es\/egresadosbioamb\/2023\/01\/17\/sara-jimenez-jimenez\/\" class=\"more-link\">Continuar leyendo<span class=\"screen-reader-text\"> \u00ab\u00bb<\/span><\/a><\/p>\n","protected":false},"author":163,"featured_media":0,"comment_status":"closed","ping_status":"closed","sticky":false,"template":"","format":"standard","meta":{"footnotes":""},"categories":[27],"tags":[],"class_list":["post-3003","post","type-post","status-publish","format-standard","hentry","category-alumnos-ciencias-ambientales"],"_links":{"self":[{"href":"https:\/\/blog.uclm.es\/egresadosbioamb\/wp-json\/wp\/v2\/posts\/3003","targetHints":{"allow":["GET"]}}],"collection":[{"href":"https:\/\/blog.uclm.es\/egresadosbioamb\/wp-json\/wp\/v2\/posts"}],"about":[{"href":"https:\/\/blog.uclm.es\/egresadosbioamb\/wp-json\/wp\/v2\/types\/post"}],"author":[{"embeddable":true,"href":"https:\/\/blog.uclm.es\/egresadosbioamb\/wp-json\/wp\/v2\/users\/163"}],"replies":[{"embeddable":true,"href":"https:\/\/blog.uclm.es\/egresadosbioamb\/wp-json\/wp\/v2\/comments?post=3003"}],"version-history":[{"count":3,"href":"https:\/\/blog.uclm.es\/egresadosbioamb\/wp-json\/wp\/v2\/posts\/3003\/revisions"}],"predecessor-version":[{"id":3045,"href":"https:\/\/blog.uclm.es\/egresadosbioamb\/wp-json\/wp\/v2\/posts\/3003\/revisions\/3045"}],"wp:attachment":[{"href":"https:\/\/blog.uclm.es\/egresadosbioamb\/wp-json\/wp\/v2\/media?parent=3003"}],"wp:term":[{"taxonomy":"category","embeddable":true,"href":"https:\/\/blog.uclm.es\/egresadosbioamb\/wp-json\/wp\/v2\/categories?post=3003"},{"taxonomy":"post_tag","embeddable":true,"href":"https:\/\/blog.uclm.es\/egresadosbioamb\/wp-json\/wp\/v2\/tags?post=3003"}],"curies":[{"name":"wp","href":"https:\/\/api.w.org\/{rel}","templated":true}]}}