{"id":3340,"date":"2025-05-08T16:43:36","date_gmt":"2025-05-08T16:43:36","guid":{"rendered":"https:\/\/blog.uclm.es\/creuclm\/?p=3340"},"modified":"2025-05-08T16:47:19","modified_gmt":"2025-05-08T16:47:19","slug":"pleno-ordinario-del-ceune","status":"publish","type":"post","link":"https:\/\/blog.uclm.es\/creuclm\/2025\/05\/08\/pleno-ordinario-del-ceune\/","title":{"rendered":"PLENO ORDINARIO DEL CEUNE"},"content":{"rendered":"\n<p>El pasado d\u00eda 9 de abril, se celebr\u00f3 en Madrid (Escuelas P\u00edas &#8211; UNED), el pleno del Consejo de Estudiantes Universitarios del Estado (CEUNE), el m\u00e1ximo \u00f3rgano de representaci\u00f3n ante el estado y el ministerio.<\/p>\n\n\n\n<p>En dicho pleno, al cual acudi\u00f3 Carlos L\u00f3pez Mu\u00f1oz (Presidente del CRE-UCLM) en representaci\u00f3n de nuestra universidad, se trataron temas como el acceso de estudiantes al m\u00e1ster de profesorado en matem\u00e1ticas, ponderaciones para el acceso a la universidad, etc.<br>Otro de los temas que se trat\u00f3 fue el deterioro en los contratos de formaci\u00f3n del profesorado universitario (FPU) o la revisi\u00f3n de los requisitos de las Becas MEC.<\/p>\n\n\n\n<p>En dicho pleno, el cual presidi\u00f3 la Ministra de Ciencia y Universidades, se renov\u00f3 tambi\u00e9n la Comisi\u00f3n Permanente del propio CEUNE, saliendo nuestro Presidente <a href=\"https:\/\/www.instagram.com\/carloslomunoz\/\">@carloslomunoz<\/a> como vocal de la propia comisi\u00f3n permanente. <\/p>\n\n\n\n<p>Desde el CRE-UCLM le damos la enhorabuena, ya que no solamente representar\u00e1 los intereses de nuestra universidad ante el ministerio y el estado, sino que ha conseguido ser uno de los pocos estudiantes que representan a las universidades del Sistema Universitario\u00a0Espa\u00f1ol.<\/p>\n\n\n\n<div class=\"wp-block-columns is-layout-flex wp-container-core-columns-is-layout-9d6595d7 wp-block-columns-is-layout-flex\">\n<div class=\"wp-block-column is-layout-flow wp-block-column-is-layout-flow\">\n<figure class=\"wp-block-image size-large\"><img loading=\"lazy\" decoding=\"async\" width=\"1024\" height=\"1024\" src=\"https:\/\/blog.uclm.es\/creuclm\/wp-content\/uploads\/sites\/200\/2025\/05\/WhatsApp-Image-2025-05-08-at-18.02.22-1024x1024.jpeg\" alt=\"\" class=\"wp-image-3341\" srcset=\"https:\/\/blog.uclm.es\/creuclm\/wp-content\/uploads\/sites\/200\/2025\/05\/WhatsApp-Image-2025-05-08-at-18.02.22-1024x1024.jpeg 1024w, https:\/\/blog.uclm.es\/creuclm\/wp-content\/uploads\/sites\/200\/2025\/05\/WhatsApp-Image-2025-05-08-at-18.02.22-300x300.jpeg 300w, https:\/\/blog.uclm.es\/creuclm\/wp-content\/uploads\/sites\/200\/2025\/05\/WhatsApp-Image-2025-05-08-at-18.02.22-150x150.jpeg 150w, https:\/\/blog.uclm.es\/creuclm\/wp-content\/uploads\/sites\/200\/2025\/05\/WhatsApp-Image-2025-05-08-at-18.02.22-768x768.jpeg 768w, https:\/\/blog.uclm.es\/creuclm\/wp-content\/uploads\/sites\/200\/2025\/05\/WhatsApp-Image-2025-05-08-at-18.02.22-100x100.jpeg 100w, https:\/\/blog.uclm.es\/creuclm\/wp-content\/uploads\/sites\/200\/2025\/05\/WhatsApp-Image-2025-05-08-at-18.02.22.jpeg 1080w\" sizes=\"auto, (max-width: 767px) 89vw, (max-width: 1000px) 54vw, (max-width: 1071px) 543px, 580px\" \/><\/figure>\n<\/div>\n\n\n\n<div class=\"wp-block-column is-layout-flow wp-block-column-is-layout-flow\">\n<figure class=\"wp-block-image size-large\"><img loading=\"lazy\" decoding=\"async\" width=\"1024\" height=\"1024\" src=\"https:\/\/blog.uclm.es\/creuclm\/wp-content\/uploads\/sites\/200\/2025\/05\/WhatsApp-Image-2025-05-08-at-18.02.22-1-1024x1024.jpeg\" alt=\"\" class=\"wp-image-3342\" srcset=\"https:\/\/blog.uclm.es\/creuclm\/wp-content\/uploads\/sites\/200\/2025\/05\/WhatsApp-Image-2025-05-08-at-18.02.22-1-1024x1024.jpeg 1024w, https:\/\/blog.uclm.es\/creuclm\/wp-content\/uploads\/sites\/200\/2025\/05\/WhatsApp-Image-2025-05-08-at-18.02.22-1-300x300.jpeg 300w, https:\/\/blog.uclm.es\/creuclm\/wp-content\/uploads\/sites\/200\/2025\/05\/WhatsApp-Image-2025-05-08-at-18.02.22-1-150x150.jpeg 150w, https:\/\/blog.uclm.es\/creuclm\/wp-content\/uploads\/sites\/200\/2025\/05\/WhatsApp-Image-2025-05-08-at-18.02.22-1-768x768.jpeg 768w, https:\/\/blog.uclm.es\/creuclm\/wp-content\/uploads\/sites\/200\/2025\/05\/WhatsApp-Image-2025-05-08-at-18.02.22-1-100x100.jpeg 100w, https:\/\/blog.uclm.es\/creuclm\/wp-content\/uploads\/sites\/200\/2025\/05\/WhatsApp-Image-2025-05-08-at-18.02.22-1.jpeg 1080w\" sizes=\"auto, (max-width: 767px) 89vw, (max-width: 1000px) 54vw, (max-width: 1071px) 543px, 580px\" \/><\/figure>\n<\/div>\n<\/div>\n","protected":false},"excerpt":{"rendered":"<p>El pasado d\u00eda 9 de abril, se celebr\u00f3 en Madrid (Escuelas P\u00edas &#8211; UNED), el pleno del Consejo de Estudiantes Universitarios del Estado (CEUNE), el m\u00e1ximo \u00f3rgano de representaci\u00f3n ante el estado y el ministerio. En dicho pleno, al cual acudi\u00f3 Carlos L\u00f3pez Mu\u00f1oz (Presidente del CRE-UCLM) en representaci\u00f3n de nuestra universidad, se trataron temas &hellip; <\/p>\n<p class=\"link-more\"><a href=\"https:\/\/blog.uclm.es\/creuclm\/2025\/05\/08\/pleno-ordinario-del-ceune\/\" class=\"more-link\">Continuar leyendo<span class=\"screen-reader-text\"> \u00abPLENO ORDINARIO DEL CEUNE\u00bb<\/span><\/a><\/p>\n","protected":false},"author":470,"featured_media":0,"comment_status":"open","ping_status":"open","sticky":false,"template":"","format":"standard","meta":{"footnotes":""},"categories":[1],"tags":[],"class_list":["post-3340","post","type-post","status-publish","format-standard","hentry","category-sin-categoria"],"_links":{"self":[{"href":"https:\/\/blog.uclm.es\/creuclm\/wp-json\/wp\/v2\/posts\/3340","targetHints":{"allow":["GET"]}}],"collection":[{"href":"https:\/\/blog.uclm.es\/creuclm\/wp-json\/wp\/v2\/posts"}],"about":[{"href":"https:\/\/blog.uclm.es\/creuclm\/wp-json\/wp\/v2\/types\/post"}],"author":[{"embeddable":true,"href":"https:\/\/blog.uclm.es\/creuclm\/wp-json\/wp\/v2\/users\/470"}],"replies":[{"embeddable":true,"href":"https:\/\/blog.uclm.es\/creuclm\/wp-json\/wp\/v2\/comments?post=3340"}],"version-history":[{"count":3,"href":"https:\/\/blog.uclm.es\/creuclm\/wp-json\/wp\/v2\/posts\/3340\/revisions"}],"predecessor-version":[{"id":3346,"href":"https:\/\/blog.uclm.es\/creuclm\/wp-json\/wp\/v2\/posts\/3340\/revisions\/3346"}],"wp:attachment":[{"href":"https:\/\/blog.uclm.es\/creuclm\/wp-json\/wp\/v2\/media?parent=3340"}],"wp:term":[{"taxonomy":"category","embeddable":true,"href":"https:\/\/blog.uclm.es\/creuclm\/wp-json\/wp\/v2\/categories?post=3340"},{"taxonomy":"post_tag","embeddable":true,"href":"https:\/\/blog.uclm.es\/creuclm\/wp-json\/wp\/v2\/tags?post=3340"}],"curies":[{"name":"wp","href":"https:\/\/api.w.org\/{rel}","templated":true}]}}