{"id":3207,"date":"2025-01-31T01:00:00","date_gmt":"2025-01-31T01:00:00","guid":{"rendered":"https:\/\/blog.uclm.es\/creuclm\/?p=3207"},"modified":"2025-04-19T11:40:39","modified_gmt":"2025-04-19T11:40:39","slug":"investidura-del-rector-y-acto-santo-tomas-de-aquino-campus-de-toledo","status":"publish","type":"post","link":"https:\/\/blog.uclm.es\/creuclm\/2025\/01\/31\/investidura-del-rector-y-acto-santo-tomas-de-aquino-campus-de-toledo\/","title":{"rendered":"INVESTIDURA DEL RECTOR Y ACTO SANTO TOM\u00c1S DE AQUINO &#8211; CAMPUS DE TOLEDO"},"content":{"rendered":"\n<p>El pasado jueves 30 de enero se celebr\u00f3 en el Campus de Toledo el acto acad\u00e9mico de Santo Tom\u00e1s de Aquino, al cual asistieron un total de 17 estudiantes.<br>Durante el acto, Jos\u00e9 Juli\u00e1n Garde L\u00f3pez-Brea fue investido como Rector Magn\u00edfico de la UCLM, por lo que ha puesto en marcha su segundo mandato, que tendr\u00e1 una duraci\u00f3n de 6 a\u00f1os.<\/p>\n\n\n\n<p>Adem\u00e1s de esto, tambi\u00e9n fueron investidos los nuevos doctores y las nuevas doctoras de nuestra universidad y se entregaron los Premios Alumni y los Premios Extraordinarios de doctorado, as\u00ed como tambi\u00e9n se reconoci\u00f3 a personal jubilado.<\/p>\n\n\n\n<p>Posteriormente, los estudiantes pudieron establecer contacto con la nueva Vicerrectora de Estudiantes y la Directora Acad\u00e9mica, al igual que con el Rector reci\u00e9n investido.<\/p>\n\n\n\n<p>\u00a1Enhorabuena a todos los galardonados!<\/p>\n\n\n\n<div class=\"wp-block-columns is-layout-flex wp-container-core-columns-is-layout-9d6595d7 wp-block-columns-is-layout-flex\">\n<div class=\"wp-block-column is-layout-flow wp-block-column-is-layout-flow\">\n<figure class=\"wp-block-image size-large\"><img loading=\"lazy\" decoding=\"async\" width=\"1024\" height=\"1006\" src=\"https:\/\/blog.uclm.es\/creuclm\/wp-content\/uploads\/sites\/200\/2025\/03\/WhatsApp-Image-2025-03-15-at-02.07.47-5-1024x1006.jpeg\" alt=\"\" class=\"wp-image-3209\" srcset=\"https:\/\/blog.uclm.es\/creuclm\/wp-content\/uploads\/sites\/200\/2025\/03\/WhatsApp-Image-2025-03-15-at-02.07.47-5-1024x1006.jpeg 1024w, https:\/\/blog.uclm.es\/creuclm\/wp-content\/uploads\/sites\/200\/2025\/03\/WhatsApp-Image-2025-03-15-at-02.07.47-5-300x295.jpeg 300w, https:\/\/blog.uclm.es\/creuclm\/wp-content\/uploads\/sites\/200\/2025\/03\/WhatsApp-Image-2025-03-15-at-02.07.47-5-768x754.jpeg 768w, https:\/\/blog.uclm.es\/creuclm\/wp-content\/uploads\/sites\/200\/2025\/03\/WhatsApp-Image-2025-03-15-at-02.07.47-5.jpeg 1284w\" sizes=\"auto, (max-width: 767px) 89vw, (max-width: 1000px) 54vw, (max-width: 1071px) 543px, 580px\" \/><\/figure>\n<\/div>\n\n\n\n<div class=\"wp-block-column is-layout-flow wp-block-column-is-layout-flow\">\n<figure class=\"wp-block-image size-large\"><img loading=\"lazy\" decoding=\"async\" width=\"1024\" height=\"1004\" src=\"https:\/\/blog.uclm.es\/creuclm\/wp-content\/uploads\/sites\/200\/2025\/03\/WhatsApp-Image-2025-03-15-at-02.07.47-4-1024x1004.jpeg\" alt=\"\" class=\"wp-image-3211\" srcset=\"https:\/\/blog.uclm.es\/creuclm\/wp-content\/uploads\/sites\/200\/2025\/03\/WhatsApp-Image-2025-03-15-at-02.07.47-4-1024x1004.jpeg 1024w, https:\/\/blog.uclm.es\/creuclm\/wp-content\/uploads\/sites\/200\/2025\/03\/WhatsApp-Image-2025-03-15-at-02.07.47-4-300x294.jpeg 300w, https:\/\/blog.uclm.es\/creuclm\/wp-content\/uploads\/sites\/200\/2025\/03\/WhatsApp-Image-2025-03-15-at-02.07.47-4-768x753.jpeg 768w, https:\/\/blog.uclm.es\/creuclm\/wp-content\/uploads\/sites\/200\/2025\/03\/WhatsApp-Image-2025-03-15-at-02.07.47-4.jpeg 1284w\" sizes=\"auto, (max-width: 767px) 89vw, (max-width: 1000px) 54vw, (max-width: 1071px) 543px, 580px\" \/><\/figure>\n<\/div>\n<\/div>\n\n\n\n<div class=\"wp-block-columns is-layout-flex wp-container-core-columns-is-layout-9d6595d7 wp-block-columns-is-layout-flex\">\n<div class=\"wp-block-column is-layout-flow wp-block-column-is-layout-flow\">\n<figure class=\"wp-block-image size-large\"><img loading=\"lazy\" decoding=\"async\" width=\"1024\" height=\"998\" src=\"https:\/\/blog.uclm.es\/creuclm\/wp-content\/uploads\/sites\/200\/2025\/03\/WhatsApp-Image-2025-03-15-at-02.07.47-1024x998.jpeg\" alt=\"\" class=\"wp-image-3210\" srcset=\"https:\/\/blog.uclm.es\/creuclm\/wp-content\/uploads\/sites\/200\/2025\/03\/WhatsApp-Image-2025-03-15-at-02.07.47-1024x998.jpeg 1024w, https:\/\/blog.uclm.es\/creuclm\/wp-content\/uploads\/sites\/200\/2025\/03\/WhatsApp-Image-2025-03-15-at-02.07.47-300x293.jpeg 300w, https:\/\/blog.uclm.es\/creuclm\/wp-content\/uploads\/sites\/200\/2025\/03\/WhatsApp-Image-2025-03-15-at-02.07.47-768x749.jpeg 768w, https:\/\/blog.uclm.es\/creuclm\/wp-content\/uploads\/sites\/200\/2025\/03\/WhatsApp-Image-2025-03-15-at-02.07.47.jpeg 1284w\" sizes=\"auto, (max-width: 767px) 89vw, (max-width: 1000px) 54vw, (max-width: 1071px) 543px, 580px\" \/><\/figure>\n<\/div>\n\n\n\n<div class=\"wp-block-column is-layout-flow wp-block-column-is-layout-flow\">\n<figure class=\"wp-block-image size-large\"><img loading=\"lazy\" decoding=\"async\" width=\"1024\" height=\"996\" src=\"https:\/\/blog.uclm.es\/creuclm\/wp-content\/uploads\/sites\/200\/2025\/03\/WhatsApp-Image-2025-03-15-at-02.07.47-2-1024x996.jpeg\" alt=\"\" class=\"wp-image-3212\" srcset=\"https:\/\/blog.uclm.es\/creuclm\/wp-content\/uploads\/sites\/200\/2025\/03\/WhatsApp-Image-2025-03-15-at-02.07.47-2-1024x996.jpeg 1024w, https:\/\/blog.uclm.es\/creuclm\/wp-content\/uploads\/sites\/200\/2025\/03\/WhatsApp-Image-2025-03-15-at-02.07.47-2-300x292.jpeg 300w, https:\/\/blog.uclm.es\/creuclm\/wp-content\/uploads\/sites\/200\/2025\/03\/WhatsApp-Image-2025-03-15-at-02.07.47-2-768x747.jpeg 768w, https:\/\/blog.uclm.es\/creuclm\/wp-content\/uploads\/sites\/200\/2025\/03\/WhatsApp-Image-2025-03-15-at-02.07.47-2.jpeg 1284w\" sizes=\"auto, (max-width: 767px) 89vw, (max-width: 1000px) 54vw, (max-width: 1071px) 543px, 580px\" \/><\/figure>\n<\/div>\n<\/div>\n\n\n\n<div class=\"wp-block-columns is-layout-flex wp-container-core-columns-is-layout-9d6595d7 wp-block-columns-is-layout-flex\">\n<div class=\"wp-block-column is-layout-flow wp-block-column-is-layout-flow\">\n<figure class=\"wp-block-image size-large\"><img loading=\"lazy\" decoding=\"async\" width=\"1024\" height=\"991\" src=\"https:\/\/blog.uclm.es\/creuclm\/wp-content\/uploads\/sites\/200\/2025\/03\/WhatsApp-Image-2025-03-15-at-02.07.47-3-1024x991.jpeg\" alt=\"\" class=\"wp-image-3213\" srcset=\"https:\/\/blog.uclm.es\/creuclm\/wp-content\/uploads\/sites\/200\/2025\/03\/WhatsApp-Image-2025-03-15-at-02.07.47-3-1024x991.jpeg 1024w, https:\/\/blog.uclm.es\/creuclm\/wp-content\/uploads\/sites\/200\/2025\/03\/WhatsApp-Image-2025-03-15-at-02.07.47-3-300x290.jpeg 300w, https:\/\/blog.uclm.es\/creuclm\/wp-content\/uploads\/sites\/200\/2025\/03\/WhatsApp-Image-2025-03-15-at-02.07.47-3-768x743.jpeg 768w, https:\/\/blog.uclm.es\/creuclm\/wp-content\/uploads\/sites\/200\/2025\/03\/WhatsApp-Image-2025-03-15-at-02.07.47-3.jpeg 1284w\" sizes=\"auto, (max-width: 767px) 89vw, (max-width: 1000px) 54vw, (max-width: 1071px) 543px, 580px\" \/><\/figure>\n<\/div>\n\n\n\n<div class=\"wp-block-column is-layout-flow wp-block-column-is-layout-flow\">\n<figure class=\"wp-block-image size-large\"><img loading=\"lazy\" decoding=\"async\" width=\"1024\" height=\"1006\" src=\"https:\/\/blog.uclm.es\/creuclm\/wp-content\/uploads\/sites\/200\/2025\/03\/WhatsApp-Image-2025-03-15-at-02.07.47-5-1024x1006.jpeg\" alt=\"\" class=\"wp-image-3209\" srcset=\"https:\/\/blog.uclm.es\/creuclm\/wp-content\/uploads\/sites\/200\/2025\/03\/WhatsApp-Image-2025-03-15-at-02.07.47-5-1024x1006.jpeg 1024w, https:\/\/blog.uclm.es\/creuclm\/wp-content\/uploads\/sites\/200\/2025\/03\/WhatsApp-Image-2025-03-15-at-02.07.47-5-300x295.jpeg 300w, https:\/\/blog.uclm.es\/creuclm\/wp-content\/uploads\/sites\/200\/2025\/03\/WhatsApp-Image-2025-03-15-at-02.07.47-5-768x754.jpeg 768w, https:\/\/blog.uclm.es\/creuclm\/wp-content\/uploads\/sites\/200\/2025\/03\/WhatsApp-Image-2025-03-15-at-02.07.47-5.jpeg 1284w\" sizes=\"auto, (max-width: 767px) 89vw, (max-width: 1000px) 54vw, (max-width: 1071px) 543px, 580px\" \/><\/figure>\n<\/div>\n<\/div>\n","protected":false},"excerpt":{"rendered":"<p>El pasado jueves 30 de enero se celebr\u00f3 en el Campus de Toledo el acto acad\u00e9mico de Santo Tom\u00e1s de Aquino, al cual asistieron un total de 17 estudiantes.Durante el acto, Jos\u00e9 Juli\u00e1n Garde L\u00f3pez-Brea fue investido como Rector Magn\u00edfico de la UCLM, por lo que ha puesto en marcha su segundo mandato, que tendr\u00e1 &hellip; <\/p>\n<p class=\"link-more\"><a href=\"https:\/\/blog.uclm.es\/creuclm\/2025\/01\/31\/investidura-del-rector-y-acto-santo-tomas-de-aquino-campus-de-toledo\/\" class=\"more-link\">Continuar leyendo<span class=\"screen-reader-text\"> \u00abINVESTIDURA DEL RECTOR Y ACTO SANTO TOM\u00c1S DE AQUINO &#8211; CAMPUS DE TOLEDO\u00bb<\/span><\/a><\/p>\n","protected":false},"author":470,"featured_media":0,"comment_status":"open","ping_status":"open","sticky":false,"template":"","format":"standard","meta":{"footnotes":""},"categories":[1],"tags":[],"class_list":["post-3207","post","type-post","status-publish","format-standard","hentry","category-sin-categoria"],"_links":{"self":[{"href":"https:\/\/blog.uclm.es\/creuclm\/wp-json\/wp\/v2\/posts\/3207","targetHints":{"allow":["GET"]}}],"collection":[{"href":"https:\/\/blog.uclm.es\/creuclm\/wp-json\/wp\/v2\/posts"}],"about":[{"href":"https:\/\/blog.uclm.es\/creuclm\/wp-json\/wp\/v2\/types\/post"}],"author":[{"embeddable":true,"href":"https:\/\/blog.uclm.es\/creuclm\/wp-json\/wp\/v2\/users\/470"}],"replies":[{"embeddable":true,"href":"https:\/\/blog.uclm.es\/creuclm\/wp-json\/wp\/v2\/comments?post=3207"}],"version-history":[{"count":2,"href":"https:\/\/blog.uclm.es\/creuclm\/wp-json\/wp\/v2\/posts\/3207\/revisions"}],"predecessor-version":[{"id":3312,"href":"https:\/\/blog.uclm.es\/creuclm\/wp-json\/wp\/v2\/posts\/3207\/revisions\/3312"}],"wp:attachment":[{"href":"https:\/\/blog.uclm.es\/creuclm\/wp-json\/wp\/v2\/media?parent=3207"}],"wp:term":[{"taxonomy":"category","embeddable":true,"href":"https:\/\/blog.uclm.es\/creuclm\/wp-json\/wp\/v2\/categories?post=3207"},{"taxonomy":"post_tag","embeddable":true,"href":"https:\/\/blog.uclm.es\/creuclm\/wp-json\/wp\/v2\/tags?post=3207"}],"curies":[{"name":"wp","href":"https:\/\/api.w.org\/{rel}","templated":true}]}}