{"id":3121,"date":"2024-05-17T22:00:00","date_gmt":"2024-05-17T22:00:00","guid":{"rendered":"https:\/\/blog.uclm.es\/creuclm\/?p=3121"},"modified":"2025-03-14T22:31:48","modified_gmt":"2025-03-14T22:31:48","slug":"17-de-mayo-dia-internacional-contra-la-homofobia-la-bifobia-y-la-transfobia","status":"publish","type":"post","link":"https:\/\/blog.uclm.es\/creuclm\/2024\/05\/17\/17-de-mayo-dia-internacional-contra-la-homofobia-la-bifobia-y-la-transfobia\/","title":{"rendered":"17 DE MAYO \u2013 D\u00cdA INTERNACIONAL CONTRA LA HOMOFOBIA, LA BIFOBIA Y LA TRANSFOBIA"},"content":{"rendered":"\n<p>La Delegaci\u00f3n de Estudiantes de la sede de Talavera de la Reina colabor\u00f3 en un acto con la Asociaci\u00f3n \u201cLGTBora\u201d.<br>El acto consisti\u00f3 en la cuelga anual de la bandera por parte del estudiantado y la inauguraci\u00f3n de una exposici\u00f3n sobre las diferentes sexualidades, organizada por la propia Asociaci\u00f3n.<\/p>\n\n\n\n<p>Tras ello, se procedi\u00f3 a la lectura de un manifiesto contra las crecientes agresiones dirigidas a personas no heterosexuales, cifra que ha aumentado en el \u00faltimo a\u00f1o.<br>\ud83c\udff3\ufe0f\u200d\ud83c\udf08\ud83c\udff3\u200d\u26a7&nbsp;<a href=\"https:\/\/www.instagram.com\/lgtbora\/\">@lgtbora<\/a><\/p>\n\n\n\n<div class=\"wp-block-columns is-layout-flex wp-container-core-columns-is-layout-9d6595d7 wp-block-columns-is-layout-flex\">\n<div class=\"wp-block-column is-layout-flow wp-block-column-is-layout-flow\">\n<figure class=\"wp-block-image size-large\"><img loading=\"lazy\" decoding=\"async\" width=\"1024\" height=\"986\" src=\"https:\/\/blog.uclm.es\/creuclm\/wp-content\/uploads\/sites\/200\/2025\/03\/WhatsApp-Image-2025-03-14-at-23.30.11-1024x986.jpeg\" alt=\"\" class=\"wp-image-3122\" srcset=\"https:\/\/blog.uclm.es\/creuclm\/wp-content\/uploads\/sites\/200\/2025\/03\/WhatsApp-Image-2025-03-14-at-23.30.11-1024x986.jpeg 1024w, https:\/\/blog.uclm.es\/creuclm\/wp-content\/uploads\/sites\/200\/2025\/03\/WhatsApp-Image-2025-03-14-at-23.30.11-300x289.jpeg 300w, https:\/\/blog.uclm.es\/creuclm\/wp-content\/uploads\/sites\/200\/2025\/03\/WhatsApp-Image-2025-03-14-at-23.30.11-768x739.jpeg 768w, https:\/\/blog.uclm.es\/creuclm\/wp-content\/uploads\/sites\/200\/2025\/03\/WhatsApp-Image-2025-03-14-at-23.30.11.jpeg 1284w\" sizes=\"auto, (max-width: 767px) 89vw, (max-width: 1000px) 54vw, (max-width: 1071px) 543px, 580px\" \/><\/figure>\n<\/div>\n\n\n\n<div class=\"wp-block-column is-layout-flow wp-block-column-is-layout-flow\">\n<figure class=\"wp-block-image size-large\"><img loading=\"lazy\" decoding=\"async\" width=\"1024\" height=\"994\" src=\"https:\/\/blog.uclm.es\/creuclm\/wp-content\/uploads\/sites\/200\/2025\/03\/WhatsApp-Image-2025-03-14-at-23.30.11-1-1024x994.jpeg\" alt=\"\" class=\"wp-image-3123\" srcset=\"https:\/\/blog.uclm.es\/creuclm\/wp-content\/uploads\/sites\/200\/2025\/03\/WhatsApp-Image-2025-03-14-at-23.30.11-1-1024x994.jpeg 1024w, https:\/\/blog.uclm.es\/creuclm\/wp-content\/uploads\/sites\/200\/2025\/03\/WhatsApp-Image-2025-03-14-at-23.30.11-1-300x291.jpeg 300w, https:\/\/blog.uclm.es\/creuclm\/wp-content\/uploads\/sites\/200\/2025\/03\/WhatsApp-Image-2025-03-14-at-23.30.11-1-768x746.jpeg 768w, https:\/\/blog.uclm.es\/creuclm\/wp-content\/uploads\/sites\/200\/2025\/03\/WhatsApp-Image-2025-03-14-at-23.30.11-1.jpeg 1284w\" sizes=\"auto, (max-width: 767px) 89vw, (max-width: 1000px) 54vw, (max-width: 1071px) 543px, 580px\" \/><\/figure>\n<\/div>\n<\/div>\n","protected":false},"excerpt":{"rendered":"<p>La Delegaci\u00f3n de Estudiantes de la sede de Talavera de la Reina colabor\u00f3 en un acto con la Asociaci\u00f3n \u201cLGTBora\u201d.El acto consisti\u00f3 en la cuelga anual de la bandera por parte del estudiantado y la inauguraci\u00f3n de una exposici\u00f3n sobre las diferentes sexualidades, organizada por la propia Asociaci\u00f3n. Tras ello, se procedi\u00f3 a la lectura &hellip; <\/p>\n<p class=\"link-more\"><a href=\"https:\/\/blog.uclm.es\/creuclm\/2024\/05\/17\/17-de-mayo-dia-internacional-contra-la-homofobia-la-bifobia-y-la-transfobia\/\" class=\"more-link\">Continuar leyendo<span class=\"screen-reader-text\"> \u00ab17 DE MAYO \u2013 D\u00cdA INTERNACIONAL CONTRA LA HOMOFOBIA, LA BIFOBIA Y LA TRANSFOBIA\u00bb<\/span><\/a><\/p>\n","protected":false},"author":470,"featured_media":0,"comment_status":"open","ping_status":"open","sticky":false,"template":"","format":"standard","meta":{"footnotes":""},"categories":[1],"tags":[],"class_list":["post-3121","post","type-post","status-publish","format-standard","hentry","category-sin-categoria"],"_links":{"self":[{"href":"https:\/\/blog.uclm.es\/creuclm\/wp-json\/wp\/v2\/posts\/3121","targetHints":{"allow":["GET"]}}],"collection":[{"href":"https:\/\/blog.uclm.es\/creuclm\/wp-json\/wp\/v2\/posts"}],"about":[{"href":"https:\/\/blog.uclm.es\/creuclm\/wp-json\/wp\/v2\/types\/post"}],"author":[{"embeddable":true,"href":"https:\/\/blog.uclm.es\/creuclm\/wp-json\/wp\/v2\/users\/470"}],"replies":[{"embeddable":true,"href":"https:\/\/blog.uclm.es\/creuclm\/wp-json\/wp\/v2\/comments?post=3121"}],"version-history":[{"count":1,"href":"https:\/\/blog.uclm.es\/creuclm\/wp-json\/wp\/v2\/posts\/3121\/revisions"}],"predecessor-version":[{"id":3124,"href":"https:\/\/blog.uclm.es\/creuclm\/wp-json\/wp\/v2\/posts\/3121\/revisions\/3124"}],"wp:attachment":[{"href":"https:\/\/blog.uclm.es\/creuclm\/wp-json\/wp\/v2\/media?parent=3121"}],"wp:term":[{"taxonomy":"category","embeddable":true,"href":"https:\/\/blog.uclm.es\/creuclm\/wp-json\/wp\/v2\/categories?post=3121"},{"taxonomy":"post_tag","embeddable":true,"href":"https:\/\/blog.uclm.es\/creuclm\/wp-json\/wp\/v2\/tags?post=3121"}],"curies":[{"name":"wp","href":"https:\/\/api.w.org\/{rel}","templated":true}]}}