{"id":3113,"date":"2025-02-05T22:00:00","date_gmt":"2025-02-05T22:00:00","guid":{"rendered":"https:\/\/blog.uclm.es\/creuclm\/?p=3113"},"modified":"2025-03-14T22:26:48","modified_gmt":"2025-03-14T22:26:48","slug":"nueva-comision-ejecutiva-del-cre-uclm-2025","status":"publish","type":"post","link":"https:\/\/blog.uclm.es\/creuclm\/2025\/02\/05\/nueva-comision-ejecutiva-del-cre-uclm-2025\/","title":{"rendered":"NUEVA COMISI\u00d3N EJECUTIVA DEL CRE-UCLM 2025"},"content":{"rendered":"\n<p>Conoce a la nueva Comisi\u00f3n Ejecutiva del CRE-UCLM tras el nombramiento de Carlos L\u00f3pez Mu\u00f1oz como Delegado General de Estudiantes de la UCLM, que tuvo lugar el pasado mi\u00e9rcoles, 5 de febrero.<\/p>\n\n\n\n<p>El equipo quedar\u00eda conformado de la siguiente manera:<br>&#8211; Presidente: Carlos L\u00f3pez Mu\u00f1oz&nbsp;<a href=\"https:\/\/www.instagram.com\/carloslomunoz\/\">@carloslomunoz<\/a><br>&#8211; Vicepresidenta para la Vida Universitaria: Ver\u00f3nica Parre\u00f1o Moreno&nbsp;<a href=\"https:\/\/www.instagram.com\/veroniiica_23\/\">@veroniiica_23<\/a><br>&#8211; Vicepresidencia para la Coordinaci\u00f3n y Log\u00edstica: Ana Escobar Molina&nbsp;<a href=\"https:\/\/www.instagram.com\/anaaescobar_\/\">@anaaescobar_<\/a><br>&#8211; Secretario: Juan Alfonso Blanco Morales&nbsp;<a href=\"https:\/\/www.instagram.com\/juanalfbla\/\">@juanalfbla<\/a><br>&#8211; Tesorero: Lorenzo S\u00e1nchez Mata&nbsp;<a href=\"https:\/\/www.instagram.com\/sanchez_14_14\/\">@sanchez_14_14<\/a><\/p>\n\n\n\n<p>Los 5 integrantes, junto con el resto del CRE-UCLM trabajar\u00e1n durante estos meses por y para el estudiantado de nuestra universidad.<\/p>\n\n\n\n<div class=\"wp-block-columns is-layout-flex wp-container-core-columns-is-layout-9d6595d7 wp-block-columns-is-layout-flex\">\n<div class=\"wp-block-column is-layout-flow wp-block-column-is-layout-flow\">\n<figure class=\"wp-block-image size-large\"><img loading=\"lazy\" decoding=\"async\" width=\"1024\" height=\"1024\" src=\"https:\/\/blog.uclm.es\/creuclm\/wp-content\/uploads\/sites\/200\/2025\/03\/WhatsApp-Image-2025-03-05-at-23.34.10-10-1024x1024.jpeg\" alt=\"\" class=\"wp-image-3114\" srcset=\"https:\/\/blog.uclm.es\/creuclm\/wp-content\/uploads\/sites\/200\/2025\/03\/WhatsApp-Image-2025-03-05-at-23.34.10-10-1024x1024.jpeg 1024w, https:\/\/blog.uclm.es\/creuclm\/wp-content\/uploads\/sites\/200\/2025\/03\/WhatsApp-Image-2025-03-05-at-23.34.10-10-300x300.jpeg 300w, https:\/\/blog.uclm.es\/creuclm\/wp-content\/uploads\/sites\/200\/2025\/03\/WhatsApp-Image-2025-03-05-at-23.34.10-10-150x150.jpeg 150w, https:\/\/blog.uclm.es\/creuclm\/wp-content\/uploads\/sites\/200\/2025\/03\/WhatsApp-Image-2025-03-05-at-23.34.10-10-768x768.jpeg 768w, https:\/\/blog.uclm.es\/creuclm\/wp-content\/uploads\/sites\/200\/2025\/03\/WhatsApp-Image-2025-03-05-at-23.34.10-10-100x100.jpeg 100w, https:\/\/blog.uclm.es\/creuclm\/wp-content\/uploads\/sites\/200\/2025\/03\/WhatsApp-Image-2025-03-05-at-23.34.10-10.jpeg 1080w\" sizes=\"auto, (max-width: 767px) 89vw, (max-width: 1000px) 54vw, (max-width: 1071px) 543px, 580px\" \/><\/figure>\n<\/div>\n\n\n\n<div class=\"wp-block-column is-layout-flow wp-block-column-is-layout-flow\">\n<figure class=\"wp-block-image size-large\"><img loading=\"lazy\" decoding=\"async\" width=\"1024\" height=\"1024\" src=\"https:\/\/blog.uclm.es\/creuclm\/wp-content\/uploads\/sites\/200\/2025\/03\/WhatsApp-Image-2025-03-05-at-23.34.10-2-1024x1024.jpeg\" alt=\"\" class=\"wp-image-3115\" srcset=\"https:\/\/blog.uclm.es\/creuclm\/wp-content\/uploads\/sites\/200\/2025\/03\/WhatsApp-Image-2025-03-05-at-23.34.10-2-1024x1024.jpeg 1024w, https:\/\/blog.uclm.es\/creuclm\/wp-content\/uploads\/sites\/200\/2025\/03\/WhatsApp-Image-2025-03-05-at-23.34.10-2-300x300.jpeg 300w, https:\/\/blog.uclm.es\/creuclm\/wp-content\/uploads\/sites\/200\/2025\/03\/WhatsApp-Image-2025-03-05-at-23.34.10-2-150x150.jpeg 150w, https:\/\/blog.uclm.es\/creuclm\/wp-content\/uploads\/sites\/200\/2025\/03\/WhatsApp-Image-2025-03-05-at-23.34.10-2-768x768.jpeg 768w, https:\/\/blog.uclm.es\/creuclm\/wp-content\/uploads\/sites\/200\/2025\/03\/WhatsApp-Image-2025-03-05-at-23.34.10-2-100x100.jpeg 100w, https:\/\/blog.uclm.es\/creuclm\/wp-content\/uploads\/sites\/200\/2025\/03\/WhatsApp-Image-2025-03-05-at-23.34.10-2.jpeg 1080w\" sizes=\"auto, (max-width: 767px) 89vw, (max-width: 1000px) 54vw, (max-width: 1071px) 543px, 580px\" \/><\/figure>\n<\/div>\n<\/div>\n\n\n\n<div class=\"wp-block-columns is-layout-flex wp-container-core-columns-is-layout-9d6595d7 wp-block-columns-is-layout-flex\">\n<div class=\"wp-block-column is-layout-flow wp-block-column-is-layout-flow\">\n<figure class=\"wp-block-image size-large\"><img loading=\"lazy\" decoding=\"async\" width=\"1024\" height=\"1024\" src=\"https:\/\/blog.uclm.es\/creuclm\/wp-content\/uploads\/sites\/200\/2025\/03\/WhatsApp-Image-2025-03-05-at-23.34.10-6-1024x1024.jpeg\" alt=\"\" class=\"wp-image-3116\" srcset=\"https:\/\/blog.uclm.es\/creuclm\/wp-content\/uploads\/sites\/200\/2025\/03\/WhatsApp-Image-2025-03-05-at-23.34.10-6-1024x1024.jpeg 1024w, https:\/\/blog.uclm.es\/creuclm\/wp-content\/uploads\/sites\/200\/2025\/03\/WhatsApp-Image-2025-03-05-at-23.34.10-6-300x300.jpeg 300w, https:\/\/blog.uclm.es\/creuclm\/wp-content\/uploads\/sites\/200\/2025\/03\/WhatsApp-Image-2025-03-05-at-23.34.10-6-150x150.jpeg 150w, https:\/\/blog.uclm.es\/creuclm\/wp-content\/uploads\/sites\/200\/2025\/03\/WhatsApp-Image-2025-03-05-at-23.34.10-6-768x768.jpeg 768w, https:\/\/blog.uclm.es\/creuclm\/wp-content\/uploads\/sites\/200\/2025\/03\/WhatsApp-Image-2025-03-05-at-23.34.10-6-100x100.jpeg 100w, https:\/\/blog.uclm.es\/creuclm\/wp-content\/uploads\/sites\/200\/2025\/03\/WhatsApp-Image-2025-03-05-at-23.34.10-6.jpeg 1080w\" sizes=\"auto, (max-width: 767px) 89vw, (max-width: 1000px) 54vw, (max-width: 1071px) 543px, 580px\" \/><\/figure>\n<\/div>\n\n\n\n<div class=\"wp-block-column is-layout-flow wp-block-column-is-layout-flow\">\n<figure class=\"wp-block-image size-large\"><img loading=\"lazy\" decoding=\"async\" width=\"1024\" height=\"1024\" src=\"https:\/\/blog.uclm.es\/creuclm\/wp-content\/uploads\/sites\/200\/2025\/03\/WhatsApp-Image-2025-03-05-at-23.34.10-5-1024x1024.jpeg\" alt=\"\" class=\"wp-image-3117\" srcset=\"https:\/\/blog.uclm.es\/creuclm\/wp-content\/uploads\/sites\/200\/2025\/03\/WhatsApp-Image-2025-03-05-at-23.34.10-5-1024x1024.jpeg 1024w, https:\/\/blog.uclm.es\/creuclm\/wp-content\/uploads\/sites\/200\/2025\/03\/WhatsApp-Image-2025-03-05-at-23.34.10-5-300x300.jpeg 300w, https:\/\/blog.uclm.es\/creuclm\/wp-content\/uploads\/sites\/200\/2025\/03\/WhatsApp-Image-2025-03-05-at-23.34.10-5-150x150.jpeg 150w, https:\/\/blog.uclm.es\/creuclm\/wp-content\/uploads\/sites\/200\/2025\/03\/WhatsApp-Image-2025-03-05-at-23.34.10-5-768x768.jpeg 768w, https:\/\/blog.uclm.es\/creuclm\/wp-content\/uploads\/sites\/200\/2025\/03\/WhatsApp-Image-2025-03-05-at-23.34.10-5-100x100.jpeg 100w, https:\/\/blog.uclm.es\/creuclm\/wp-content\/uploads\/sites\/200\/2025\/03\/WhatsApp-Image-2025-03-05-at-23.34.10-5.jpeg 1080w\" sizes=\"auto, (max-width: 767px) 89vw, (max-width: 1000px) 54vw, (max-width: 1071px) 543px, 580px\" \/><\/figure>\n<\/div>\n<\/div>\n\n\n\n<div class=\"wp-block-columns is-layout-flex wp-container-core-columns-is-layout-9d6595d7 wp-block-columns-is-layout-flex\">\n<div class=\"wp-block-column is-layout-flow wp-block-column-is-layout-flow\">\n<figure class=\"wp-block-image size-large\"><img loading=\"lazy\" decoding=\"async\" width=\"1024\" height=\"1024\" src=\"https:\/\/blog.uclm.es\/creuclm\/wp-content\/uploads\/sites\/200\/2025\/03\/WhatsApp-Image-2025-03-05-at-23.34.10-3-1024x1024.jpeg\" alt=\"\" class=\"wp-image-3118\" srcset=\"https:\/\/blog.uclm.es\/creuclm\/wp-content\/uploads\/sites\/200\/2025\/03\/WhatsApp-Image-2025-03-05-at-23.34.10-3-1024x1024.jpeg 1024w, https:\/\/blog.uclm.es\/creuclm\/wp-content\/uploads\/sites\/200\/2025\/03\/WhatsApp-Image-2025-03-05-at-23.34.10-3-300x300.jpeg 300w, https:\/\/blog.uclm.es\/creuclm\/wp-content\/uploads\/sites\/200\/2025\/03\/WhatsApp-Image-2025-03-05-at-23.34.10-3-150x150.jpeg 150w, https:\/\/blog.uclm.es\/creuclm\/wp-content\/uploads\/sites\/200\/2025\/03\/WhatsApp-Image-2025-03-05-at-23.34.10-3-768x768.jpeg 768w, https:\/\/blog.uclm.es\/creuclm\/wp-content\/uploads\/sites\/200\/2025\/03\/WhatsApp-Image-2025-03-05-at-23.34.10-3-100x100.jpeg 100w, https:\/\/blog.uclm.es\/creuclm\/wp-content\/uploads\/sites\/200\/2025\/03\/WhatsApp-Image-2025-03-05-at-23.34.10-3.jpeg 1080w\" sizes=\"auto, (max-width: 767px) 89vw, (max-width: 1000px) 54vw, (max-width: 1071px) 543px, 580px\" \/><\/figure>\n<\/div>\n\n\n\n<div class=\"wp-block-column is-layout-flow wp-block-column-is-layout-flow\">\n<figure class=\"wp-block-image size-large\"><img loading=\"lazy\" decoding=\"async\" width=\"1024\" height=\"1024\" src=\"https:\/\/blog.uclm.es\/creuclm\/wp-content\/uploads\/sites\/200\/2025\/03\/WhatsApp-Image-2025-03-05-at-23.34.09-1024x1024.jpeg\" alt=\"\" class=\"wp-image-3119\" srcset=\"https:\/\/blog.uclm.es\/creuclm\/wp-content\/uploads\/sites\/200\/2025\/03\/WhatsApp-Image-2025-03-05-at-23.34.09-1024x1024.jpeg 1024w, https:\/\/blog.uclm.es\/creuclm\/wp-content\/uploads\/sites\/200\/2025\/03\/WhatsApp-Image-2025-03-05-at-23.34.09-300x300.jpeg 300w, https:\/\/blog.uclm.es\/creuclm\/wp-content\/uploads\/sites\/200\/2025\/03\/WhatsApp-Image-2025-03-05-at-23.34.09-150x150.jpeg 150w, https:\/\/blog.uclm.es\/creuclm\/wp-content\/uploads\/sites\/200\/2025\/03\/WhatsApp-Image-2025-03-05-at-23.34.09-768x768.jpeg 768w, https:\/\/blog.uclm.es\/creuclm\/wp-content\/uploads\/sites\/200\/2025\/03\/WhatsApp-Image-2025-03-05-at-23.34.09-100x100.jpeg 100w, https:\/\/blog.uclm.es\/creuclm\/wp-content\/uploads\/sites\/200\/2025\/03\/WhatsApp-Image-2025-03-05-at-23.34.09.jpeg 1080w\" sizes=\"auto, (max-width: 767px) 89vw, (max-width: 1000px) 54vw, (max-width: 1071px) 543px, 580px\" \/><\/figure>\n<\/div>\n<\/div>\n","protected":false},"excerpt":{"rendered":"<p>Conoce a la nueva Comisi\u00f3n Ejecutiva del CRE-UCLM tras el nombramiento de Carlos L\u00f3pez Mu\u00f1oz como Delegado General de Estudiantes de la UCLM, que tuvo lugar el pasado mi\u00e9rcoles, 5 de febrero. El equipo quedar\u00eda conformado de la siguiente manera:&#8211; Presidente: Carlos L\u00f3pez Mu\u00f1oz&nbsp;@carloslomunoz&#8211; Vicepresidenta para la Vida Universitaria: Ver\u00f3nica Parre\u00f1o Moreno&nbsp;@veroniiica_23&#8211; Vicepresidencia para la &hellip; <\/p>\n<p class=\"link-more\"><a href=\"https:\/\/blog.uclm.es\/creuclm\/2025\/02\/05\/nueva-comision-ejecutiva-del-cre-uclm-2025\/\" class=\"more-link\">Continuar leyendo<span class=\"screen-reader-text\"> \u00abNUEVA COMISI\u00d3N EJECUTIVA DEL CRE-UCLM 2025\u00bb<\/span><\/a><\/p>\n","protected":false},"author":470,"featured_media":0,"comment_status":"open","ping_status":"open","sticky":false,"template":"","format":"standard","meta":{"footnotes":""},"categories":[1],"tags":[],"class_list":["post-3113","post","type-post","status-publish","format-standard","hentry","category-sin-categoria"],"_links":{"self":[{"href":"https:\/\/blog.uclm.es\/creuclm\/wp-json\/wp\/v2\/posts\/3113","targetHints":{"allow":["GET"]}}],"collection":[{"href":"https:\/\/blog.uclm.es\/creuclm\/wp-json\/wp\/v2\/posts"}],"about":[{"href":"https:\/\/blog.uclm.es\/creuclm\/wp-json\/wp\/v2\/types\/post"}],"author":[{"embeddable":true,"href":"https:\/\/blog.uclm.es\/creuclm\/wp-json\/wp\/v2\/users\/470"}],"replies":[{"embeddable":true,"href":"https:\/\/blog.uclm.es\/creuclm\/wp-json\/wp\/v2\/comments?post=3113"}],"version-history":[{"count":1,"href":"https:\/\/blog.uclm.es\/creuclm\/wp-json\/wp\/v2\/posts\/3113\/revisions"}],"predecessor-version":[{"id":3120,"href":"https:\/\/blog.uclm.es\/creuclm\/wp-json\/wp\/v2\/posts\/3113\/revisions\/3120"}],"wp:attachment":[{"href":"https:\/\/blog.uclm.es\/creuclm\/wp-json\/wp\/v2\/media?parent=3113"}],"wp:term":[{"taxonomy":"category","embeddable":true,"href":"https:\/\/blog.uclm.es\/creuclm\/wp-json\/wp\/v2\/categories?post=3113"},{"taxonomy":"post_tag","embeddable":true,"href":"https:\/\/blog.uclm.es\/creuclm\/wp-json\/wp\/v2\/tags?post=3113"}],"curies":[{"name":"wp","href":"https:\/\/api.w.org\/{rel}","templated":true}]}}