{"id":3078,"date":"2024-02-11T21:00:00","date_gmt":"2024-02-11T21:00:00","guid":{"rendered":"https:\/\/blog.uclm.es\/creuclm\/?p=3078"},"modified":"2025-03-14T21:09:18","modified_gmt":"2025-03-14T21:09:18","slug":"dia-de-la-mujer-y-la-nina-en-la-ciencia-2024","status":"publish","type":"post","link":"https:\/\/blog.uclm.es\/creuclm\/2024\/02\/11\/dia-de-la-mujer-y-la-nina-en-la-ciencia-2024\/","title":{"rendered":"D\u00cdA DE LA MUJER Y LA NI\u00d1A EN LA CIENCIA 2024"},"content":{"rendered":"\n<p>Hoy, 11 de febrero, D\u00eda de la mujer y la ni\u00f1a en la ciencia, el CRE-UCLM se suma a dar visibilidad a mujeres cient\u00edficas o relacionadas con alguna de las ramas de la ciencia.<br>En este caso, os presentamos a 4 mujeres pertenecientes a nuestra universidad para demostrar que la ciencia est\u00e1 a nuestro alcance y en nuestro entorno m\u00e1s cercano.<\/p>\n\n\n\n<p>\u00bfY t\u00fa? \u00bfQuieres ser la siguiente cient\u00edfica?<\/p>\n\n\n\n<div class=\"wp-block-columns is-layout-flex wp-container-core-columns-is-layout-9d6595d7 wp-block-columns-is-layout-flex\">\n<div class=\"wp-block-column is-layout-flow wp-block-column-is-layout-flow\">\n<figure class=\"wp-block-image size-large\"><img loading=\"lazy\" decoding=\"async\" width=\"1024\" height=\"999\" src=\"https:\/\/blog.uclm.es\/creuclm\/wp-content\/uploads\/sites\/200\/2025\/03\/WhatsApp-Image-2025-03-14-at-22.06.27-1024x999.jpeg\" alt=\"\" class=\"wp-image-3079\" srcset=\"https:\/\/blog.uclm.es\/creuclm\/wp-content\/uploads\/sites\/200\/2025\/03\/WhatsApp-Image-2025-03-14-at-22.06.27-1024x999.jpeg 1024w, https:\/\/blog.uclm.es\/creuclm\/wp-content\/uploads\/sites\/200\/2025\/03\/WhatsApp-Image-2025-03-14-at-22.06.27-300x293.jpeg 300w, https:\/\/blog.uclm.es\/creuclm\/wp-content\/uploads\/sites\/200\/2025\/03\/WhatsApp-Image-2025-03-14-at-22.06.27-768x749.jpeg 768w, https:\/\/blog.uclm.es\/creuclm\/wp-content\/uploads\/sites\/200\/2025\/03\/WhatsApp-Image-2025-03-14-at-22.06.27.jpeg 1284w\" sizes=\"auto, (max-width: 767px) 89vw, (max-width: 1000px) 54vw, (max-width: 1071px) 543px, 580px\" \/><\/figure>\n<\/div>\n\n\n\n<div class=\"wp-block-column is-layout-flow wp-block-column-is-layout-flow\">\n<figure class=\"wp-block-image size-large\"><img loading=\"lazy\" decoding=\"async\" width=\"1024\" height=\"994\" src=\"https:\/\/blog.uclm.es\/creuclm\/wp-content\/uploads\/sites\/200\/2025\/03\/WhatsApp-Image-2025-03-14-at-22.06.28-1-1024x994.jpeg\" alt=\"\" class=\"wp-image-3080\" srcset=\"https:\/\/blog.uclm.es\/creuclm\/wp-content\/uploads\/sites\/200\/2025\/03\/WhatsApp-Image-2025-03-14-at-22.06.28-1-1024x994.jpeg 1024w, https:\/\/blog.uclm.es\/creuclm\/wp-content\/uploads\/sites\/200\/2025\/03\/WhatsApp-Image-2025-03-14-at-22.06.28-1-300x291.jpeg 300w, https:\/\/blog.uclm.es\/creuclm\/wp-content\/uploads\/sites\/200\/2025\/03\/WhatsApp-Image-2025-03-14-at-22.06.28-1-768x745.jpeg 768w, https:\/\/blog.uclm.es\/creuclm\/wp-content\/uploads\/sites\/200\/2025\/03\/WhatsApp-Image-2025-03-14-at-22.06.28-1.jpeg 1284w\" sizes=\"auto, (max-width: 767px) 89vw, (max-width: 1000px) 54vw, (max-width: 1071px) 543px, 580px\" \/><\/figure>\n<\/div>\n<\/div>\n\n\n\n<div class=\"wp-block-columns is-layout-flex wp-container-core-columns-is-layout-9d6595d7 wp-block-columns-is-layout-flex\">\n<div class=\"wp-block-column is-layout-flow wp-block-column-is-layout-flow\">\n<figure class=\"wp-block-image size-large\"><img loading=\"lazy\" decoding=\"async\" width=\"1024\" height=\"988\" src=\"https:\/\/blog.uclm.es\/creuclm\/wp-content\/uploads\/sites\/200\/2025\/03\/WhatsApp-Image-2025-03-14-at-22.06.28-2-1024x988.jpeg\" alt=\"\" class=\"wp-image-3081\" srcset=\"https:\/\/blog.uclm.es\/creuclm\/wp-content\/uploads\/sites\/200\/2025\/03\/WhatsApp-Image-2025-03-14-at-22.06.28-2-1024x988.jpeg 1024w, https:\/\/blog.uclm.es\/creuclm\/wp-content\/uploads\/sites\/200\/2025\/03\/WhatsApp-Image-2025-03-14-at-22.06.28-2-300x289.jpeg 300w, https:\/\/blog.uclm.es\/creuclm\/wp-content\/uploads\/sites\/200\/2025\/03\/WhatsApp-Image-2025-03-14-at-22.06.28-2-768x741.jpeg 768w, https:\/\/blog.uclm.es\/creuclm\/wp-content\/uploads\/sites\/200\/2025\/03\/WhatsApp-Image-2025-03-14-at-22.06.28-2.jpeg 1284w\" sizes=\"auto, (max-width: 767px) 89vw, (max-width: 1000px) 54vw, (max-width: 1071px) 543px, 580px\" \/><\/figure>\n<\/div>\n\n\n\n<div class=\"wp-block-column is-layout-flow wp-block-column-is-layout-flow\">\n<figure class=\"wp-block-image size-large\"><img loading=\"lazy\" decoding=\"async\" width=\"1024\" height=\"1000\" src=\"https:\/\/blog.uclm.es\/creuclm\/wp-content\/uploads\/sites\/200\/2025\/03\/WhatsApp-Image-2025-03-14-at-22.06.28-3-1024x1000.jpeg\" alt=\"\" class=\"wp-image-3082\" srcset=\"https:\/\/blog.uclm.es\/creuclm\/wp-content\/uploads\/sites\/200\/2025\/03\/WhatsApp-Image-2025-03-14-at-22.06.28-3-1024x1000.jpeg 1024w, https:\/\/blog.uclm.es\/creuclm\/wp-content\/uploads\/sites\/200\/2025\/03\/WhatsApp-Image-2025-03-14-at-22.06.28-3-300x293.jpeg 300w, https:\/\/blog.uclm.es\/creuclm\/wp-content\/uploads\/sites\/200\/2025\/03\/WhatsApp-Image-2025-03-14-at-22.06.28-3-768x750.jpeg 768w, https:\/\/blog.uclm.es\/creuclm\/wp-content\/uploads\/sites\/200\/2025\/03\/WhatsApp-Image-2025-03-14-at-22.06.28-3.jpeg 1284w\" sizes=\"auto, (max-width: 767px) 89vw, (max-width: 1000px) 54vw, (max-width: 1071px) 543px, 580px\" \/><\/figure>\n<\/div>\n<\/div>\n\n\n\n<div class=\"wp-block-columns is-layout-flex wp-container-core-columns-is-layout-9d6595d7 wp-block-columns-is-layout-flex\">\n<div class=\"wp-block-column is-layout-flow wp-block-column-is-layout-flow\">\n<figure class=\"wp-block-image size-large\"><img loading=\"lazy\" decoding=\"async\" width=\"1024\" height=\"1006\" src=\"https:\/\/blog.uclm.es\/creuclm\/wp-content\/uploads\/sites\/200\/2025\/03\/WhatsApp-Image-2025-03-14-at-22.06.28-1024x1006.jpeg\" alt=\"\" class=\"wp-image-3083\" srcset=\"https:\/\/blog.uclm.es\/creuclm\/wp-content\/uploads\/sites\/200\/2025\/03\/WhatsApp-Image-2025-03-14-at-22.06.28-1024x1006.jpeg 1024w, https:\/\/blog.uclm.es\/creuclm\/wp-content\/uploads\/sites\/200\/2025\/03\/WhatsApp-Image-2025-03-14-at-22.06.28-300x295.jpeg 300w, https:\/\/blog.uclm.es\/creuclm\/wp-content\/uploads\/sites\/200\/2025\/03\/WhatsApp-Image-2025-03-14-at-22.06.28-768x754.jpeg 768w, https:\/\/blog.uclm.es\/creuclm\/wp-content\/uploads\/sites\/200\/2025\/03\/WhatsApp-Image-2025-03-14-at-22.06.28.jpeg 1284w\" sizes=\"auto, (max-width: 767px) 89vw, (max-width: 1000px) 54vw, (max-width: 1071px) 543px, 580px\" \/><\/figure>\n<\/div>\n\n\n\n<div class=\"wp-block-column is-layout-flow wp-block-column-is-layout-flow\">\n<figure class=\"wp-block-image size-large\"><img loading=\"lazy\" decoding=\"async\" width=\"1024\" height=\"999\" src=\"https:\/\/blog.uclm.es\/creuclm\/wp-content\/uploads\/sites\/200\/2025\/03\/WhatsApp-Image-2025-03-14-at-22.06.27-1024x999.jpeg\" alt=\"\" class=\"wp-image-3079\" srcset=\"https:\/\/blog.uclm.es\/creuclm\/wp-content\/uploads\/sites\/200\/2025\/03\/WhatsApp-Image-2025-03-14-at-22.06.27-1024x999.jpeg 1024w, https:\/\/blog.uclm.es\/creuclm\/wp-content\/uploads\/sites\/200\/2025\/03\/WhatsApp-Image-2025-03-14-at-22.06.27-300x293.jpeg 300w, https:\/\/blog.uclm.es\/creuclm\/wp-content\/uploads\/sites\/200\/2025\/03\/WhatsApp-Image-2025-03-14-at-22.06.27-768x749.jpeg 768w, https:\/\/blog.uclm.es\/creuclm\/wp-content\/uploads\/sites\/200\/2025\/03\/WhatsApp-Image-2025-03-14-at-22.06.27.jpeg 1284w\" sizes=\"auto, (max-width: 767px) 89vw, (max-width: 1000px) 54vw, (max-width: 1071px) 543px, 580px\" \/><\/figure>\n<\/div>\n<\/div>\n","protected":false},"excerpt":{"rendered":"<p>Hoy, 11 de febrero, D\u00eda de la mujer y la ni\u00f1a en la ciencia, el CRE-UCLM se suma a dar visibilidad a mujeres cient\u00edficas o relacionadas con alguna de las ramas de la ciencia.En este caso, os presentamos a 4 mujeres pertenecientes a nuestra universidad para demostrar que la ciencia est\u00e1 a nuestro alcance y &hellip; <\/p>\n<p class=\"link-more\"><a href=\"https:\/\/blog.uclm.es\/creuclm\/2024\/02\/11\/dia-de-la-mujer-y-la-nina-en-la-ciencia-2024\/\" class=\"more-link\">Continuar leyendo<span class=\"screen-reader-text\"> \u00abD\u00cdA DE LA MUJER Y LA NI\u00d1A EN LA CIENCIA 2024\u00bb<\/span><\/a><\/p>\n","protected":false},"author":470,"featured_media":0,"comment_status":"open","ping_status":"open","sticky":false,"template":"","format":"standard","meta":{"footnotes":""},"categories":[1],"tags":[],"class_list":["post-3078","post","type-post","status-publish","format-standard","hentry","category-sin-categoria"],"_links":{"self":[{"href":"https:\/\/blog.uclm.es\/creuclm\/wp-json\/wp\/v2\/posts\/3078","targetHints":{"allow":["GET"]}}],"collection":[{"href":"https:\/\/blog.uclm.es\/creuclm\/wp-json\/wp\/v2\/posts"}],"about":[{"href":"https:\/\/blog.uclm.es\/creuclm\/wp-json\/wp\/v2\/types\/post"}],"author":[{"embeddable":true,"href":"https:\/\/blog.uclm.es\/creuclm\/wp-json\/wp\/v2\/users\/470"}],"replies":[{"embeddable":true,"href":"https:\/\/blog.uclm.es\/creuclm\/wp-json\/wp\/v2\/comments?post=3078"}],"version-history":[{"count":1,"href":"https:\/\/blog.uclm.es\/creuclm\/wp-json\/wp\/v2\/posts\/3078\/revisions"}],"predecessor-version":[{"id":3084,"href":"https:\/\/blog.uclm.es\/creuclm\/wp-json\/wp\/v2\/posts\/3078\/revisions\/3084"}],"wp:attachment":[{"href":"https:\/\/blog.uclm.es\/creuclm\/wp-json\/wp\/v2\/media?parent=3078"}],"wp:term":[{"taxonomy":"category","embeddable":true,"href":"https:\/\/blog.uclm.es\/creuclm\/wp-json\/wp\/v2\/categories?post=3078"},{"taxonomy":"post_tag","embeddable":true,"href":"https:\/\/blog.uclm.es\/creuclm\/wp-json\/wp\/v2\/tags?post=3078"}],"curies":[{"name":"wp","href":"https:\/\/api.w.org\/{rel}","templated":true}]}}