{"id":3070,"date":"2024-02-04T21:00:00","date_gmt":"2024-02-04T21:00:00","guid":{"rendered":"https:\/\/blog.uclm.es\/creuclm\/?p=3070"},"modified":"2025-03-14T21:04:51","modified_gmt":"2025-03-14T21:04:51","slug":"dia-mundial-contra-el-cancer-2024","status":"publish","type":"post","link":"https:\/\/blog.uclm.es\/creuclm\/2024\/02\/04\/dia-mundial-contra-el-cancer-2024\/","title":{"rendered":"D\u00cdA MUNDIAL CONTRA EL C\u00c1NCER 2024"},"content":{"rendered":"\n<p>Hoy, 4 de febrero, D\u00eda Mundial contra el C\u00e1ncer, unimos nuestros corazones para honrar la valent\u00eda de quienes enfrentan esta batalla. Vuestra fuerza y determinaci\u00f3n inspiran a todos a seguir adelante. Juntos, extendemos nuestro apoyo y solidaridad, construyendo un frente unido contra el c\u00e1ncer.<br>Sois h\u00e9roes&nbsp;y&nbsp;hero\u00ednas.<\/p>\n\n\n\n<p>Os compartimos tambi\u00e9n en este post unas fotos del acto que realiz\u00f3 la delegaci\u00f3n del Campus de Albacete el pasado viernes con motivo de este d\u00eda.<\/p>\n\n\n\n<div class=\"wp-block-columns is-layout-flex wp-container-core-columns-is-layout-9d6595d7 wp-block-columns-is-layout-flex\">\n<div class=\"wp-block-column is-layout-flow wp-block-column-is-layout-flow\">\n<figure class=\"wp-block-image size-large\"><img loading=\"lazy\" decoding=\"async\" width=\"1024\" height=\"988\" src=\"https:\/\/blog.uclm.es\/creuclm\/wp-content\/uploads\/sites\/200\/2025\/03\/WhatsApp-Image-2025-03-14-at-22.01.17-1024x988.jpeg\" alt=\"\" class=\"wp-image-3071\" srcset=\"https:\/\/blog.uclm.es\/creuclm\/wp-content\/uploads\/sites\/200\/2025\/03\/WhatsApp-Image-2025-03-14-at-22.01.17-1024x988.jpeg 1024w, https:\/\/blog.uclm.es\/creuclm\/wp-content\/uploads\/sites\/200\/2025\/03\/WhatsApp-Image-2025-03-14-at-22.01.17-300x289.jpeg 300w, https:\/\/blog.uclm.es\/creuclm\/wp-content\/uploads\/sites\/200\/2025\/03\/WhatsApp-Image-2025-03-14-at-22.01.17-768x741.jpeg 768w, https:\/\/blog.uclm.es\/creuclm\/wp-content\/uploads\/sites\/200\/2025\/03\/WhatsApp-Image-2025-03-14-at-22.01.17.jpeg 1284w\" sizes=\"auto, (max-width: 767px) 89vw, (max-width: 1000px) 54vw, (max-width: 1071px) 543px, 580px\" \/><\/figure>\n<\/div>\n\n\n\n<div class=\"wp-block-column is-layout-flow wp-block-column-is-layout-flow\">\n<figure class=\"wp-block-image size-large\"><img loading=\"lazy\" decoding=\"async\" width=\"1024\" height=\"1000\" src=\"https:\/\/blog.uclm.es\/creuclm\/wp-content\/uploads\/sites\/200\/2024\/02\/WhatsApp-Image-2025-03-14-at-22.04.12-1024x1000.jpeg\" alt=\"\" class=\"wp-image-3076\" srcset=\"https:\/\/blog.uclm.es\/creuclm\/wp-content\/uploads\/sites\/200\/2024\/02\/WhatsApp-Image-2025-03-14-at-22.04.12-1024x1000.jpeg 1024w, https:\/\/blog.uclm.es\/creuclm\/wp-content\/uploads\/sites\/200\/2024\/02\/WhatsApp-Image-2025-03-14-at-22.04.12-300x293.jpeg 300w, https:\/\/blog.uclm.es\/creuclm\/wp-content\/uploads\/sites\/200\/2024\/02\/WhatsApp-Image-2025-03-14-at-22.04.12-768x750.jpeg 768w, https:\/\/blog.uclm.es\/creuclm\/wp-content\/uploads\/sites\/200\/2024\/02\/WhatsApp-Image-2025-03-14-at-22.04.12.jpeg 1284w\" sizes=\"auto, (max-width: 767px) 89vw, (max-width: 1000px) 54vw, (max-width: 1071px) 543px, 580px\" \/><\/figure>\n<\/div>\n<\/div>\n\n\n\n<div class=\"wp-block-columns is-layout-flex wp-container-core-columns-is-layout-9d6595d7 wp-block-columns-is-layout-flex\">\n<div class=\"wp-block-column is-layout-flow wp-block-column-is-layout-flow\">\n<figure class=\"wp-block-image size-large\"><img loading=\"lazy\" decoding=\"async\" width=\"1024\" height=\"1002\" src=\"https:\/\/blog.uclm.es\/creuclm\/wp-content\/uploads\/sites\/200\/2025\/03\/WhatsApp-Image-2025-03-14-at-22.01.17-2-1024x1002.jpeg\" alt=\"\" class=\"wp-image-3073\" srcset=\"https:\/\/blog.uclm.es\/creuclm\/wp-content\/uploads\/sites\/200\/2025\/03\/WhatsApp-Image-2025-03-14-at-22.01.17-2-1024x1002.jpeg 1024w, https:\/\/blog.uclm.es\/creuclm\/wp-content\/uploads\/sites\/200\/2025\/03\/WhatsApp-Image-2025-03-14-at-22.01.17-2-300x294.jpeg 300w, https:\/\/blog.uclm.es\/creuclm\/wp-content\/uploads\/sites\/200\/2025\/03\/WhatsApp-Image-2025-03-14-at-22.01.17-2-768x752.jpeg 768w, https:\/\/blog.uclm.es\/creuclm\/wp-content\/uploads\/sites\/200\/2025\/03\/WhatsApp-Image-2025-03-14-at-22.01.17-2.jpeg 1284w\" sizes=\"auto, (max-width: 767px) 89vw, (max-width: 1000px) 54vw, (max-width: 1071px) 543px, 580px\" \/><\/figure>\n<\/div>\n\n\n\n<div class=\"wp-block-column is-layout-flow wp-block-column-is-layout-flow\">\n<figure class=\"wp-block-image size-large\"><img loading=\"lazy\" decoding=\"async\" width=\"1024\" height=\"999\" src=\"https:\/\/blog.uclm.es\/creuclm\/wp-content\/uploads\/sites\/200\/2025\/03\/WhatsApp-Image-2025-03-14-at-22.01.18-1024x999.jpeg\" alt=\"\" class=\"wp-image-3074\" srcset=\"https:\/\/blog.uclm.es\/creuclm\/wp-content\/uploads\/sites\/200\/2025\/03\/WhatsApp-Image-2025-03-14-at-22.01.18-1024x999.jpeg 1024w, https:\/\/blog.uclm.es\/creuclm\/wp-content\/uploads\/sites\/200\/2025\/03\/WhatsApp-Image-2025-03-14-at-22.01.18-300x293.jpeg 300w, https:\/\/blog.uclm.es\/creuclm\/wp-content\/uploads\/sites\/200\/2025\/03\/WhatsApp-Image-2025-03-14-at-22.01.18-768x749.jpeg 768w, https:\/\/blog.uclm.es\/creuclm\/wp-content\/uploads\/sites\/200\/2025\/03\/WhatsApp-Image-2025-03-14-at-22.01.18.jpeg 1284w\" sizes=\"auto, (max-width: 767px) 89vw, (max-width: 1000px) 54vw, (max-width: 1071px) 543px, 580px\" \/><\/figure>\n<\/div>\n<\/div>\n","protected":false},"excerpt":{"rendered":"<p>Hoy, 4 de febrero, D\u00eda Mundial contra el C\u00e1ncer, unimos nuestros corazones para honrar la valent\u00eda de quienes enfrentan esta batalla. Vuestra fuerza y determinaci\u00f3n inspiran a todos a seguir adelante. Juntos, extendemos nuestro apoyo y solidaridad, construyendo un frente unido contra el c\u00e1ncer.Sois h\u00e9roes&nbsp;y&nbsp;hero\u00ednas. Os compartimos tambi\u00e9n en este post unas fotos del acto &hellip; <\/p>\n<p class=\"link-more\"><a href=\"https:\/\/blog.uclm.es\/creuclm\/2024\/02\/04\/dia-mundial-contra-el-cancer-2024\/\" class=\"more-link\">Continuar leyendo<span class=\"screen-reader-text\"> \u00abD\u00cdA MUNDIAL CONTRA EL C\u00c1NCER 2024\u00bb<\/span><\/a><\/p>\n","protected":false},"author":470,"featured_media":0,"comment_status":"open","ping_status":"open","sticky":false,"template":"","format":"standard","meta":{"footnotes":""},"categories":[1],"tags":[],"class_list":["post-3070","post","type-post","status-publish","format-standard","hentry","category-sin-categoria"],"_links":{"self":[{"href":"https:\/\/blog.uclm.es\/creuclm\/wp-json\/wp\/v2\/posts\/3070","targetHints":{"allow":["GET"]}}],"collection":[{"href":"https:\/\/blog.uclm.es\/creuclm\/wp-json\/wp\/v2\/posts"}],"about":[{"href":"https:\/\/blog.uclm.es\/creuclm\/wp-json\/wp\/v2\/types\/post"}],"author":[{"embeddable":true,"href":"https:\/\/blog.uclm.es\/creuclm\/wp-json\/wp\/v2\/users\/470"}],"replies":[{"embeddable":true,"href":"https:\/\/blog.uclm.es\/creuclm\/wp-json\/wp\/v2\/comments?post=3070"}],"version-history":[{"count":2,"href":"https:\/\/blog.uclm.es\/creuclm\/wp-json\/wp\/v2\/posts\/3070\/revisions"}],"predecessor-version":[{"id":3077,"href":"https:\/\/blog.uclm.es\/creuclm\/wp-json\/wp\/v2\/posts\/3070\/revisions\/3077"}],"wp:attachment":[{"href":"https:\/\/blog.uclm.es\/creuclm\/wp-json\/wp\/v2\/media?parent=3070"}],"wp:term":[{"taxonomy":"category","embeddable":true,"href":"https:\/\/blog.uclm.es\/creuclm\/wp-json\/wp\/v2\/categories?post=3070"},{"taxonomy":"post_tag","embeddable":true,"href":"https:\/\/blog.uclm.es\/creuclm\/wp-json\/wp\/v2\/tags?post=3070"}],"curies":[{"name":"wp","href":"https:\/\/api.w.org\/{rel}","templated":true}]}}