{"id":3055,"date":"2024-01-26T20:00:00","date_gmt":"2024-01-26T20:00:00","guid":{"rendered":"https:\/\/blog.uclm.es\/creuclm\/?p=3055"},"modified":"2025-03-15T01:04:41","modified_gmt":"2025-03-15T01:04:41","slug":"acto-solemne-por-la-festividad-de-santo-tomas-de-aquino-2024","status":"publish","type":"post","link":"https:\/\/blog.uclm.es\/creuclm\/2024\/01\/26\/acto-solemne-por-la-festividad-de-santo-tomas-de-aquino-2024\/","title":{"rendered":"ACTO SOLEMNE POR LA FESTIVIDAD DE SANTO TOM\u00c1S DE AQUINO &#8211; CAMPUS DE ALBACETE"},"content":{"rendered":"\n<p>Ayer, 25 de enero, tuvo lugar en el campus de Albacete el Acto Solemne de la festividad de Santo Tom\u00e1s de Aquino 2024.<br>Al acto asistieron algunos representantes del Consejo de Representantes de la UCLM, como Carlos Garc\u00eda, en calidad de presidente; Carmen P\u00e9rez, como tesorera; adem\u00e1s de Pablo Nieto y Jos\u00e9 Ram\u00f3n D\u00edaz de los Bernardos.<\/p>\n\n\n\n<p><br>Sin duda, un acto que sigue fortaleciendo la tradici\u00f3n y el compromiso acad\u00e9mico de nuestra universidad\ud83c\udf93\ud83d\udcda<\/p>\n\n\n\n<div class=\"wp-block-columns is-layout-flex wp-container-core-columns-is-layout-9d6595d7 wp-block-columns-is-layout-flex\">\n<div class=\"wp-block-column is-layout-flow wp-block-column-is-layout-flow\">\n<figure class=\"wp-block-image size-large\"><img loading=\"lazy\" decoding=\"async\" width=\"1024\" height=\"1005\" src=\"https:\/\/blog.uclm.es\/creuclm\/wp-content\/uploads\/sites\/200\/2025\/03\/WhatsApp-Image-2025-03-14-at-21.50.38-1024x1005.jpeg\" alt=\"\" class=\"wp-image-3056\" srcset=\"https:\/\/blog.uclm.es\/creuclm\/wp-content\/uploads\/sites\/200\/2025\/03\/WhatsApp-Image-2025-03-14-at-21.50.38-1024x1005.jpeg 1024w, https:\/\/blog.uclm.es\/creuclm\/wp-content\/uploads\/sites\/200\/2025\/03\/WhatsApp-Image-2025-03-14-at-21.50.38-300x294.jpeg 300w, https:\/\/blog.uclm.es\/creuclm\/wp-content\/uploads\/sites\/200\/2025\/03\/WhatsApp-Image-2025-03-14-at-21.50.38-768x754.jpeg 768w, https:\/\/blog.uclm.es\/creuclm\/wp-content\/uploads\/sites\/200\/2025\/03\/WhatsApp-Image-2025-03-14-at-21.50.38.jpeg 1284w\" sizes=\"auto, (max-width: 767px) 89vw, (max-width: 1000px) 54vw, (max-width: 1071px) 543px, 580px\" \/><\/figure>\n<\/div>\n\n\n\n<div class=\"wp-block-column is-layout-flow wp-block-column-is-layout-flow\">\n<figure class=\"wp-block-image size-large\"><img loading=\"lazy\" decoding=\"async\" width=\"1024\" height=\"993\" src=\"https:\/\/blog.uclm.es\/creuclm\/wp-content\/uploads\/sites\/200\/2025\/03\/WhatsApp-Image-2025-03-14-at-21.50.39-1024x993.jpeg\" alt=\"\" class=\"wp-image-3057\" srcset=\"https:\/\/blog.uclm.es\/creuclm\/wp-content\/uploads\/sites\/200\/2025\/03\/WhatsApp-Image-2025-03-14-at-21.50.39-1024x993.jpeg 1024w, https:\/\/blog.uclm.es\/creuclm\/wp-content\/uploads\/sites\/200\/2025\/03\/WhatsApp-Image-2025-03-14-at-21.50.39-300x291.jpeg 300w, https:\/\/blog.uclm.es\/creuclm\/wp-content\/uploads\/sites\/200\/2025\/03\/WhatsApp-Image-2025-03-14-at-21.50.39-768x745.jpeg 768w, https:\/\/blog.uclm.es\/creuclm\/wp-content\/uploads\/sites\/200\/2025\/03\/WhatsApp-Image-2025-03-14-at-21.50.39.jpeg 1284w\" sizes=\"auto, (max-width: 767px) 89vw, (max-width: 1000px) 54vw, (max-width: 1071px) 543px, 580px\" \/><\/figure>\n<\/div>\n<\/div>\n\n\n\n<div class=\"wp-block-columns is-layout-flex wp-container-core-columns-is-layout-9d6595d7 wp-block-columns-is-layout-flex\">\n<div class=\"wp-block-column is-layout-flow wp-block-column-is-layout-flow\">\n<figure class=\"wp-block-image size-large\"><img loading=\"lazy\" decoding=\"async\" width=\"1024\" height=\"998\" src=\"https:\/\/blog.uclm.es\/creuclm\/wp-content\/uploads\/sites\/200\/2025\/03\/WhatsApp-Image-2025-03-14-at-21.50.40-1024x998.jpeg\" alt=\"\" class=\"wp-image-3058\" srcset=\"https:\/\/blog.uclm.es\/creuclm\/wp-content\/uploads\/sites\/200\/2025\/03\/WhatsApp-Image-2025-03-14-at-21.50.40-1024x998.jpeg 1024w, https:\/\/blog.uclm.es\/creuclm\/wp-content\/uploads\/sites\/200\/2025\/03\/WhatsApp-Image-2025-03-14-at-21.50.40-300x293.jpeg 300w, https:\/\/blog.uclm.es\/creuclm\/wp-content\/uploads\/sites\/200\/2025\/03\/WhatsApp-Image-2025-03-14-at-21.50.40-768x749.jpeg 768w, https:\/\/blog.uclm.es\/creuclm\/wp-content\/uploads\/sites\/200\/2025\/03\/WhatsApp-Image-2025-03-14-at-21.50.40.jpeg 1284w\" sizes=\"auto, (max-width: 767px) 89vw, (max-width: 1000px) 54vw, (max-width: 1071px) 543px, 580px\" \/><\/figure>\n<\/div>\n\n\n\n<div class=\"wp-block-column is-layout-flow wp-block-column-is-layout-flow\">\n<figure class=\"wp-block-image size-large\"><img loading=\"lazy\" decoding=\"async\" width=\"1024\" height=\"1005\" src=\"https:\/\/blog.uclm.es\/creuclm\/wp-content\/uploads\/sites\/200\/2025\/03\/WhatsApp-Image-2025-03-14-at-21.50.38-1024x1005.jpeg\" alt=\"\" class=\"wp-image-3056\" srcset=\"https:\/\/blog.uclm.es\/creuclm\/wp-content\/uploads\/sites\/200\/2025\/03\/WhatsApp-Image-2025-03-14-at-21.50.38-1024x1005.jpeg 1024w, https:\/\/blog.uclm.es\/creuclm\/wp-content\/uploads\/sites\/200\/2025\/03\/WhatsApp-Image-2025-03-14-at-21.50.38-300x294.jpeg 300w, https:\/\/blog.uclm.es\/creuclm\/wp-content\/uploads\/sites\/200\/2025\/03\/WhatsApp-Image-2025-03-14-at-21.50.38-768x754.jpeg 768w, https:\/\/blog.uclm.es\/creuclm\/wp-content\/uploads\/sites\/200\/2025\/03\/WhatsApp-Image-2025-03-14-at-21.50.38.jpeg 1284w\" sizes=\"auto, (max-width: 767px) 89vw, (max-width: 1000px) 54vw, (max-width: 1071px) 543px, 580px\" \/><\/figure>\n<\/div>\n<\/div>\n","protected":false},"excerpt":{"rendered":"<p>Ayer, 25 de enero, tuvo lugar en el campus de Albacete el Acto Solemne de la festividad de Santo Tom\u00e1s de Aquino 2024.Al acto asistieron algunos representantes del Consejo de Representantes de la UCLM, como Carlos Garc\u00eda, en calidad de presidente; Carmen P\u00e9rez, como tesorera; adem\u00e1s de Pablo Nieto y Jos\u00e9 Ram\u00f3n D\u00edaz de los &hellip; <\/p>\n<p class=\"link-more\"><a href=\"https:\/\/blog.uclm.es\/creuclm\/2024\/01\/26\/acto-solemne-por-la-festividad-de-santo-tomas-de-aquino-2024\/\" class=\"more-link\">Continuar leyendo<span class=\"screen-reader-text\"> \u00abACTO SOLEMNE POR LA FESTIVIDAD DE SANTO TOM\u00c1S DE AQUINO &#8211; CAMPUS DE ALBACETE\u00bb<\/span><\/a><\/p>\n","protected":false},"author":470,"featured_media":0,"comment_status":"open","ping_status":"open","sticky":false,"template":"","format":"standard","meta":{"footnotes":""},"categories":[1],"tags":[],"class_list":["post-3055","post","type-post","status-publish","format-standard","hentry","category-sin-categoria"],"_links":{"self":[{"href":"https:\/\/blog.uclm.es\/creuclm\/wp-json\/wp\/v2\/posts\/3055","targetHints":{"allow":["GET"]}}],"collection":[{"href":"https:\/\/blog.uclm.es\/creuclm\/wp-json\/wp\/v2\/posts"}],"about":[{"href":"https:\/\/blog.uclm.es\/creuclm\/wp-json\/wp\/v2\/types\/post"}],"author":[{"embeddable":true,"href":"https:\/\/blog.uclm.es\/creuclm\/wp-json\/wp\/v2\/users\/470"}],"replies":[{"embeddable":true,"href":"https:\/\/blog.uclm.es\/creuclm\/wp-json\/wp\/v2\/comments?post=3055"}],"version-history":[{"count":3,"href":"https:\/\/blog.uclm.es\/creuclm\/wp-json\/wp\/v2\/posts\/3055\/revisions"}],"predecessor-version":[{"id":3208,"href":"https:\/\/blog.uclm.es\/creuclm\/wp-json\/wp\/v2\/posts\/3055\/revisions\/3208"}],"wp:attachment":[{"href":"https:\/\/blog.uclm.es\/creuclm\/wp-json\/wp\/v2\/media?parent=3055"}],"wp:term":[{"taxonomy":"category","embeddable":true,"href":"https:\/\/blog.uclm.es\/creuclm\/wp-json\/wp\/v2\/categories?post=3055"},{"taxonomy":"post_tag","embeddable":true,"href":"https:\/\/blog.uclm.es\/creuclm\/wp-json\/wp\/v2\/tags?post=3055"}],"curies":[{"name":"wp","href":"https:\/\/api.w.org\/{rel}","templated":true}]}}