{"id":2576,"date":"2023-12-13T18:11:18","date_gmt":"2023-12-13T18:11:18","guid":{"rendered":"https:\/\/blog.uclm.es\/creuclm\/?p=2576"},"modified":"2023-12-13T18:11:18","modified_gmt":"2023-12-13T18:11:18","slug":"elecciones-delegado-de-estudiantes-de-la-uclm-2024","status":"publish","type":"post","link":"https:\/\/blog.uclm.es\/creuclm\/2023\/12\/13\/elecciones-delegado-de-estudiantes-de-la-uclm-2024\/","title":{"rendered":"ELECCIONES DELEGADO DE ESTUDIANTES DE LA UCLM 2024"},"content":{"rendered":"\n<p>En el d\u00eda de hoy, 13 de diciembre de este a\u00f1o 2023, ha sido elegido nuestro nuevo Delegado General de Estudiantes de la UCLM, el albacete\u00f1o, Carlos Garc\u00eda Ca\u00f1o.<\/p>\n\n\n\n<p>Garc\u00eda, estudiante del Grado en Derecho en el Campus de Albacete, ser\u00e1 el nuevo presidente de nuestro consejo. El que fuera ya subdelegado de su campus, en el pasado curso, y en este hasta su renuncia al haber sido proclamado Delegado General, en su programa destacan objetivos como el fomento el de fomentar los h\u00e1bitos de vida saludable entre el estudiantado, ya sea promoviendo actividades de \u00edndole deportivo, como promover tener una dieta saludable. Tambi\u00e9n, quiere que los estudiantes participen m\u00e1s y mejor en la vida universitaria, creando en ellos un verdadero sentimiento de pertenencia.<\/p>\n\n\n\n<figure class=\"wp-block-image size-large\"><img loading=\"lazy\" decoding=\"async\" width=\"1024\" height=\"683\" src=\"https:\/\/blog.uclm.es\/creuclm\/wp-content\/uploads\/sites\/200\/2023\/12\/DSC_0022-1024x683.jpg\" alt=\"\" class=\"wp-image-2578\" srcset=\"https:\/\/blog.uclm.es\/creuclm\/wp-content\/uploads\/sites\/200\/2023\/12\/DSC_0022-1024x683.jpg 1024w, https:\/\/blog.uclm.es\/creuclm\/wp-content\/uploads\/sites\/200\/2023\/12\/DSC_0022-300x200.jpg 300w, https:\/\/blog.uclm.es\/creuclm\/wp-content\/uploads\/sites\/200\/2023\/12\/DSC_0022-768x512.jpg 768w, https:\/\/blog.uclm.es\/creuclm\/wp-content\/uploads\/sites\/200\/2023\/12\/DSC_0022-1536x1024.jpg 1536w, https:\/\/blog.uclm.es\/creuclm\/wp-content\/uploads\/sites\/200\/2023\/12\/DSC_0022-2048x1365.jpg 2048w\" sizes=\"auto, (max-width: 767px) 89vw, (max-width: 1000px) 54vw, (max-width: 1071px) 543px, 580px\" \/><\/figure>\n\n\n\n<p>Al acto, se ha trasladado el anterior Delegado General de Estudiantes, Pablo Nieto-S. Guti\u00e9rrez (izquierda en la foto), el cual ha procedido a realizar un simb\u00f3lico traspaso de \u00abcarteras\u00bb en las letras del campus manchego.<\/p>\n\n\n\n<p>Garc\u00eda cuenta con un equipo conformado por cinco estudiantes, pertenecientes todos ellos a los cuatro campus actuales de la universidad, siendo este equipo el siguiente:<\/p>\n\n\n\n<figure class=\"wp-block-image size-large\"><img loading=\"lazy\" decoding=\"async\" width=\"1024\" height=\"410\" src=\"https:\/\/blog.uclm.es\/creuclm\/wp-content\/uploads\/sites\/200\/2023\/12\/1-1-1024x410.png\" alt=\"\" class=\"wp-image-2580\" srcset=\"https:\/\/blog.uclm.es\/creuclm\/wp-content\/uploads\/sites\/200\/2023\/12\/1-1-1024x410.png 1024w, https:\/\/blog.uclm.es\/creuclm\/wp-content\/uploads\/sites\/200\/2023\/12\/1-1-300x120.png 300w, https:\/\/blog.uclm.es\/creuclm\/wp-content\/uploads\/sites\/200\/2023\/12\/1-1-768x307.png 768w, https:\/\/blog.uclm.es\/creuclm\/wp-content\/uploads\/sites\/200\/2023\/12\/1-1-1536x614.png 1536w, https:\/\/blog.uclm.es\/creuclm\/wp-content\/uploads\/sites\/200\/2023\/12\/1-1-2048x819.png 2048w\" sizes=\"auto, (max-width: 767px) 89vw, (max-width: 1000px) 54vw, (max-width: 1071px) 543px, 580px\" \/><\/figure>\n\n\n\n<figure class=\"wp-block-image size-large\"><img loading=\"lazy\" decoding=\"async\" width=\"1024\" height=\"410\" src=\"https:\/\/blog.uclm.es\/creuclm\/wp-content\/uploads\/sites\/200\/2023\/12\/2-3-1024x410.png\" alt=\"\" class=\"wp-image-2585\" srcset=\"https:\/\/blog.uclm.es\/creuclm\/wp-content\/uploads\/sites\/200\/2023\/12\/2-3-1024x410.png 1024w, https:\/\/blog.uclm.es\/creuclm\/wp-content\/uploads\/sites\/200\/2023\/12\/2-3-300x120.png 300w, https:\/\/blog.uclm.es\/creuclm\/wp-content\/uploads\/sites\/200\/2023\/12\/2-3-768x307.png 768w, https:\/\/blog.uclm.es\/creuclm\/wp-content\/uploads\/sites\/200\/2023\/12\/2-3-1536x614.png 1536w, https:\/\/blog.uclm.es\/creuclm\/wp-content\/uploads\/sites\/200\/2023\/12\/2-3-2048x819.png 2048w\" sizes=\"auto, (max-width: 767px) 89vw, (max-width: 1000px) 54vw, (max-width: 1071px) 543px, 580px\" \/><\/figure>\n\n\n\n<figure class=\"wp-block-image size-large\"><img loading=\"lazy\" decoding=\"async\" width=\"1024\" height=\"410\" src=\"https:\/\/blog.uclm.es\/creuclm\/wp-content\/uploads\/sites\/200\/2023\/12\/3-1-1024x410.png\" alt=\"\" class=\"wp-image-2579\" srcset=\"https:\/\/blog.uclm.es\/creuclm\/wp-content\/uploads\/sites\/200\/2023\/12\/3-1-1024x410.png 1024w, https:\/\/blog.uclm.es\/creuclm\/wp-content\/uploads\/sites\/200\/2023\/12\/3-1-300x120.png 300w, https:\/\/blog.uclm.es\/creuclm\/wp-content\/uploads\/sites\/200\/2023\/12\/3-1-768x307.png 768w, https:\/\/blog.uclm.es\/creuclm\/wp-content\/uploads\/sites\/200\/2023\/12\/3-1-1536x614.png 1536w, https:\/\/blog.uclm.es\/creuclm\/wp-content\/uploads\/sites\/200\/2023\/12\/3-1-2048x819.png 2048w\" sizes=\"auto, (max-width: 767px) 89vw, (max-width: 1000px) 54vw, (max-width: 1071px) 543px, 580px\" \/><\/figure>\n\n\n\n<figure class=\"wp-block-image size-large\"><img loading=\"lazy\" decoding=\"async\" width=\"1024\" height=\"410\" src=\"https:\/\/blog.uclm.es\/creuclm\/wp-content\/uploads\/sites\/200\/2023\/12\/4-1024x410.png\" alt=\"\" class=\"wp-image-2583\" srcset=\"https:\/\/blog.uclm.es\/creuclm\/wp-content\/uploads\/sites\/200\/2023\/12\/4-1024x410.png 1024w, https:\/\/blog.uclm.es\/creuclm\/wp-content\/uploads\/sites\/200\/2023\/12\/4-300x120.png 300w, https:\/\/blog.uclm.es\/creuclm\/wp-content\/uploads\/sites\/200\/2023\/12\/4-768x307.png 768w, https:\/\/blog.uclm.es\/creuclm\/wp-content\/uploads\/sites\/200\/2023\/12\/4-1536x614.png 1536w, https:\/\/blog.uclm.es\/creuclm\/wp-content\/uploads\/sites\/200\/2023\/12\/4-2048x819.png 2048w\" sizes=\"auto, (max-width: 767px) 89vw, (max-width: 1000px) 54vw, (max-width: 1071px) 543px, 580px\" \/><\/figure>\n\n\n\n<figure class=\"wp-block-image size-large\"><img loading=\"lazy\" decoding=\"async\" width=\"1024\" height=\"410\" src=\"https:\/\/blog.uclm.es\/creuclm\/wp-content\/uploads\/sites\/200\/2023\/12\/5-1024x410.png\" alt=\"\" class=\"wp-image-2582\" srcset=\"https:\/\/blog.uclm.es\/creuclm\/wp-content\/uploads\/sites\/200\/2023\/12\/5-1024x410.png 1024w, https:\/\/blog.uclm.es\/creuclm\/wp-content\/uploads\/sites\/200\/2023\/12\/5-300x120.png 300w, https:\/\/blog.uclm.es\/creuclm\/wp-content\/uploads\/sites\/200\/2023\/12\/5-768x307.png 768w, https:\/\/blog.uclm.es\/creuclm\/wp-content\/uploads\/sites\/200\/2023\/12\/5-1536x614.png 1536w, https:\/\/blog.uclm.es\/creuclm\/wp-content\/uploads\/sites\/200\/2023\/12\/5-2048x819.png 2048w\" sizes=\"auto, (max-width: 767px) 89vw, (max-width: 1000px) 54vw, (max-width: 1071px) 543px, 580px\" \/><\/figure>\n","protected":false},"excerpt":{"rendered":"<p>En el d\u00eda de hoy, 13 de diciembre de este a\u00f1o 2023, ha sido elegido nuestro nuevo Delegado General de Estudiantes de la UCLM, el albacete\u00f1o, Carlos Garc\u00eda Ca\u00f1o. Garc\u00eda, estudiante del Grado en Derecho en el Campus de Albacete, ser\u00e1 el nuevo presidente de nuestro consejo. El que fuera ya subdelegado de su campus, &hellip; <\/p>\n<p class=\"link-more\"><a href=\"https:\/\/blog.uclm.es\/creuclm\/2023\/12\/13\/elecciones-delegado-de-estudiantes-de-la-uclm-2024\/\" class=\"more-link\">Continuar leyendo<span class=\"screen-reader-text\"> \u00abELECCIONES DELEGADO DE ESTUDIANTES DE LA UCLM 2024\u00bb<\/span><\/a><\/p>\n","protected":false},"author":341,"featured_media":0,"comment_status":"open","ping_status":"open","sticky":false,"template":"","format":"standard","meta":{"footnotes":""},"categories":[1],"tags":[],"class_list":["post-2576","post","type-post","status-publish","format-standard","hentry","category-sin-categoria"],"_links":{"self":[{"href":"https:\/\/blog.uclm.es\/creuclm\/wp-json\/wp\/v2\/posts\/2576","targetHints":{"allow":["GET"]}}],"collection":[{"href":"https:\/\/blog.uclm.es\/creuclm\/wp-json\/wp\/v2\/posts"}],"about":[{"href":"https:\/\/blog.uclm.es\/creuclm\/wp-json\/wp\/v2\/types\/post"}],"author":[{"embeddable":true,"href":"https:\/\/blog.uclm.es\/creuclm\/wp-json\/wp\/v2\/users\/341"}],"replies":[{"embeddable":true,"href":"https:\/\/blog.uclm.es\/creuclm\/wp-json\/wp\/v2\/comments?post=2576"}],"version-history":[{"count":2,"href":"https:\/\/blog.uclm.es\/creuclm\/wp-json\/wp\/v2\/posts\/2576\/revisions"}],"predecessor-version":[{"id":2586,"href":"https:\/\/blog.uclm.es\/creuclm\/wp-json\/wp\/v2\/posts\/2576\/revisions\/2586"}],"wp:attachment":[{"href":"https:\/\/blog.uclm.es\/creuclm\/wp-json\/wp\/v2\/media?parent=2576"}],"wp:term":[{"taxonomy":"category","embeddable":true,"href":"https:\/\/blog.uclm.es\/creuclm\/wp-json\/wp\/v2\/categories?post=2576"},{"taxonomy":"post_tag","embeddable":true,"href":"https:\/\/blog.uclm.es\/creuclm\/wp-json\/wp\/v2\/tags?post=2576"}],"curies":[{"name":"wp","href":"https:\/\/api.w.org\/{rel}","templated":true}]}}