{"id":2554,"date":"2023-12-11T15:30:45","date_gmt":"2023-12-11T15:30:45","guid":{"rendered":"https:\/\/blog.uclm.es\/creuclm\/?p=2554"},"modified":"2023-12-11T15:30:45","modified_gmt":"2023-12-11T15:30:45","slug":"el-cre-uclm-vuelve-a-formar-parte-de-la-creup","status":"publish","type":"post","link":"https:\/\/blog.uclm.es\/creuclm\/2023\/12\/11\/el-cre-uclm-vuelve-a-formar-parte-de-la-creup\/","title":{"rendered":"EL CRE-UCLM VUELVE A FORMAR PARTE DE LA CREUP"},"content":{"rendered":"\n<p>La Universidad Miguel Hern\u00e1ndez de Elche fue testigo, los pasados d\u00edas 22 a 25 de noviembre, de la aprobaci\u00f3n de la entrada del CRE-UCLM en la Coordinadora de Representantes de Estudiantes de las Universidades P\u00fablicas (CREUP), de la que no formaba parte desde diciembre de 2020. A la Asamblea General Ordinaria, en la que tambi\u00e9n se trataron otros asuntos como un posicionamiento en materia de dimensi\u00f3n social universitaria, acudieron los subdelegados de estudiantes para las relaciones institucionales y transformaci\u00f3n digital y dimensi\u00f3n social, adem\u00e1s del propio delegado de estudiantes de la UCLM.<\/p>\n\n\n\n<p>Desde esta plataforma agradecemos a la Comisi\u00f3n Ejecutiva de la CREUP y a la asamblea por su apoyo y trato cercano con nosotros y a la Delegaci\u00f3n de Estudiantes de la Universidad Miguel Hern\u00e1ndez la organizaci\u00f3n del evento.<\/p>\n\n\n\n<figure class=\"wp-block-gallery has-nested-images columns-default is-cropped wp-block-gallery-1 is-layout-flex wp-block-gallery-is-layout-flex\">\n<figure class=\"wp-block-image size-large\"><img loading=\"lazy\" decoding=\"async\" width=\"1024\" height=\"1024\" data-id=\"2555\" src=\"https:\/\/blog.uclm.es\/creuclm\/wp-content\/uploads\/sites\/200\/2023\/12\/1-1024x1024.png\" alt=\"\" class=\"wp-image-2555\" srcset=\"https:\/\/blog.uclm.es\/creuclm\/wp-content\/uploads\/sites\/200\/2023\/12\/1-1024x1024.png 1024w, https:\/\/blog.uclm.es\/creuclm\/wp-content\/uploads\/sites\/200\/2023\/12\/1-300x300.png 300w, https:\/\/blog.uclm.es\/creuclm\/wp-content\/uploads\/sites\/200\/2023\/12\/1-150x150.png 150w, https:\/\/blog.uclm.es\/creuclm\/wp-content\/uploads\/sites\/200\/2023\/12\/1-768x768.png 768w, https:\/\/blog.uclm.es\/creuclm\/wp-content\/uploads\/sites\/200\/2023\/12\/1-100x100.png 100w, https:\/\/blog.uclm.es\/creuclm\/wp-content\/uploads\/sites\/200\/2023\/12\/1.png 1080w\" sizes=\"auto, (max-width: 767px) 89vw, (max-width: 1000px) 54vw, (max-width: 1071px) 543px, 580px\" \/><\/figure>\n\n\n\n<figure class=\"wp-block-image size-large\"><img loading=\"lazy\" decoding=\"async\" width=\"1024\" height=\"1024\" data-id=\"2557\" src=\"https:\/\/blog.uclm.es\/creuclm\/wp-content\/uploads\/sites\/200\/2023\/12\/2-1024x1024.png\" alt=\"\" class=\"wp-image-2557\" srcset=\"https:\/\/blog.uclm.es\/creuclm\/wp-content\/uploads\/sites\/200\/2023\/12\/2-1024x1024.png 1024w, https:\/\/blog.uclm.es\/creuclm\/wp-content\/uploads\/sites\/200\/2023\/12\/2-300x300.png 300w, https:\/\/blog.uclm.es\/creuclm\/wp-content\/uploads\/sites\/200\/2023\/12\/2-150x150.png 150w, https:\/\/blog.uclm.es\/creuclm\/wp-content\/uploads\/sites\/200\/2023\/12\/2-768x768.png 768w, https:\/\/blog.uclm.es\/creuclm\/wp-content\/uploads\/sites\/200\/2023\/12\/2-100x100.png 100w, https:\/\/blog.uclm.es\/creuclm\/wp-content\/uploads\/sites\/200\/2023\/12\/2.png 1080w\" sizes=\"auto, (max-width: 767px) 89vw, (max-width: 1000px) 54vw, (max-width: 1071px) 543px, 580px\" \/><\/figure>\n\n\n\n<figure class=\"wp-block-image size-large\"><img loading=\"lazy\" decoding=\"async\" width=\"1024\" height=\"1024\" data-id=\"2556\" src=\"https:\/\/blog.uclm.es\/creuclm\/wp-content\/uploads\/sites\/200\/2023\/12\/3-1024x1024.png\" alt=\"\" class=\"wp-image-2556\" srcset=\"https:\/\/blog.uclm.es\/creuclm\/wp-content\/uploads\/sites\/200\/2023\/12\/3-1024x1024.png 1024w, https:\/\/blog.uclm.es\/creuclm\/wp-content\/uploads\/sites\/200\/2023\/12\/3-300x300.png 300w, https:\/\/blog.uclm.es\/creuclm\/wp-content\/uploads\/sites\/200\/2023\/12\/3-150x150.png 150w, https:\/\/blog.uclm.es\/creuclm\/wp-content\/uploads\/sites\/200\/2023\/12\/3-768x768.png 768w, https:\/\/blog.uclm.es\/creuclm\/wp-content\/uploads\/sites\/200\/2023\/12\/3-100x100.png 100w, https:\/\/blog.uclm.es\/creuclm\/wp-content\/uploads\/sites\/200\/2023\/12\/3.png 1080w\" sizes=\"auto, (max-width: 767px) 89vw, (max-width: 1000px) 54vw, (max-width: 1071px) 543px, 580px\" \/><\/figure>\n<\/figure>\n","protected":false},"excerpt":{"rendered":"<p>La Universidad Miguel Hern\u00e1ndez de Elche fue testigo, los pasados d\u00edas 22 a 25 de noviembre, de la aprobaci\u00f3n de la entrada del CRE-UCLM en la Coordinadora de Representantes de Estudiantes de las Universidades P\u00fablicas (CREUP), de la que no formaba parte desde diciembre de 2020. A la Asamblea General Ordinaria, en la que tambi\u00e9n &hellip; <\/p>\n<p class=\"link-more\"><a href=\"https:\/\/blog.uclm.es\/creuclm\/2023\/12\/11\/el-cre-uclm-vuelve-a-formar-parte-de-la-creup\/\" class=\"more-link\">Continuar leyendo<span class=\"screen-reader-text\"> \u00abEL CRE-UCLM VUELVE A FORMAR PARTE DE LA CREUP\u00bb<\/span><\/a><\/p>\n","protected":false},"author":302,"featured_media":0,"comment_status":"open","ping_status":"open","sticky":false,"template":"","format":"standard","meta":{"footnotes":""},"categories":[1],"tags":[],"class_list":["post-2554","post","type-post","status-publish","format-standard","hentry","category-sin-categoria"],"_links":{"self":[{"href":"https:\/\/blog.uclm.es\/creuclm\/wp-json\/wp\/v2\/posts\/2554","targetHints":{"allow":["GET"]}}],"collection":[{"href":"https:\/\/blog.uclm.es\/creuclm\/wp-json\/wp\/v2\/posts"}],"about":[{"href":"https:\/\/blog.uclm.es\/creuclm\/wp-json\/wp\/v2\/types\/post"}],"author":[{"embeddable":true,"href":"https:\/\/blog.uclm.es\/creuclm\/wp-json\/wp\/v2\/users\/302"}],"replies":[{"embeddable":true,"href":"https:\/\/blog.uclm.es\/creuclm\/wp-json\/wp\/v2\/comments?post=2554"}],"version-history":[{"count":1,"href":"https:\/\/blog.uclm.es\/creuclm\/wp-json\/wp\/v2\/posts\/2554\/revisions"}],"predecessor-version":[{"id":2558,"href":"https:\/\/blog.uclm.es\/creuclm\/wp-json\/wp\/v2\/posts\/2554\/revisions\/2558"}],"wp:attachment":[{"href":"https:\/\/blog.uclm.es\/creuclm\/wp-json\/wp\/v2\/media?parent=2554"}],"wp:term":[{"taxonomy":"category","embeddable":true,"href":"https:\/\/blog.uclm.es\/creuclm\/wp-json\/wp\/v2\/categories?post=2554"},{"taxonomy":"post_tag","embeddable":true,"href":"https:\/\/blog.uclm.es\/creuclm\/wp-json\/wp\/v2\/tags?post=2554"}],"curies":[{"name":"wp","href":"https:\/\/api.w.org\/{rel}","templated":true}]}}