{"id":2526,"date":"2023-11-10T19:14:00","date_gmt":"2023-11-10T19:14:00","guid":{"rendered":"https:\/\/blog.uclm.es\/creuclm\/?p=2526"},"modified":"2023-11-27T19:26:23","modified_gmt":"2023-11-27T19:26:23","slug":"reunion-presencial-del-cre-uclm","status":"publish","type":"post","link":"https:\/\/blog.uclm.es\/creuclm\/2023\/11\/10\/reunion-presencial-del-cre-uclm\/","title":{"rendered":"REUNI\u00d3N PRESENCIAL DEL CRE-UCLM"},"content":{"rendered":"\n<p>El pasado 7 de noviembre se celebr\u00f3, en Talavera de la Reina, un pleno ordinario presencial del CRE-UCLM. En este se hizo balance de la legislatura, con presentaci\u00f3n de varios informes. Tambi\u00e9n se aprob\u00f3 el nuevo reglamento de gesti\u00f3n del presupuesto del CRE-UCLM, que busca simplificar el proceso y reducir trabas burocr\u00e1ticas. En el apartado \u00abPlenos\u00bb, a\u00f1o 2023, puedes consultar toda la documentaci\u00f3n tratada.<\/p>\n\n\n\n<p>La reuni\u00f3n fue, adem\u00e1s, la despedida de Pablo Nieto-S. Guti\u00e9rrez como delegado de estudiantes de la UCLM, despedida que ser\u00e1 efectiva una vez tenga lugar la renovaci\u00f3n del CRE-UCLM, prevista para las siguientes semanas.<\/p>\n\n\n\n<p><\/p>\n\n\n\n<figure class=\"wp-block-gallery has-nested-images columns-default is-cropped wp-block-gallery-1 is-layout-flex wp-block-gallery-is-layout-flex\">\n<figure class=\"wp-block-image size-large\"><img loading=\"lazy\" decoding=\"async\" width=\"1024\" height=\"1024\" data-id=\"2527\" src=\"https:\/\/blog.uclm.es\/creuclm\/wp-content\/uploads\/sites\/200\/2023\/11\/WhatsApp-Image-2023-11-27-at-20.05.18-3-1024x1024.jpeg\" alt=\"\" class=\"wp-image-2527\" srcset=\"https:\/\/blog.uclm.es\/creuclm\/wp-content\/uploads\/sites\/200\/2023\/11\/WhatsApp-Image-2023-11-27-at-20.05.18-3-1024x1024.jpeg 1024w, https:\/\/blog.uclm.es\/creuclm\/wp-content\/uploads\/sites\/200\/2023\/11\/WhatsApp-Image-2023-11-27-at-20.05.18-3-300x300.jpeg 300w, https:\/\/blog.uclm.es\/creuclm\/wp-content\/uploads\/sites\/200\/2023\/11\/WhatsApp-Image-2023-11-27-at-20.05.18-3-150x150.jpeg 150w, https:\/\/blog.uclm.es\/creuclm\/wp-content\/uploads\/sites\/200\/2023\/11\/WhatsApp-Image-2023-11-27-at-20.05.18-3-768x768.jpeg 768w, https:\/\/blog.uclm.es\/creuclm\/wp-content\/uploads\/sites\/200\/2023\/11\/WhatsApp-Image-2023-11-27-at-20.05.18-3-100x100.jpeg 100w, https:\/\/blog.uclm.es\/creuclm\/wp-content\/uploads\/sites\/200\/2023\/11\/WhatsApp-Image-2023-11-27-at-20.05.18-3.jpeg 1080w\" sizes=\"auto, (max-width: 767px) 89vw, (max-width: 1000px) 54vw, (max-width: 1071px) 543px, 580px\" \/><\/figure>\n\n\n\n<figure class=\"wp-block-image size-large\"><img loading=\"lazy\" decoding=\"async\" width=\"1024\" height=\"1024\" data-id=\"2528\" src=\"https:\/\/blog.uclm.es\/creuclm\/wp-content\/uploads\/sites\/200\/2023\/11\/WhatsApp-Image-2023-11-27-at-20.05.18-4-1024x1024.jpeg\" alt=\"\" class=\"wp-image-2528\" srcset=\"https:\/\/blog.uclm.es\/creuclm\/wp-content\/uploads\/sites\/200\/2023\/11\/WhatsApp-Image-2023-11-27-at-20.05.18-4-1024x1024.jpeg 1024w, https:\/\/blog.uclm.es\/creuclm\/wp-content\/uploads\/sites\/200\/2023\/11\/WhatsApp-Image-2023-11-27-at-20.05.18-4-300x300.jpeg 300w, https:\/\/blog.uclm.es\/creuclm\/wp-content\/uploads\/sites\/200\/2023\/11\/WhatsApp-Image-2023-11-27-at-20.05.18-4-150x150.jpeg 150w, https:\/\/blog.uclm.es\/creuclm\/wp-content\/uploads\/sites\/200\/2023\/11\/WhatsApp-Image-2023-11-27-at-20.05.18-4-768x768.jpeg 768w, https:\/\/blog.uclm.es\/creuclm\/wp-content\/uploads\/sites\/200\/2023\/11\/WhatsApp-Image-2023-11-27-at-20.05.18-4-100x100.jpeg 100w, https:\/\/blog.uclm.es\/creuclm\/wp-content\/uploads\/sites\/200\/2023\/11\/WhatsApp-Image-2023-11-27-at-20.05.18-4.jpeg 1080w\" sizes=\"auto, (max-width: 767px) 89vw, (max-width: 1000px) 54vw, (max-width: 1071px) 543px, 580px\" \/><\/figure>\n<\/figure>\n","protected":false},"excerpt":{"rendered":"<p>El pasado 7 de noviembre se celebr\u00f3, en Talavera de la Reina, un pleno ordinario presencial del CRE-UCLM. En este se hizo balance de la legislatura, con presentaci\u00f3n de varios informes. Tambi\u00e9n se aprob\u00f3 el nuevo reglamento de gesti\u00f3n del presupuesto del CRE-UCLM, que busca simplificar el proceso y reducir trabas burocr\u00e1ticas. En el apartado &hellip; <\/p>\n<p class=\"link-more\"><a href=\"https:\/\/blog.uclm.es\/creuclm\/2023\/11\/10\/reunion-presencial-del-cre-uclm\/\" class=\"more-link\">Continuar leyendo<span class=\"screen-reader-text\"> \u00abREUNI\u00d3N PRESENCIAL DEL CRE-UCLM\u00bb<\/span><\/a><\/p>\n","protected":false},"author":302,"featured_media":0,"comment_status":"open","ping_status":"open","sticky":false,"template":"","format":"standard","meta":{"footnotes":""},"categories":[1],"tags":[],"class_list":["post-2526","post","type-post","status-publish","format-standard","hentry","category-sin-categoria"],"_links":{"self":[{"href":"https:\/\/blog.uclm.es\/creuclm\/wp-json\/wp\/v2\/posts\/2526","targetHints":{"allow":["GET"]}}],"collection":[{"href":"https:\/\/blog.uclm.es\/creuclm\/wp-json\/wp\/v2\/posts"}],"about":[{"href":"https:\/\/blog.uclm.es\/creuclm\/wp-json\/wp\/v2\/types\/post"}],"author":[{"embeddable":true,"href":"https:\/\/blog.uclm.es\/creuclm\/wp-json\/wp\/v2\/users\/302"}],"replies":[{"embeddable":true,"href":"https:\/\/blog.uclm.es\/creuclm\/wp-json\/wp\/v2\/comments?post=2526"}],"version-history":[{"count":2,"href":"https:\/\/blog.uclm.es\/creuclm\/wp-json\/wp\/v2\/posts\/2526\/revisions"}],"predecessor-version":[{"id":2531,"href":"https:\/\/blog.uclm.es\/creuclm\/wp-json\/wp\/v2\/posts\/2526\/revisions\/2531"}],"wp:attachment":[{"href":"https:\/\/blog.uclm.es\/creuclm\/wp-json\/wp\/v2\/media?parent=2526"}],"wp:term":[{"taxonomy":"category","embeddable":true,"href":"https:\/\/blog.uclm.es\/creuclm\/wp-json\/wp\/v2\/categories?post=2526"},{"taxonomy":"post_tag","embeddable":true,"href":"https:\/\/blog.uclm.es\/creuclm\/wp-json\/wp\/v2\/tags?post=2526"}],"curies":[{"name":"wp","href":"https:\/\/api.w.org\/{rel}","templated":true}]}}