{"id":2521,"date":"2023-10-27T19:06:00","date_gmt":"2023-10-27T19:06:00","guid":{"rendered":"https:\/\/blog.uclm.es\/creuclm\/?p=2521"},"modified":"2023-11-27T19:18:37","modified_gmt":"2023-11-27T19:18:37","slug":"reunion-del-g9-en-la-universidad-de-bilbao","status":"publish","type":"post","link":"https:\/\/blog.uclm.es\/creuclm\/2023\/10\/27\/reunion-del-g9-en-la-universidad-de-bilbao\/","title":{"rendered":"REUNI\u00d3N DEL G9 EN LA UNIVERSIDAD DEL PA\u00cdS VASCO"},"content":{"rendered":"\n<p>Del 5 al 8 de octubre se celebr\u00f3 en Bilbao la I Asamblea General Ordinaria del Consejo de Estudiantes del grupo 9 de universidades, una vez cumplidos los tr\u00e1mites necesarios para su constituci\u00f3n como tal. A esta asistieron los subdelegados para las relaciones institucionales, David Rubio, y transformaci\u00f3n digital y dimensi\u00f3n social, Carlos L\u00f3pez. <\/p>\n\n\n\n<p>Entre los asuntos tratados, la aprobaci\u00f3n del reglamento de r\u00e9gimen interno de la asociaci\u00f3n y la adhesi\u00f3n de la Universitat de les Illes Balears al grupo, que adem\u00e1s asumi\u00f3 la coordinaci\u00f3n rotatoria. Asimismo, se trataron y debatieron temas relativos a las becas de colaboraci\u00f3n, las pr\u00e1cticas externas y la situaci\u00f3n de los estudios de doctorado.<\/p>\n\n\n\n<p>Desde el CRE-UCLM, agradecemos al EHU-IK (Consejo de Estudiantes de la Universidad del Pa\u00eds Vasco) y a la Comisi\u00f3n Permanente del CE-G9 por su trabajo e implicaci\u00f3n organizando esta asamblea.<\/p>\n\n\n\n<figure class=\"wp-block-gallery has-nested-images columns-default is-cropped wp-block-gallery-1 is-layout-flex wp-block-gallery-is-layout-flex\">\n<figure class=\"wp-block-image size-large\"><img loading=\"lazy\" decoding=\"async\" width=\"1024\" height=\"1024\" data-id=\"2524\" src=\"https:\/\/blog.uclm.es\/creuclm\/wp-content\/uploads\/sites\/200\/2023\/11\/WhatsApp-Image-2023-11-27-at-20.05.18-1-1024x1024.jpeg\" alt=\"\" class=\"wp-image-2524\" srcset=\"https:\/\/blog.uclm.es\/creuclm\/wp-content\/uploads\/sites\/200\/2023\/11\/WhatsApp-Image-2023-11-27-at-20.05.18-1-1024x1024.jpeg 1024w, https:\/\/blog.uclm.es\/creuclm\/wp-content\/uploads\/sites\/200\/2023\/11\/WhatsApp-Image-2023-11-27-at-20.05.18-1-300x300.jpeg 300w, https:\/\/blog.uclm.es\/creuclm\/wp-content\/uploads\/sites\/200\/2023\/11\/WhatsApp-Image-2023-11-27-at-20.05.18-1-150x150.jpeg 150w, https:\/\/blog.uclm.es\/creuclm\/wp-content\/uploads\/sites\/200\/2023\/11\/WhatsApp-Image-2023-11-27-at-20.05.18-1-768x768.jpeg 768w, https:\/\/blog.uclm.es\/creuclm\/wp-content\/uploads\/sites\/200\/2023\/11\/WhatsApp-Image-2023-11-27-at-20.05.18-1-100x100.jpeg 100w, https:\/\/blog.uclm.es\/creuclm\/wp-content\/uploads\/sites\/200\/2023\/11\/WhatsApp-Image-2023-11-27-at-20.05.18-1.jpeg 1080w\" sizes=\"auto, (max-width: 767px) 89vw, (max-width: 1000px) 54vw, (max-width: 1071px) 543px, 580px\" \/><\/figure>\n\n\n\n<figure class=\"wp-block-image size-large\"><img loading=\"lazy\" decoding=\"async\" width=\"1024\" height=\"1024\" data-id=\"2523\" src=\"https:\/\/blog.uclm.es\/creuclm\/wp-content\/uploads\/sites\/200\/2023\/11\/WhatsApp-Image-2023-11-27-at-20.05.18-1024x1024.jpeg\" alt=\"\" class=\"wp-image-2523\" srcset=\"https:\/\/blog.uclm.es\/creuclm\/wp-content\/uploads\/sites\/200\/2023\/11\/WhatsApp-Image-2023-11-27-at-20.05.18-1024x1024.jpeg 1024w, https:\/\/blog.uclm.es\/creuclm\/wp-content\/uploads\/sites\/200\/2023\/11\/WhatsApp-Image-2023-11-27-at-20.05.18-300x300.jpeg 300w, https:\/\/blog.uclm.es\/creuclm\/wp-content\/uploads\/sites\/200\/2023\/11\/WhatsApp-Image-2023-11-27-at-20.05.18-150x150.jpeg 150w, https:\/\/blog.uclm.es\/creuclm\/wp-content\/uploads\/sites\/200\/2023\/11\/WhatsApp-Image-2023-11-27-at-20.05.18-768x768.jpeg 768w, https:\/\/blog.uclm.es\/creuclm\/wp-content\/uploads\/sites\/200\/2023\/11\/WhatsApp-Image-2023-11-27-at-20.05.18-100x100.jpeg 100w, https:\/\/blog.uclm.es\/creuclm\/wp-content\/uploads\/sites\/200\/2023\/11\/WhatsApp-Image-2023-11-27-at-20.05.18.jpeg 1080w\" sizes=\"auto, (max-width: 767px) 89vw, (max-width: 1000px) 54vw, (max-width: 1071px) 543px, 580px\" \/><\/figure>\n\n\n\n<figure class=\"wp-block-image size-large\"><img loading=\"lazy\" decoding=\"async\" width=\"1024\" height=\"1024\" data-id=\"2522\" src=\"https:\/\/blog.uclm.es\/creuclm\/wp-content\/uploads\/sites\/200\/2023\/11\/WhatsApp-Image-2023-11-27-at-20.05.18-2-1024x1024.jpeg\" alt=\"\" class=\"wp-image-2522\" srcset=\"https:\/\/blog.uclm.es\/creuclm\/wp-content\/uploads\/sites\/200\/2023\/11\/WhatsApp-Image-2023-11-27-at-20.05.18-2-1024x1024.jpeg 1024w, https:\/\/blog.uclm.es\/creuclm\/wp-content\/uploads\/sites\/200\/2023\/11\/WhatsApp-Image-2023-11-27-at-20.05.18-2-300x300.jpeg 300w, https:\/\/blog.uclm.es\/creuclm\/wp-content\/uploads\/sites\/200\/2023\/11\/WhatsApp-Image-2023-11-27-at-20.05.18-2-150x150.jpeg 150w, https:\/\/blog.uclm.es\/creuclm\/wp-content\/uploads\/sites\/200\/2023\/11\/WhatsApp-Image-2023-11-27-at-20.05.18-2-768x768.jpeg 768w, https:\/\/blog.uclm.es\/creuclm\/wp-content\/uploads\/sites\/200\/2023\/11\/WhatsApp-Image-2023-11-27-at-20.05.18-2-100x100.jpeg 100w, https:\/\/blog.uclm.es\/creuclm\/wp-content\/uploads\/sites\/200\/2023\/11\/WhatsApp-Image-2023-11-27-at-20.05.18-2.jpeg 1080w\" sizes=\"auto, (max-width: 767px) 89vw, (max-width: 1000px) 54vw, (max-width: 1071px) 543px, 580px\" \/><\/figure>\n<\/figure>\n\n\n\n<p>Foto 1: los asistentes a la reuni\u00f3n, en tradicional foto de familia, posan sonrientes ante fot\u00f3grafo.<\/p>\n\n\n\n<p>Foto 2: los representantes del CRE-UCLM, cansados pero contentos tras arduas jornadas de trabajo, inmortalizan el recuerdo de su viaje a Bilbao.<\/p>\n\n\n\n<p>Foto 3: merecido descanso en las sesiones de trabajo que los asistentes aprovechan para, entre otras cosas, tomarse un <em>selfie<\/em>.<\/p>\n","protected":false},"excerpt":{"rendered":"<p>Del 5 al 8 de octubre se celebr\u00f3 en Bilbao la I Asamblea General Ordinaria del Consejo de Estudiantes del grupo 9 de universidades, una vez cumplidos los tr\u00e1mites necesarios para su constituci\u00f3n como tal. A esta asistieron los subdelegados para las relaciones institucionales, David Rubio, y transformaci\u00f3n digital y dimensi\u00f3n social, Carlos L\u00f3pez. Entre &hellip; <\/p>\n<p class=\"link-more\"><a href=\"https:\/\/blog.uclm.es\/creuclm\/2023\/10\/27\/reunion-del-g9-en-la-universidad-de-bilbao\/\" class=\"more-link\">Continuar leyendo<span class=\"screen-reader-text\"> \u00abREUNI\u00d3N DEL G9 EN LA UNIVERSIDAD DEL PA\u00cdS VASCO\u00bb<\/span><\/a><\/p>\n","protected":false},"author":302,"featured_media":0,"comment_status":"open","ping_status":"open","sticky":false,"template":"","format":"standard","meta":{"footnotes":""},"categories":[1],"tags":[],"class_list":["post-2521","post","type-post","status-publish","format-standard","hentry","category-sin-categoria"],"_links":{"self":[{"href":"https:\/\/blog.uclm.es\/creuclm\/wp-json\/wp\/v2\/posts\/2521","targetHints":{"allow":["GET"]}}],"collection":[{"href":"https:\/\/blog.uclm.es\/creuclm\/wp-json\/wp\/v2\/posts"}],"about":[{"href":"https:\/\/blog.uclm.es\/creuclm\/wp-json\/wp\/v2\/types\/post"}],"author":[{"embeddable":true,"href":"https:\/\/blog.uclm.es\/creuclm\/wp-json\/wp\/v2\/users\/302"}],"replies":[{"embeddable":true,"href":"https:\/\/blog.uclm.es\/creuclm\/wp-json\/wp\/v2\/comments?post=2521"}],"version-history":[{"count":2,"href":"https:\/\/blog.uclm.es\/creuclm\/wp-json\/wp\/v2\/posts\/2521\/revisions"}],"predecessor-version":[{"id":2530,"href":"https:\/\/blog.uclm.es\/creuclm\/wp-json\/wp\/v2\/posts\/2521\/revisions\/2530"}],"wp:attachment":[{"href":"https:\/\/blog.uclm.es\/creuclm\/wp-json\/wp\/v2\/media?parent=2521"}],"wp:term":[{"taxonomy":"category","embeddable":true,"href":"https:\/\/blog.uclm.es\/creuclm\/wp-json\/wp\/v2\/categories?post=2521"},{"taxonomy":"post_tag","embeddable":true,"href":"https:\/\/blog.uclm.es\/creuclm\/wp-json\/wp\/v2\/tags?post=2521"}],"curies":[{"name":"wp","href":"https:\/\/api.w.org\/{rel}","templated":true}]}}