{"id":2381,"date":"2023-09-24T18:42:52","date_gmt":"2023-09-24T18:42:52","guid":{"rendered":"https:\/\/blog.uclm.es\/creuclm\/?p=2381"},"modified":"2023-09-25T10:35:10","modified_gmt":"2023-09-25T10:35:10","slug":"bienvenida-curso-2023-2024","status":"publish","type":"post","link":"https:\/\/blog.uclm.es\/creuclm\/2023\/09\/24\/bienvenida-curso-2023-2024\/","title":{"rendered":"Bienvenida curso 2023\/2024"},"content":{"rendered":"\n<p>Estimada compa\u00f1era, estimado compa\u00f1ero,<\/p>\n\n\n\n<p><br>Quiero, en primer lugar, darte la bienvenida a este nuevo curso acad\u00e9mico, tanto si has iniciado estudios este septiembre como si contin\u00faas los que empezaste anteriormente. Deseo que sea para ti un a\u00f1o cargado de retos e inquietudes que la universidad pueda ayudarte a satisfacer. Desde el Consejo de Representantes de Estudiantes, queremos aprovechar para poner a tu disposici\u00f3n un punto de encuentro de normativa universitaria que sirva de consulta cuando te haga falta. Lo puedes encontrar en nuestra p\u00e1gina web, en pinchando arriba en el men\u00fa en el apartado de \u00abDOCUMENTACI\u00d3N\u00bb. Nuestro segundo prop\u00f3sito es difundir la Gu\u00eda del Estudiante que prepar\u00f3 el curso pasado el Vicerrectorado de Estudiantes y que al inicio de este cobra sentido completo. La puedes encontrar en este enlace. https:\/\/www.uclm.es\/Misiones\/LaUCLM\/Campus\/VidaCampus\/GuiaEstudiante<\/p>\n\n\n\n<p><br>Como cada inicio de curso, celebramos en breve los procesos de renovaci\u00f3n de la representaci\u00f3n estudiantil de la universidad, cuyo calendario es el siguiente:<\/p>\n\n\n\n<div data-wp-interactive=\"core\/file\" class=\"wp-block-file\"><object data-wp-bind--hidden=\"!state.hasPdfPreview\" hidden class=\"wp-block-file__embed\" data=\"https:\/\/blog.uclm.es\/creuclm\/wp-content\/uploads\/sites\/200\/2023\/09\/MODELO-CALENDARIO-final23-24.pdf\" type=\"application\/pdf\" style=\"width:100%;height:450px\" aria-label=\"Incrustado de MODELO CALENDARIO final23-24..\"><\/object><a id=\"wp-block-file--media-01ed259d-46d2-4614-8820-6b70a6f06c01\" href=\"https:\/\/blog.uclm.es\/creuclm\/wp-content\/uploads\/sites\/200\/2023\/09\/MODELO-CALENDARIO-final23-24.pdf\">MODELO CALENDARIO final23-24.<\/a><a href=\"https:\/\/blog.uclm.es\/creuclm\/wp-content\/uploads\/sites\/200\/2023\/09\/MODELO-CALENDARIO-final23-24.pdf\" class=\"wp-block-file__button wp-element-button\" download aria-describedby=\"wp-block-file--media-01ed259d-46d2-4614-8820-6b70a6f06c01\">Descarga<\/a><\/div>\n\n\n\n<p>Estos procesos se llevar\u00e1n a cabo en las pr\u00f3ximas semanas y su fin es la renovaci\u00f3n de todos los representantes de estudiantes de la UCLM, desde los delegados\/as de curso hasta mi sustituto como delegado de estudiantes de la universidad, pasando por los delegados\/as de centro y campus. Te animamos a participar de forma activa en estos procesos electorales ejerciendo tus derechos como estudiante; especialmente, nos gustar\u00eda que te animaras a presentarte y ejercer alguno de estos cargos de representaci\u00f3n estudiantil que se renuevan. <\/p>\n\n\n\n<p>Mi experiencia personal, tras cuatro a\u00f1os ocupando diferentes puestos, es que un trabajo gratificante que te permite desarrollarte como persona y que tambi\u00e9n te permite ayudar a tus compa\u00f1eros, tratando a su vez de lograr una universidad un poco mejor. Si te surge cualquier duda o necesitas informaci\u00f3n adicional, puedes contactar con nosotros a trav\u00e9s de este email; estaremos encantados de poder ayudarte.<\/p>\n\n\n\n<p><br>Por \u00faltimo, queremos facilitarte datos de contacto de la representaci\u00f3n estudiantil para que nos tengas a mano cuando lo necesites. En tu facultad o escuela, en tu campus o desde el Consejo de Representantes de Estudiantes estamos a tu disposici\u00f3n para cuanto necesites. Podr\u00e1s encontrarlos en el apartado de \u00abCONTACTO\u00bb del men\u00fa superior.<\/p>\n\n\n\n<p><br>Te damos las gracias por haber dedicado tu tiempo a leer este mensaje, que confiamos te sea de alguna utilidad, y esperamos, de coraz\u00f3n, que tengas un feliz curso acad\u00e9mico.<\/p>\n\n\n\n<p><br>Un saludo cordial,<br>Pablo Nieto-S.&nbsp;Guti\u00e9rrez<\/p>\n","protected":false},"excerpt":{"rendered":"<p>Estimada compa\u00f1era, estimado compa\u00f1ero, Quiero, en primer lugar, darte la bienvenida a este nuevo curso acad\u00e9mico, tanto si has iniciado estudios este septiembre como si contin\u00faas los que empezaste anteriormente. Deseo que sea para ti un a\u00f1o cargado de retos e inquietudes que la universidad pueda ayudarte a satisfacer. Desde el Consejo de Representantes de &hellip; <\/p>\n<p class=\"link-more\"><a href=\"https:\/\/blog.uclm.es\/creuclm\/2023\/09\/24\/bienvenida-curso-2023-2024\/\" class=\"more-link\">Continuar leyendo<span class=\"screen-reader-text\"> \u00abBienvenida curso 2023\/2024\u00bb<\/span><\/a><\/p>\n","protected":false},"author":341,"featured_media":0,"comment_status":"open","ping_status":"open","sticky":false,"template":"","format":"standard","meta":{"footnotes":""},"categories":[1],"tags":[],"class_list":["post-2381","post","type-post","status-publish","format-standard","hentry","category-sin-categoria"],"_links":{"self":[{"href":"https:\/\/blog.uclm.es\/creuclm\/wp-json\/wp\/v2\/posts\/2381","targetHints":{"allow":["GET"]}}],"collection":[{"href":"https:\/\/blog.uclm.es\/creuclm\/wp-json\/wp\/v2\/posts"}],"about":[{"href":"https:\/\/blog.uclm.es\/creuclm\/wp-json\/wp\/v2\/types\/post"}],"author":[{"embeddable":true,"href":"https:\/\/blog.uclm.es\/creuclm\/wp-json\/wp\/v2\/users\/341"}],"replies":[{"embeddable":true,"href":"https:\/\/blog.uclm.es\/creuclm\/wp-json\/wp\/v2\/comments?post=2381"}],"version-history":[{"count":2,"href":"https:\/\/blog.uclm.es\/creuclm\/wp-json\/wp\/v2\/posts\/2381\/revisions"}],"predecessor-version":[{"id":2391,"href":"https:\/\/blog.uclm.es\/creuclm\/wp-json\/wp\/v2\/posts\/2381\/revisions\/2391"}],"wp:attachment":[{"href":"https:\/\/blog.uclm.es\/creuclm\/wp-json\/wp\/v2\/media?parent=2381"}],"wp:term":[{"taxonomy":"category","embeddable":true,"href":"https:\/\/blog.uclm.es\/creuclm\/wp-json\/wp\/v2\/categories?post=2381"},{"taxonomy":"post_tag","embeddable":true,"href":"https:\/\/blog.uclm.es\/creuclm\/wp-json\/wp\/v2\/tags?post=2381"}],"curies":[{"name":"wp","href":"https:\/\/api.w.org\/{rel}","templated":true}]}}