{"id":2269,"date":"2023-06-28T09:43:00","date_gmt":"2023-06-28T09:43:00","guid":{"rendered":"https:\/\/blog.uclm.es\/creuclm\/?p=2269"},"modified":"2023-07-12T09:48:28","modified_gmt":"2023-07-12T09:48:28","slug":"28-de-junio-dia-del-orgullo-lgtbiqa-17-de-mayo-dia-contra-la-lgtbifobia","status":"publish","type":"post","link":"https:\/\/blog.uclm.es\/creuclm\/2023\/06\/28\/28-de-junio-dia-del-orgullo-lgtbiqa-17-de-mayo-dia-contra-la-lgtbifobia\/","title":{"rendered":"28 de junio, d\u00eda del orgullo LGTBIQA+ \/ 17 de mayo, d\u00eda contra la LGTBIfobia."},"content":{"rendered":"\n<p>El 28 de junio de 1969, en el bar Stonewall Inn en Nueva York, tuvieron lugar una serie de disturbios que se convirtieron en un hito para el movimiento de liberaci\u00f3n LGTBI+. Estos disturbios, liderados por valientes activistas transg\u00e9nero, personas de color y miembros de la comunidad LGTBI+, marcaron el comienzo de la lucha por la igualdad de derechos y el reconocimiento de las identidades diversas.<br>Hoy queremos celebrar y reivindicar la diversidad de la comunidad LGTBI+. Es un recordatorio de que debemos seguir defendiendo los derechos humanos, la igualdad y la inclusi\u00f3n en todo el mundo.<\/p>\n\n\n\n<p>Con motivo de la celebraci\u00f3n del d\u00eda del orgullo LGTBI+ os traemos algunas fotos del acto que se realiz\u00f3 el pasado 17 de mayo en Talavera de la Reina por el d\u00eda contra la LGTBIfobia. Esta fecha conmemora la eliminaci\u00f3n de la homosexualidad de la lista de enfermedades mentales por parte de la Asamblea General de la Organizaci\u00f3n Mundial de la Salud en 1990. Sin embargo, todav\u00eda nos enfrentamos a la discriminaci\u00f3n y la violencia hacia las personas LGTBI+ en muchas partes del mundo.<\/p>\n\n\n\n<p>Talavera de la Reina fue la sede elegida en mayo para la realizaci\u00f3n de actividades reivindicativas, como la puesta de bandera en todos los edificios de la agrupaci\u00f3n, as\u00ed como la instalaci\u00f3n de un stand informativo sobre las ITS, cuyo material fue proporcionado por la Junta de Comunidades de Castilla-La Mancha. Tambi\u00e9n le\u00edmos all\u00ed un manifiesto al cual acudieron miembros de la comunidad universitaria.<\/p>\n\n\n\n<p>En representaci\u00f3n del CRE-UCLM acudi\u00f3 el Vicepresidente para la Transformaci\u00f3n Digital y Dimensi\u00f3n Social, Carlos L\u00f3pez Mu\u00f1oz, quien fue entrevistado por los medios presentes, cuyo extracto de la entrevista os dejamos en el post.<\/p>\n\n\n\n<figure class=\"wp-block-gallery has-nested-images columns-default is-cropped wp-block-gallery-1 is-layout-flex wp-block-gallery-is-layout-flex\">\n<figure class=\"wp-block-image size-large\"><img loading=\"lazy\" decoding=\"async\" width=\"1024\" height=\"1024\" data-id=\"2270\" src=\"https:\/\/blog.uclm.es\/creuclm\/wp-content\/uploads\/sites\/200\/2023\/07\/3-1024x1024.jpg\" alt=\"\" class=\"wp-image-2270\" srcset=\"https:\/\/blog.uclm.es\/creuclm\/wp-content\/uploads\/sites\/200\/2023\/07\/3-1024x1024.jpg 1024w, https:\/\/blog.uclm.es\/creuclm\/wp-content\/uploads\/sites\/200\/2023\/07\/3-300x300.jpg 300w, https:\/\/blog.uclm.es\/creuclm\/wp-content\/uploads\/sites\/200\/2023\/07\/3-150x150.jpg 150w, https:\/\/blog.uclm.es\/creuclm\/wp-content\/uploads\/sites\/200\/2023\/07\/3-768x768.jpg 768w, https:\/\/blog.uclm.es\/creuclm\/wp-content\/uploads\/sites\/200\/2023\/07\/3-100x100.jpg 100w, https:\/\/blog.uclm.es\/creuclm\/wp-content\/uploads\/sites\/200\/2023\/07\/3.jpg 1080w\" sizes=\"auto, (max-width: 767px) 89vw, (max-width: 1000px) 54vw, (max-width: 1071px) 543px, 580px\" \/><\/figure>\n\n\n\n<figure class=\"wp-block-image size-large\"><img loading=\"lazy\" decoding=\"async\" width=\"1080\" height=\"1080\" data-id=\"2271\" src=\"https:\/\/blog.uclm.es\/creuclm\/wp-content\/uploads\/sites\/200\/2023\/07\/4-1024x1024.jpg\" alt=\"\" class=\"wp-image-2271\" srcset=\"https:\/\/blog.uclm.es\/creuclm\/wp-content\/uploads\/sites\/200\/2023\/07\/4-1024x1024.jpg 1024w, https:\/\/blog.uclm.es\/creuclm\/wp-content\/uploads\/sites\/200\/2023\/07\/4-300x300.jpg 300w, https:\/\/blog.uclm.es\/creuclm\/wp-content\/uploads\/sites\/200\/2023\/07\/4-150x150.jpg 150w, https:\/\/blog.uclm.es\/creuclm\/wp-content\/uploads\/sites\/200\/2023\/07\/4-768x768.jpg 768w, https:\/\/blog.uclm.es\/creuclm\/wp-content\/uploads\/sites\/200\/2023\/07\/4-100x100.jpg 100w, https:\/\/blog.uclm.es\/creuclm\/wp-content\/uploads\/sites\/200\/2023\/07\/4.jpg 1080w\" sizes=\"auto, (max-width: 767px) 89vw, (max-width: 1000px) 54vw, (max-width: 1071px) 543px, 580px\" \/><\/figure>\n\n\n\n<figure class=\"wp-block-image size-large\"><img loading=\"lazy\" decoding=\"async\" width=\"1024\" height=\"1024\" data-id=\"2272\" src=\"https:\/\/blog.uclm.es\/creuclm\/wp-content\/uploads\/sites\/200\/2023\/07\/5-1024x1024.jpg\" alt=\"\" class=\"wp-image-2272\" srcset=\"https:\/\/blog.uclm.es\/creuclm\/wp-content\/uploads\/sites\/200\/2023\/07\/5-1024x1024.jpg 1024w, https:\/\/blog.uclm.es\/creuclm\/wp-content\/uploads\/sites\/200\/2023\/07\/5-300x300.jpg 300w, https:\/\/blog.uclm.es\/creuclm\/wp-content\/uploads\/sites\/200\/2023\/07\/5-150x150.jpg 150w, https:\/\/blog.uclm.es\/creuclm\/wp-content\/uploads\/sites\/200\/2023\/07\/5-768x768.jpg 768w, https:\/\/blog.uclm.es\/creuclm\/wp-content\/uploads\/sites\/200\/2023\/07\/5-100x100.jpg 100w, https:\/\/blog.uclm.es\/creuclm\/wp-content\/uploads\/sites\/200\/2023\/07\/5.jpg 1080w\" sizes=\"auto, (max-width: 767px) 89vw, (max-width: 1000px) 54vw, (max-width: 1071px) 543px, 580px\" \/><\/figure>\n\n\n\n<figure class=\"wp-block-image size-large\"><img loading=\"lazy\" decoding=\"async\" width=\"1024\" height=\"1024\" data-id=\"2274\" src=\"https:\/\/blog.uclm.es\/creuclm\/wp-content\/uploads\/sites\/200\/2023\/07\/6-1024x1024.jpg\" alt=\"\" class=\"wp-image-2274\" srcset=\"https:\/\/blog.uclm.es\/creuclm\/wp-content\/uploads\/sites\/200\/2023\/07\/6-1024x1024.jpg 1024w, https:\/\/blog.uclm.es\/creuclm\/wp-content\/uploads\/sites\/200\/2023\/07\/6-300x300.jpg 300w, https:\/\/blog.uclm.es\/creuclm\/wp-content\/uploads\/sites\/200\/2023\/07\/6-150x150.jpg 150w, https:\/\/blog.uclm.es\/creuclm\/wp-content\/uploads\/sites\/200\/2023\/07\/6-768x768.jpg 768w, https:\/\/blog.uclm.es\/creuclm\/wp-content\/uploads\/sites\/200\/2023\/07\/6-100x100.jpg 100w, https:\/\/blog.uclm.es\/creuclm\/wp-content\/uploads\/sites\/200\/2023\/07\/6.jpg 1080w\" sizes=\"auto, (max-width: 767px) 89vw, (max-width: 1000px) 54vw, (max-width: 1071px) 543px, 580px\" \/><\/figure>\n\n\n\n<figure class=\"wp-block-image size-large\"><img loading=\"lazy\" decoding=\"async\" width=\"1024\" height=\"1024\" data-id=\"2273\" src=\"https:\/\/blog.uclm.es\/creuclm\/wp-content\/uploads\/sites\/200\/2023\/07\/7-1024x1024.jpg\" alt=\"\" class=\"wp-image-2273\" srcset=\"https:\/\/blog.uclm.es\/creuclm\/wp-content\/uploads\/sites\/200\/2023\/07\/7-1024x1024.jpg 1024w, https:\/\/blog.uclm.es\/creuclm\/wp-content\/uploads\/sites\/200\/2023\/07\/7-300x300.jpg 300w, https:\/\/blog.uclm.es\/creuclm\/wp-content\/uploads\/sites\/200\/2023\/07\/7-150x150.jpg 150w, https:\/\/blog.uclm.es\/creuclm\/wp-content\/uploads\/sites\/200\/2023\/07\/7-768x768.jpg 768w, https:\/\/blog.uclm.es\/creuclm\/wp-content\/uploads\/sites\/200\/2023\/07\/7-100x100.jpg 100w, https:\/\/blog.uclm.es\/creuclm\/wp-content\/uploads\/sites\/200\/2023\/07\/7.jpg 1080w\" sizes=\"auto, (max-width: 767px) 89vw, (max-width: 1000px) 54vw, (max-width: 1071px) 543px, 580px\" \/><\/figure>\n<\/figure>\n","protected":false},"excerpt":{"rendered":"<p>El 28 de junio de 1969, en el bar Stonewall Inn en Nueva York, tuvieron lugar una serie de disturbios que se convirtieron en un hito para el movimiento de liberaci\u00f3n LGTBI+. Estos disturbios, liderados por valientes activistas transg\u00e9nero, personas de color y miembros de la comunidad LGTBI+, marcaron el comienzo de la lucha por &hellip; <\/p>\n<p class=\"link-more\"><a href=\"https:\/\/blog.uclm.es\/creuclm\/2023\/06\/28\/28-de-junio-dia-del-orgullo-lgtbiqa-17-de-mayo-dia-contra-la-lgtbifobia\/\" class=\"more-link\">Continuar leyendo<span class=\"screen-reader-text\"> \u00ab28 de junio, d\u00eda del orgullo LGTBIQA+ \/ 17 de mayo, d\u00eda contra la LGTBIfobia.\u00bb<\/span><\/a><\/p>\n","protected":false},"author":341,"featured_media":0,"comment_status":"open","ping_status":"open","sticky":false,"template":"","format":"standard","meta":{"footnotes":""},"categories":[1],"tags":[],"class_list":["post-2269","post","type-post","status-publish","format-standard","hentry","category-sin-categoria"],"_links":{"self":[{"href":"https:\/\/blog.uclm.es\/creuclm\/wp-json\/wp\/v2\/posts\/2269","targetHints":{"allow":["GET"]}}],"collection":[{"href":"https:\/\/blog.uclm.es\/creuclm\/wp-json\/wp\/v2\/posts"}],"about":[{"href":"https:\/\/blog.uclm.es\/creuclm\/wp-json\/wp\/v2\/types\/post"}],"author":[{"embeddable":true,"href":"https:\/\/blog.uclm.es\/creuclm\/wp-json\/wp\/v2\/users\/341"}],"replies":[{"embeddable":true,"href":"https:\/\/blog.uclm.es\/creuclm\/wp-json\/wp\/v2\/comments?post=2269"}],"version-history":[{"count":1,"href":"https:\/\/blog.uclm.es\/creuclm\/wp-json\/wp\/v2\/posts\/2269\/revisions"}],"predecessor-version":[{"id":2275,"href":"https:\/\/blog.uclm.es\/creuclm\/wp-json\/wp\/v2\/posts\/2269\/revisions\/2275"}],"wp:attachment":[{"href":"https:\/\/blog.uclm.es\/creuclm\/wp-json\/wp\/v2\/media?parent=2269"}],"wp:term":[{"taxonomy":"category","embeddable":true,"href":"https:\/\/blog.uclm.es\/creuclm\/wp-json\/wp\/v2\/categories?post=2269"},{"taxonomy":"post_tag","embeddable":true,"href":"https:\/\/blog.uclm.es\/creuclm\/wp-json\/wp\/v2\/tags?post=2269"}],"curies":[{"name":"wp","href":"https:\/\/api.w.org\/{rel}","templated":true}]}}