{"id":2208,"date":"2023-03-08T16:08:37","date_gmt":"2023-03-08T16:08:37","guid":{"rendered":"https:\/\/blog.uclm.es\/creuclm\/?p=2208"},"modified":"2023-05-09T16:15:46","modified_gmt":"2023-05-09T16:15:46","slug":"8m-2023","status":"publish","type":"post","link":"https:\/\/blog.uclm.es\/creuclm\/2023\/03\/08\/8m-2023\/","title":{"rendered":"8M 2023"},"content":{"rendered":"\n<p>Hoy,\u00a0<a href=\"https:\/\/www.instagram.com\/explore\/tags\/8m\/\">#8M<\/a>\u00a0celebramos el\u00a0<a href=\"https:\/\/www.instagram.com\/explore\/tags\/diainternacionaldelamujer\/\">#diainternacionaldelamujer<\/a>\u00a0.<br>Os compartimos algunas fotos de las diferentes actividades que las algunas delegaciones han realizado en el d\u00eda de hoy para conmemorar la lucha feminista y seguir luchando por la igualdad entre ambos sexos.<\/p>\n\n\n\n<figure class=\"wp-block-gallery has-nested-images columns-default is-cropped wp-block-gallery-1 is-layout-flex wp-block-gallery-is-layout-flex\">\n<figure class=\"wp-block-image size-large\"><img loading=\"lazy\" decoding=\"async\" width=\"1024\" height=\"1012\" data-id=\"2209\" src=\"https:\/\/blog.uclm.es\/creuclm\/wp-content\/uploads\/sites\/200\/2023\/05\/Imagen-de-WhatsApp-2023-05-09-a-las-18.12.49.jpg\" alt=\"\" class=\"wp-image-2209\" srcset=\"https:\/\/blog.uclm.es\/creuclm\/wp-content\/uploads\/sites\/200\/2023\/05\/Imagen-de-WhatsApp-2023-05-09-a-las-18.12.49.jpg 1024w, https:\/\/blog.uclm.es\/creuclm\/wp-content\/uploads\/sites\/200\/2023\/05\/Imagen-de-WhatsApp-2023-05-09-a-las-18.12.49-300x296.jpg 300w, https:\/\/blog.uclm.es\/creuclm\/wp-content\/uploads\/sites\/200\/2023\/05\/Imagen-de-WhatsApp-2023-05-09-a-las-18.12.49-768x759.jpg 768w, https:\/\/blog.uclm.es\/creuclm\/wp-content\/uploads\/sites\/200\/2023\/05\/Imagen-de-WhatsApp-2023-05-09-a-las-18.12.49-100x100.jpg 100w\" sizes=\"auto, (max-width: 767px) 89vw, (max-width: 1000px) 54vw, (max-width: 1071px) 543px, 580px\" \/><\/figure>\n\n\n\n<figure class=\"wp-block-image size-large\"><img loading=\"lazy\" decoding=\"async\" width=\"1024\" height=\"1018\" data-id=\"2210\" src=\"https:\/\/blog.uclm.es\/creuclm\/wp-content\/uploads\/sites\/200\/2023\/05\/Imagen-de-WhatsApp-2023-05-09-a-las-18.12.50.jpg\" alt=\"\" class=\"wp-image-2210\" srcset=\"https:\/\/blog.uclm.es\/creuclm\/wp-content\/uploads\/sites\/200\/2023\/05\/Imagen-de-WhatsApp-2023-05-09-a-las-18.12.50.jpg 1024w, https:\/\/blog.uclm.es\/creuclm\/wp-content\/uploads\/sites\/200\/2023\/05\/Imagen-de-WhatsApp-2023-05-09-a-las-18.12.50-300x298.jpg 300w, https:\/\/blog.uclm.es\/creuclm\/wp-content\/uploads\/sites\/200\/2023\/05\/Imagen-de-WhatsApp-2023-05-09-a-las-18.12.50-150x150.jpg 150w, https:\/\/blog.uclm.es\/creuclm\/wp-content\/uploads\/sites\/200\/2023\/05\/Imagen-de-WhatsApp-2023-05-09-a-las-18.12.50-768x764.jpg 768w, https:\/\/blog.uclm.es\/creuclm\/wp-content\/uploads\/sites\/200\/2023\/05\/Imagen-de-WhatsApp-2023-05-09-a-las-18.12.50-100x100.jpg 100w\" sizes=\"auto, (max-width: 767px) 89vw, (max-width: 1000px) 54vw, (max-width: 1071px) 543px, 580px\" \/><\/figure>\n<\/figure>\n\n\n\n<figure class=\"wp-block-gallery has-nested-images columns-default is-cropped wp-block-gallery-2 is-layout-flex wp-block-gallery-is-layout-flex\">\n<figure class=\"wp-block-image size-large\"><img loading=\"lazy\" decoding=\"async\" width=\"1024\" height=\"1009\" data-id=\"2212\" src=\"https:\/\/blog.uclm.es\/creuclm\/wp-content\/uploads\/sites\/200\/2023\/05\/Imagen-de-WhatsApp-2023-05-09-a-las-18.12.5000.jpg\" alt=\"\" class=\"wp-image-2212\" srcset=\"https:\/\/blog.uclm.es\/creuclm\/wp-content\/uploads\/sites\/200\/2023\/05\/Imagen-de-WhatsApp-2023-05-09-a-las-18.12.5000.jpg 1024w, https:\/\/blog.uclm.es\/creuclm\/wp-content\/uploads\/sites\/200\/2023\/05\/Imagen-de-WhatsApp-2023-05-09-a-las-18.12.5000-300x296.jpg 300w, https:\/\/blog.uclm.es\/creuclm\/wp-content\/uploads\/sites\/200\/2023\/05\/Imagen-de-WhatsApp-2023-05-09-a-las-18.12.5000-768x757.jpg 768w, https:\/\/blog.uclm.es\/creuclm\/wp-content\/uploads\/sites\/200\/2023\/05\/Imagen-de-WhatsApp-2023-05-09-a-las-18.12.5000-100x100.jpg 100w\" sizes=\"auto, (max-width: 767px) 89vw, (max-width: 1000px) 54vw, (max-width: 1071px) 543px, 580px\" \/><\/figure>\n\n\n\n<figure class=\"wp-block-image size-large\"><img loading=\"lazy\" decoding=\"async\" width=\"1024\" height=\"999\" data-id=\"2211\" src=\"https:\/\/blog.uclm.es\/creuclm\/wp-content\/uploads\/sites\/200\/2023\/05\/Imagen-de-WhatsApp-2023-05-09-a-las-18.12.500.jpg\" alt=\"\" class=\"wp-image-2211\" srcset=\"https:\/\/blog.uclm.es\/creuclm\/wp-content\/uploads\/sites\/200\/2023\/05\/Imagen-de-WhatsApp-2023-05-09-a-las-18.12.500.jpg 1024w, https:\/\/blog.uclm.es\/creuclm\/wp-content\/uploads\/sites\/200\/2023\/05\/Imagen-de-WhatsApp-2023-05-09-a-las-18.12.500-300x293.jpg 300w, https:\/\/blog.uclm.es\/creuclm\/wp-content\/uploads\/sites\/200\/2023\/05\/Imagen-de-WhatsApp-2023-05-09-a-las-18.12.500-768x749.jpg 768w\" sizes=\"auto, (max-width: 767px) 89vw, (max-width: 1000px) 54vw, (max-width: 1071px) 543px, 580px\" \/><\/figure>\n<\/figure>\n\n\n\n<p>De izquierda a derecha y de arriba a abajo; lectura del manifiesto frente a exposici\u00f3n de mujeres relevantes en Talavera de la Reina. Puesta de lazos por el 8M en el aulario de Ciudad Real. Concentraci\u00f3n por la igualdad en Almad\u00e9n. Caf\u00e9 y charlas por el 8M en Albacete.<\/p>\n","protected":false},"excerpt":{"rendered":"<p>Hoy,\u00a0#8M\u00a0celebramos el\u00a0#diainternacionaldelamujer\u00a0.Os compartimos algunas fotos de las diferentes actividades que las algunas delegaciones han realizado en el d\u00eda de hoy para conmemorar la lucha feminista y seguir luchando por la igualdad entre ambos sexos. De izquierda a derecha y de arriba a abajo; lectura del manifiesto frente a exposici\u00f3n de mujeres relevantes en Talavera de &hellip; <\/p>\n<p class=\"link-more\"><a href=\"https:\/\/blog.uclm.es\/creuclm\/2023\/03\/08\/8m-2023\/\" class=\"more-link\">Continuar leyendo<span class=\"screen-reader-text\"> \u00ab8M 2023\u00bb<\/span><\/a><\/p>\n","protected":false},"author":341,"featured_media":0,"comment_status":"open","ping_status":"open","sticky":false,"template":"","format":"standard","meta":{"footnotes":""},"categories":[1],"tags":[],"class_list":["post-2208","post","type-post","status-publish","format-standard","hentry","category-sin-categoria"],"_links":{"self":[{"href":"https:\/\/blog.uclm.es\/creuclm\/wp-json\/wp\/v2\/posts\/2208","targetHints":{"allow":["GET"]}}],"collection":[{"href":"https:\/\/blog.uclm.es\/creuclm\/wp-json\/wp\/v2\/posts"}],"about":[{"href":"https:\/\/blog.uclm.es\/creuclm\/wp-json\/wp\/v2\/types\/post"}],"author":[{"embeddable":true,"href":"https:\/\/blog.uclm.es\/creuclm\/wp-json\/wp\/v2\/users\/341"}],"replies":[{"embeddable":true,"href":"https:\/\/blog.uclm.es\/creuclm\/wp-json\/wp\/v2\/comments?post=2208"}],"version-history":[{"count":1,"href":"https:\/\/blog.uclm.es\/creuclm\/wp-json\/wp\/v2\/posts\/2208\/revisions"}],"predecessor-version":[{"id":2213,"href":"https:\/\/blog.uclm.es\/creuclm\/wp-json\/wp\/v2\/posts\/2208\/revisions\/2213"}],"wp:attachment":[{"href":"https:\/\/blog.uclm.es\/creuclm\/wp-json\/wp\/v2\/media?parent=2208"}],"wp:term":[{"taxonomy":"category","embeddable":true,"href":"https:\/\/blog.uclm.es\/creuclm\/wp-json\/wp\/v2\/categories?post=2208"},{"taxonomy":"post_tag","embeddable":true,"href":"https:\/\/blog.uclm.es\/creuclm\/wp-json\/wp\/v2\/tags?post=2208"}],"curies":[{"name":"wp","href":"https:\/\/api.w.org\/{rel}","templated":true}]}}