{"id":2197,"date":"2023-03-31T15:56:29","date_gmt":"2023-03-31T15:56:29","guid":{"rendered":"https:\/\/blog.uclm.es\/creuclm\/?p=2197"},"modified":"2023-05-09T16:04:10","modified_gmt":"2023-05-09T16:04:10","slug":"reunion-del-g9-en-la-universidad-de-oviedo","status":"publish","type":"post","link":"https:\/\/blog.uclm.es\/creuclm\/2023\/03\/31\/reunion-del-g9-en-la-universidad-de-oviedo\/","title":{"rendered":"REUNI\u00d3N DEL G9 EN LA UNIVERSIDAD DE OVIEDO"},"content":{"rendered":"\n<p>Los pasados 31 de marzo, 1 y 2 de abril, asistimos y moderamos la reuni\u00f3n del Grupo 9 de Consejos de Estudiantes, celebrado en la Universidad de Oviedo.<br>En esta, se aprobaron los nuevos estatutos de la asociaci\u00f3n, y se tom\u00f3 la decisi\u00f3n de constituirse formalmente. Tambi\u00e9n, las 7 universidades asistentes, firmaron un manifiesto en solidaridad por los incendios de Asturias disponible en la p\u00e1gina web del Consejo de Estudiantes de la Universidad de Oviedo:<br>https:\/\/cestudiantes.uniovi.es\/<\/p>\n\n\n\n<figure class=\"wp-block-gallery has-nested-images columns-default is-cropped wp-block-gallery-1 is-layout-flex wp-block-gallery-is-layout-flex\">\n<figure class=\"wp-block-image size-large\"><img loading=\"lazy\" decoding=\"async\" width=\"1024\" height=\"1024\" data-id=\"2198\" src=\"https:\/\/blog.uclm.es\/creuclm\/wp-content\/uploads\/sites\/200\/2023\/05\/1-1-1024x1024.png\" alt=\"\" class=\"wp-image-2198\" srcset=\"https:\/\/blog.uclm.es\/creuclm\/wp-content\/uploads\/sites\/200\/2023\/05\/1-1-1024x1024.png 1024w, https:\/\/blog.uclm.es\/creuclm\/wp-content\/uploads\/sites\/200\/2023\/05\/1-1-300x300.png 300w, https:\/\/blog.uclm.es\/creuclm\/wp-content\/uploads\/sites\/200\/2023\/05\/1-1-150x150.png 150w, https:\/\/blog.uclm.es\/creuclm\/wp-content\/uploads\/sites\/200\/2023\/05\/1-1-768x768.png 768w, https:\/\/blog.uclm.es\/creuclm\/wp-content\/uploads\/sites\/200\/2023\/05\/1-1-100x100.png 100w, https:\/\/blog.uclm.es\/creuclm\/wp-content\/uploads\/sites\/200\/2023\/05\/1-1.png 1080w\" sizes=\"auto, (max-width: 767px) 89vw, (max-width: 1000px) 54vw, (max-width: 1071px) 543px, 580px\" \/><\/figure>\n\n\n\n<figure class=\"wp-block-image size-large\"><img loading=\"lazy\" decoding=\"async\" width=\"1024\" height=\"1024\" data-id=\"2199\" src=\"https:\/\/blog.uclm.es\/creuclm\/wp-content\/uploads\/sites\/200\/2023\/05\/2-3-1024x1024.png\" alt=\"\" class=\"wp-image-2199\" srcset=\"https:\/\/blog.uclm.es\/creuclm\/wp-content\/uploads\/sites\/200\/2023\/05\/2-3-1024x1024.png 1024w, https:\/\/blog.uclm.es\/creuclm\/wp-content\/uploads\/sites\/200\/2023\/05\/2-3-300x300.png 300w, https:\/\/blog.uclm.es\/creuclm\/wp-content\/uploads\/sites\/200\/2023\/05\/2-3-150x150.png 150w, https:\/\/blog.uclm.es\/creuclm\/wp-content\/uploads\/sites\/200\/2023\/05\/2-3-768x768.png 768w, https:\/\/blog.uclm.es\/creuclm\/wp-content\/uploads\/sites\/200\/2023\/05\/2-3-100x100.png 100w, https:\/\/blog.uclm.es\/creuclm\/wp-content\/uploads\/sites\/200\/2023\/05\/2-3.png 1080w\" sizes=\"auto, (max-width: 767px) 89vw, (max-width: 1000px) 54vw, (max-width: 1071px) 543px, 580px\" \/><\/figure>\n\n\n\n<figure class=\"wp-block-image size-large\"><img loading=\"lazy\" decoding=\"async\" width=\"1024\" height=\"1024\" data-id=\"2200\" src=\"https:\/\/blog.uclm.es\/creuclm\/wp-content\/uploads\/sites\/200\/2023\/05\/3-3-1024x1024.png\" alt=\"\" class=\"wp-image-2200\" srcset=\"https:\/\/blog.uclm.es\/creuclm\/wp-content\/uploads\/sites\/200\/2023\/05\/3-3-1024x1024.png 1024w, https:\/\/blog.uclm.es\/creuclm\/wp-content\/uploads\/sites\/200\/2023\/05\/3-3-300x300.png 300w, https:\/\/blog.uclm.es\/creuclm\/wp-content\/uploads\/sites\/200\/2023\/05\/3-3-150x150.png 150w, https:\/\/blog.uclm.es\/creuclm\/wp-content\/uploads\/sites\/200\/2023\/05\/3-3-768x768.png 768w, https:\/\/blog.uclm.es\/creuclm\/wp-content\/uploads\/sites\/200\/2023\/05\/3-3-100x100.png 100w, https:\/\/blog.uclm.es\/creuclm\/wp-content\/uploads\/sites\/200\/2023\/05\/3-3.png 1080w\" sizes=\"auto, (max-width: 767px) 89vw, (max-width: 1000px) 54vw, (max-width: 1071px) 543px, 580px\" \/><\/figure>\n<\/figure>\n\n\n\n<p>Primera foto: Los representantes de los MOREs de las universidades del G9 posan en el patio del rectorado de la Universidad de Oviedo.<\/p>\n\n\n\n<p>Segunda foto: De izquierda a derecha, representantes de los MOREs de la Universidad de la Rioja, Universidad P\u00fablica de Navarra, <em>Euskal Herriko Unibertsitatea<\/em>, Universidad de Oviedo, Universidad de Zaragoza, Universidad de Extremadura, y Universidad de Castilla-La Mancha (Carlos L\u00f3pez Mu\u00f1oz, Vicepresidente para la Transformaci\u00f3n Digital y Dimensi\u00f3n Social), firman un posicionamiento de apoyo a las personas afectadas por los fuegos  en Asturias.<\/p>\n\n\n\n<p>Tercera foto: Mesa de moderaci\u00f3n y coordinaci\u00f3n de la sesi\u00f3n, de izquierda a derecha, Universidad de Ovieda, representando a la sede, Universidad de Castilla-La Mancha, preside la sesi\u00f3n y la modera, y Euskal Herriko Unibersitatea, hace las funciones de secretar\u00eda.<\/p>\n","protected":false},"excerpt":{"rendered":"<p>Los pasados 31 de marzo, 1 y 2 de abril, asistimos y moderamos la reuni\u00f3n del Grupo 9 de Consejos de Estudiantes, celebrado en la Universidad de Oviedo.En esta, se aprobaron los nuevos estatutos de la asociaci\u00f3n, y se tom\u00f3 la decisi\u00f3n de constituirse formalmente. Tambi\u00e9n, las 7 universidades asistentes, firmaron un manifiesto en solidaridad &hellip; <\/p>\n<p class=\"link-more\"><a href=\"https:\/\/blog.uclm.es\/creuclm\/2023\/03\/31\/reunion-del-g9-en-la-universidad-de-oviedo\/\" class=\"more-link\">Continuar leyendo<span class=\"screen-reader-text\"> \u00abREUNI\u00d3N DEL G9 EN LA UNIVERSIDAD DE OVIEDO\u00bb<\/span><\/a><\/p>\n","protected":false},"author":341,"featured_media":0,"comment_status":"open","ping_status":"open","sticky":false,"template":"","format":"standard","meta":{"footnotes":""},"categories":[1],"tags":[],"class_list":["post-2197","post","type-post","status-publish","format-standard","hentry","category-sin-categoria"],"_links":{"self":[{"href":"https:\/\/blog.uclm.es\/creuclm\/wp-json\/wp\/v2\/posts\/2197","targetHints":{"allow":["GET"]}}],"collection":[{"href":"https:\/\/blog.uclm.es\/creuclm\/wp-json\/wp\/v2\/posts"}],"about":[{"href":"https:\/\/blog.uclm.es\/creuclm\/wp-json\/wp\/v2\/types\/post"}],"author":[{"embeddable":true,"href":"https:\/\/blog.uclm.es\/creuclm\/wp-json\/wp\/v2\/users\/341"}],"replies":[{"embeddable":true,"href":"https:\/\/blog.uclm.es\/creuclm\/wp-json\/wp\/v2\/comments?post=2197"}],"version-history":[{"count":1,"href":"https:\/\/blog.uclm.es\/creuclm\/wp-json\/wp\/v2\/posts\/2197\/revisions"}],"predecessor-version":[{"id":2201,"href":"https:\/\/blog.uclm.es\/creuclm\/wp-json\/wp\/v2\/posts\/2197\/revisions\/2201"}],"wp:attachment":[{"href":"https:\/\/blog.uclm.es\/creuclm\/wp-json\/wp\/v2\/media?parent=2197"}],"wp:term":[{"taxonomy":"category","embeddable":true,"href":"https:\/\/blog.uclm.es\/creuclm\/wp-json\/wp\/v2\/categories?post=2197"},{"taxonomy":"post_tag","embeddable":true,"href":"https:\/\/blog.uclm.es\/creuclm\/wp-json\/wp\/v2\/tags?post=2197"}],"curies":[{"name":"wp","href":"https:\/\/api.w.org\/{rel}","templated":true}]}}