{"id":1963,"date":"2023-01-17T16:12:00","date_gmt":"2023-01-17T16:12:00","guid":{"rendered":"https:\/\/blog.uclm.es\/creuclm\/?p=1963"},"modified":"2023-01-17T16:12:00","modified_gmt":"2023-01-17T16:12:00","slug":"crecomunica-ampliacion-horario-climatizacion","status":"publish","type":"post","link":"https:\/\/blog.uclm.es\/creuclm\/2023\/01\/17\/crecomunica-ampliacion-horario-climatizacion\/","title":{"rendered":"CRECOMUNICA: AMPLIACI\u00d3N HORARIO CLIMATIZACI\u00d3N."},"content":{"rendered":"\n<p>Desde el Vicerrectorado de Sostenibilidad e Infraestructuras de la @uclm_es , nos hacen llegar lo siguiente:<br>Se ha acordado una nueva ampliaci\u00f3n del horario de climatizaci\u00f3n de los centros de nuestra universidad, quedando los horarios establecidos, para esta semana y la pr\u00f3xima, de la siguiente forma:<\/p>\n\n\n\n<p><br>MA\u00d1ANAS<\/p>\n\n\n\n<p>De martes a viernes la climatizaci\u00f3n ser\u00e1 de 06:00 a 13:00 horas y los lunes, de 05:00 a 13:00 horas.<br><\/p>\n\n\n\n<p>TARDES<\/p>\n\n\n\n<p>De lunes a viernes el horario ser\u00e1 de 16:00 a 20:00 horas.<\/p>\n\n\n\n<p><br>Los cambios afectar\u00e1n a espacios docentes y de investigaci\u00f3n. Los espacios destinados a biblioteca seguir\u00e1n con la climatizaci\u00f3n habitual.<\/p>\n\n\n\n<p>Un saludo,<\/p>\n\n\n\n<p>Ejecutiva del CRE &#8211; UCLM<\/p>\n","protected":false},"excerpt":{"rendered":"<p>Desde el Vicerrectorado de Sostenibilidad e Infraestructuras de la @uclm_es , nos hacen llegar lo siguiente:Se ha acordado una nueva ampliaci\u00f3n del horario de climatizaci\u00f3n de los centros de nuestra universidad, quedando los horarios establecidos, para esta semana y la pr\u00f3xima, de la siguiente forma: MA\u00d1ANAS De martes a viernes la climatizaci\u00f3n ser\u00e1 de 06:00 &hellip; <\/p>\n<p class=\"link-more\"><a href=\"https:\/\/blog.uclm.es\/creuclm\/2023\/01\/17\/crecomunica-ampliacion-horario-climatizacion\/\" class=\"more-link\">Continuar leyendo<span class=\"screen-reader-text\"> \u00abCRECOMUNICA: AMPLIACI\u00d3N HORARIO CLIMATIZACI\u00d3N.\u00bb<\/span><\/a><\/p>\n","protected":false},"author":341,"featured_media":0,"comment_status":"open","ping_status":"open","sticky":false,"template":"","format":"standard","meta":{"footnotes":""},"categories":[1],"tags":[],"class_list":["post-1963","post","type-post","status-publish","format-standard","hentry","category-sin-categoria"],"_links":{"self":[{"href":"https:\/\/blog.uclm.es\/creuclm\/wp-json\/wp\/v2\/posts\/1963","targetHints":{"allow":["GET"]}}],"collection":[{"href":"https:\/\/blog.uclm.es\/creuclm\/wp-json\/wp\/v2\/posts"}],"about":[{"href":"https:\/\/blog.uclm.es\/creuclm\/wp-json\/wp\/v2\/types\/post"}],"author":[{"embeddable":true,"href":"https:\/\/blog.uclm.es\/creuclm\/wp-json\/wp\/v2\/users\/341"}],"replies":[{"embeddable":true,"href":"https:\/\/blog.uclm.es\/creuclm\/wp-json\/wp\/v2\/comments?post=1963"}],"version-history":[{"count":1,"href":"https:\/\/blog.uclm.es\/creuclm\/wp-json\/wp\/v2\/posts\/1963\/revisions"}],"predecessor-version":[{"id":1964,"href":"https:\/\/blog.uclm.es\/creuclm\/wp-json\/wp\/v2\/posts\/1963\/revisions\/1964"}],"wp:attachment":[{"href":"https:\/\/blog.uclm.es\/creuclm\/wp-json\/wp\/v2\/media?parent=1963"}],"wp:term":[{"taxonomy":"category","embeddable":true,"href":"https:\/\/blog.uclm.es\/creuclm\/wp-json\/wp\/v2\/categories?post=1963"},{"taxonomy":"post_tag","embeddable":true,"href":"https:\/\/blog.uclm.es\/creuclm\/wp-json\/wp\/v2\/tags?post=1963"}],"curies":[{"name":"wp","href":"https:\/\/api.w.org\/{rel}","templated":true}]}}