{"id":1958,"date":"2023-01-14T16:25:44","date_gmt":"2023-01-14T16:25:44","guid":{"rendered":"https:\/\/blog.uclm.es\/creuclm\/?p=1958"},"modified":"2023-01-14T16:25:44","modified_gmt":"2023-01-14T16:25:44","slug":"crecomunica-cambio-horarios-calefacciones","status":"publish","type":"post","link":"https:\/\/blog.uclm.es\/creuclm\/2023\/01\/14\/crecomunica-cambio-horarios-calefacciones\/","title":{"rendered":"CRECOMUNICA: CAMBIO HORARIOS CALEFACCIONES"},"content":{"rendered":"\n<p>Desde el Vicerrectorado de Sostenibilidad e Infraestructuras no comunican lo siguiente por la pronta ola de fr\u00edo que acontecer\u00e1 la semana del 16 de enero:<\/p>\n\n\n\n<p><\/p>\n\n\n\n<p>Debido a la ola de fr\u00edo que se espera para la semana del 16 de enero, se va a ampliar el horario de climatizaci\u00f3n seg\u00fan lo indicado a continuaci\u00f3n:<\/p>\n\n\n\n<p>\u2022 Ma\u00f1anas, tanto en edificios administrativos como en docentes y de investigaci\u00f3n, el horario ser\u00e1 de 7:00 a 13:00 horas, es decir, se ampl\u00eda una hora m\u00e1s.<br>\u2022 Tardes, y solo en edificios docentes o de investigaci\u00f3n con clases o ex\u00e1menes, el horario ser\u00e1 de 16:00 a 20:00 horas, es decir, se ampl\u00eda una hora m\u00e1s.<\/p>\n\n\n\n<p>Un saludo.<\/p>\n\n\n\n<p>EJECUTIVA CRE &#8211; UCLM.<\/p>\n","protected":false},"excerpt":{"rendered":"<p>Desde el Vicerrectorado de Sostenibilidad e Infraestructuras no comunican lo siguiente por la pronta ola de fr\u00edo que acontecer\u00e1 la semana del 16 de enero: Debido a la ola de fr\u00edo que se espera para la semana del 16 de enero, se va a ampliar el horario de climatizaci\u00f3n seg\u00fan lo indicado a continuaci\u00f3n: \u2022 &hellip; <\/p>\n<p class=\"link-more\"><a href=\"https:\/\/blog.uclm.es\/creuclm\/2023\/01\/14\/crecomunica-cambio-horarios-calefacciones\/\" class=\"more-link\">Continuar leyendo<span class=\"screen-reader-text\"> \u00abCRECOMUNICA: CAMBIO HORARIOS CALEFACCIONES\u00bb<\/span><\/a><\/p>\n","protected":false},"author":341,"featured_media":0,"comment_status":"open","ping_status":"open","sticky":false,"template":"","format":"standard","meta":{"footnotes":""},"categories":[1],"tags":[],"class_list":["post-1958","post","type-post","status-publish","format-standard","hentry","category-sin-categoria"],"_links":{"self":[{"href":"https:\/\/blog.uclm.es\/creuclm\/wp-json\/wp\/v2\/posts\/1958","targetHints":{"allow":["GET"]}}],"collection":[{"href":"https:\/\/blog.uclm.es\/creuclm\/wp-json\/wp\/v2\/posts"}],"about":[{"href":"https:\/\/blog.uclm.es\/creuclm\/wp-json\/wp\/v2\/types\/post"}],"author":[{"embeddable":true,"href":"https:\/\/blog.uclm.es\/creuclm\/wp-json\/wp\/v2\/users\/341"}],"replies":[{"embeddable":true,"href":"https:\/\/blog.uclm.es\/creuclm\/wp-json\/wp\/v2\/comments?post=1958"}],"version-history":[{"count":1,"href":"https:\/\/blog.uclm.es\/creuclm\/wp-json\/wp\/v2\/posts\/1958\/revisions"}],"predecessor-version":[{"id":1959,"href":"https:\/\/blog.uclm.es\/creuclm\/wp-json\/wp\/v2\/posts\/1958\/revisions\/1959"}],"wp:attachment":[{"href":"https:\/\/blog.uclm.es\/creuclm\/wp-json\/wp\/v2\/media?parent=1958"}],"wp:term":[{"taxonomy":"category","embeddable":true,"href":"https:\/\/blog.uclm.es\/creuclm\/wp-json\/wp\/v2\/categories?post=1958"},{"taxonomy":"post_tag","embeddable":true,"href":"https:\/\/blog.uclm.es\/creuclm\/wp-json\/wp\/v2\/tags?post=1958"}],"curies":[{"name":"wp","href":"https:\/\/api.w.org\/{rel}","templated":true}]}}