{"id":1850,"date":"2022-12-16T13:53:56","date_gmt":"2022-12-16T13:53:56","guid":{"rendered":"https:\/\/blog.uclm.es\/creuclm\/?p=1850"},"modified":"2023-01-21T18:49:05","modified_gmt":"2023-01-21T18:49:05","slug":"horarios-bibliotecas-uclm-dic-22-ene-23","status":"publish","type":"post","link":"https:\/\/blog.uclm.es\/creuclm\/2022\/12\/16\/horarios-bibliotecas-uclm-dic-22-ene-23\/","title":{"rendered":"HORARIOS BIBLIOTECAS UCLM DIC 22 &#8211; ENE 23"},"content":{"rendered":"\n<p>Buenos d\u00edas a todos y todas,<\/p>\n\n\n\n<p>Desde el CRE- UCLM, hemos desarrollado el siguiente pdf con los horarios de apertura de las bibliotecas generales.<\/p>\n\n\n\n<p>Si necesit\u00e1is mas informaci\u00f3n, o quer\u00e9is ver los calendarios concretos ir a nuestro <a href=\"https:\/\/www.instagram.com\/estuclm\/\" data-type=\"URL\" data-id=\"https:\/\/www.instagram.com\/estuclm\/\" target=\"_blank\" rel=\"noreferrer noopener\">instagram<\/a> o a la p\u00e1gina de <a href=\"https:\/\/www.uclm.es\/areas\/biblioteca\/conocenos\/bibliotecas%20y%20horarios\" data-type=\"URL\" data-id=\"https:\/\/www.uclm.es\/areas\/biblioteca\/conocenos\/bibliotecas%20y%20horarios\" target=\"_blank\" rel=\"noreferrer noopener\">biblioteca<\/a>.<\/p>\n\n\n\n<p>Un saludo.<\/p>\n\n\n\n<hr class=\"wp-block-separator has-alpha-channel-opacity\" \/>\n\n\n\n<figure class=\"wp-block-gallery has-nested-images columns-default is-cropped wp-block-gallery-1 is-layout-flex wp-block-gallery-is-layout-flex\">\n<figure class=\"wp-block-image size-large\"><a href=\"https:\/\/blog.uclm.es\/creuclm\/wp-content\/uploads\/sites\/200\/2022\/12\/HORARIOS-BIBLIOTECAS-GENERALES-UCLM-DIC-22-ENE-23.pdf\" target=\"_blank\" rel=\"noreferrer noopener\"><img loading=\"lazy\" decoding=\"async\" width=\"1024\" height=\"576\" data-id=\"1860\" src=\"https:\/\/blog.uclm.es\/creuclm\/wp-content\/uploads\/sites\/200\/2022\/12\/PRESENTACION-PLENO-DICIEMBRE-22-CIUDAD-REAL-1-1024x576.png\" alt=\"\" class=\"wp-image-1860\" srcset=\"https:\/\/blog.uclm.es\/creuclm\/wp-content\/uploads\/sites\/200\/2022\/12\/PRESENTACION-PLENO-DICIEMBRE-22-CIUDAD-REAL-1-1024x576.png 1024w, https:\/\/blog.uclm.es\/creuclm\/wp-content\/uploads\/sites\/200\/2022\/12\/PRESENTACION-PLENO-DICIEMBRE-22-CIUDAD-REAL-1-300x169.png 300w, https:\/\/blog.uclm.es\/creuclm\/wp-content\/uploads\/sites\/200\/2022\/12\/PRESENTACION-PLENO-DICIEMBRE-22-CIUDAD-REAL-1-768x432.png 768w, https:\/\/blog.uclm.es\/creuclm\/wp-content\/uploads\/sites\/200\/2022\/12\/PRESENTACION-PLENO-DICIEMBRE-22-CIUDAD-REAL-1-1536x864.png 1536w, https:\/\/blog.uclm.es\/creuclm\/wp-content\/uploads\/sites\/200\/2022\/12\/PRESENTACION-PLENO-DICIEMBRE-22-CIUDAD-REAL-1.png 1920w\" sizes=\"auto, (max-width: 767px) 89vw, (max-width: 1000px) 54vw, (max-width: 1071px) 543px, 580px\" \/><\/a><figcaption class=\"wp-element-caption\"><strong>PINCHA EN LA IMAGEN PARA VISUALIZARLO<\/strong><\/figcaption><\/figure>\n<\/figure>\n\n\n\n<hr class=\"wp-block-separator has-alpha-channel-opacity\" \/>\n","protected":false},"excerpt":{"rendered":"<p>Buenos d\u00edas a todos y todas, Desde el CRE- UCLM, hemos desarrollado el siguiente pdf con los horarios de apertura de las bibliotecas generales. Si necesit\u00e1is mas informaci\u00f3n, o quer\u00e9is ver los calendarios concretos ir a nuestro instagram o a la p\u00e1gina de biblioteca. Un saludo.<\/p>\n","protected":false},"author":341,"featured_media":0,"comment_status":"open","ping_status":"open","sticky":false,"template":"","format":"standard","meta":{"footnotes":""},"categories":[1],"tags":[],"class_list":["post-1850","post","type-post","status-publish","format-standard","hentry","category-sin-categoria"],"_links":{"self":[{"href":"https:\/\/blog.uclm.es\/creuclm\/wp-json\/wp\/v2\/posts\/1850","targetHints":{"allow":["GET"]}}],"collection":[{"href":"https:\/\/blog.uclm.es\/creuclm\/wp-json\/wp\/v2\/posts"}],"about":[{"href":"https:\/\/blog.uclm.es\/creuclm\/wp-json\/wp\/v2\/types\/post"}],"author":[{"embeddable":true,"href":"https:\/\/blog.uclm.es\/creuclm\/wp-json\/wp\/v2\/users\/341"}],"replies":[{"embeddable":true,"href":"https:\/\/blog.uclm.es\/creuclm\/wp-json\/wp\/v2\/comments?post=1850"}],"version-history":[{"count":4,"href":"https:\/\/blog.uclm.es\/creuclm\/wp-json\/wp\/v2\/posts\/1850\/revisions"}],"predecessor-version":[{"id":1861,"href":"https:\/\/blog.uclm.es\/creuclm\/wp-json\/wp\/v2\/posts\/1850\/revisions\/1861"}],"wp:attachment":[{"href":"https:\/\/blog.uclm.es\/creuclm\/wp-json\/wp\/v2\/media?parent=1850"}],"wp:term":[{"taxonomy":"category","embeddable":true,"href":"https:\/\/blog.uclm.es\/creuclm\/wp-json\/wp\/v2\/categories?post=1850"},{"taxonomy":"post_tag","embeddable":true,"href":"https:\/\/blog.uclm.es\/creuclm\/wp-json\/wp\/v2\/tags?post=1850"}],"curies":[{"name":"wp","href":"https:\/\/api.w.org\/{rel}","templated":true}]}}