{"id":1815,"date":"2022-12-09T00:45:00","date_gmt":"2022-12-09T00:45:00","guid":{"rendered":"https:\/\/blog.uclm.es\/creuclm\/?p=1815"},"modified":"2022-12-15T00:46:14","modified_gmt":"2022-12-15T00:46:14","slug":"convocatoria-pleno-presencial-ciudad-real-2022","status":"publish","type":"post","link":"https:\/\/blog.uclm.es\/creuclm\/2022\/12\/09\/convocatoria-pleno-presencial-ciudad-real-2022\/","title":{"rendered":"CONVOCATORIA PLENO PRESENCIAL CIUDAD REAL 2022"},"content":{"rendered":"\n<p>A petici\u00f3n del Delegado de Estudiantes de la UCLM,&nbsp;<strong>CONVOCO<\/strong>&nbsp;en plazo y forma a todos los miembros de pleno derecho del CRE \u2013 UCLM (art. 94) para celebrar una&nbsp;<strong>SESI\u00d3N ORDINARIA<\/strong>&nbsp;que dar\u00e1 comienzo el&nbsp;<strong>D\u00cdA 17 DE DICIEMBRE A LAS 18:15&nbsp;<\/strong>en primera&nbsp;convocatoria&nbsp;y a las<strong>&nbsp;18:30<\/strong>&nbsp;en segunda&nbsp;convocatoria en el Paraninfo Ernesto Mart\u00ednez Ataz del Rectorado, en el campus de Ciudad Real.<\/p>\n\n\n\n<p>Durante los pr\u00f3ximos d\u00edas, y hasta 24 horas antes de la celebraci\u00f3n de la sesi\u00f3n, recibir\u00e9is la documentaci\u00f3n correspondiente a los puntos que figuran en el orden del d\u00eda adjunto al mensaje.&nbsp;<\/p>\n\n\n\n<p>Un abrazo, \u00a1nos vemos muy pronto!<\/p>\n\n\n\n<div data-wp-interactive=\"core\/file\" class=\"wp-block-file\"><object data-wp-bind--hidden=\"!state.hasPdfPreview\" hidden class=\"wp-block-file__embed\" data=\"https:\/\/blog.uclm.es\/creuclm\/wp-content\/uploads\/sites\/200\/2022\/12\/Convocatoria-sesion-ordinaria_justificante.pdf\" type=\"application\/pdf\" style=\"width:100%;height:600px\" aria-label=\"Incrustado de Convocatoria-sesion-ordinaria_justificante.\"><\/object><a id=\"wp-block-file--media-82e89885-52bd-47ad-b34b-7ff7c9ac34c9\" href=\"https:\/\/blog.uclm.es\/creuclm\/wp-content\/uploads\/sites\/200\/2022\/12\/Convocatoria-sesion-ordinaria_justificante.pdf\">Convocatoria-sesion-ordinaria_justificante<\/a><a href=\"https:\/\/blog.uclm.es\/creuclm\/wp-content\/uploads\/sites\/200\/2022\/12\/Convocatoria-sesion-ordinaria_justificante.pdf\" class=\"wp-block-file__button wp-element-button\" download aria-describedby=\"wp-block-file--media-82e89885-52bd-47ad-b34b-7ff7c9ac34c9\">Descarga<\/a><\/div>\n","protected":false},"excerpt":{"rendered":"<p>A petici\u00f3n del Delegado de Estudiantes de la UCLM,&nbsp;CONVOCO&nbsp;en plazo y forma a todos los miembros de pleno derecho del CRE \u2013 UCLM (art. 94) para celebrar una&nbsp;SESI\u00d3N ORDINARIA&nbsp;que dar\u00e1 comienzo el&nbsp;D\u00cdA 17 DE DICIEMBRE A LAS 18:15&nbsp;en primera&nbsp;convocatoria&nbsp;y a las&nbsp;18:30&nbsp;en segunda&nbsp;convocatoria en el Paraninfo Ernesto Mart\u00ednez Ataz del Rectorado, en el campus de Ciudad &hellip; <\/p>\n<p class=\"link-more\"><a href=\"https:\/\/blog.uclm.es\/creuclm\/2022\/12\/09\/convocatoria-pleno-presencial-ciudad-real-2022\/\" class=\"more-link\">Continuar leyendo<span class=\"screen-reader-text\"> \u00abCONVOCATORIA PLENO PRESENCIAL CIUDAD REAL 2022\u00bb<\/span><\/a><\/p>\n","protected":false},"author":341,"featured_media":0,"comment_status":"open","ping_status":"open","sticky":false,"template":"","format":"standard","meta":{"footnotes":""},"categories":[1],"tags":[],"class_list":["post-1815","post","type-post","status-publish","format-standard","hentry","category-sin-categoria"],"_links":{"self":[{"href":"https:\/\/blog.uclm.es\/creuclm\/wp-json\/wp\/v2\/posts\/1815","targetHints":{"allow":["GET"]}}],"collection":[{"href":"https:\/\/blog.uclm.es\/creuclm\/wp-json\/wp\/v2\/posts"}],"about":[{"href":"https:\/\/blog.uclm.es\/creuclm\/wp-json\/wp\/v2\/types\/post"}],"author":[{"embeddable":true,"href":"https:\/\/blog.uclm.es\/creuclm\/wp-json\/wp\/v2\/users\/341"}],"replies":[{"embeddable":true,"href":"https:\/\/blog.uclm.es\/creuclm\/wp-json\/wp\/v2\/comments?post=1815"}],"version-history":[{"count":1,"href":"https:\/\/blog.uclm.es\/creuclm\/wp-json\/wp\/v2\/posts\/1815\/revisions"}],"predecessor-version":[{"id":1817,"href":"https:\/\/blog.uclm.es\/creuclm\/wp-json\/wp\/v2\/posts\/1815\/revisions\/1817"}],"wp:attachment":[{"href":"https:\/\/blog.uclm.es\/creuclm\/wp-json\/wp\/v2\/media?parent=1815"}],"wp:term":[{"taxonomy":"category","embeddable":true,"href":"https:\/\/blog.uclm.es\/creuclm\/wp-json\/wp\/v2\/categories?post=1815"},{"taxonomy":"post_tag","embeddable":true,"href":"https:\/\/blog.uclm.es\/creuclm\/wp-json\/wp\/v2\/tags?post=1815"}],"curies":[{"name":"wp","href":"https:\/\/api.w.org\/{rel}","templated":true}]}}