{"id":1298,"date":"2023-11-17T13:12:43","date_gmt":"2023-11-17T13:12:43","guid":{"rendered":"https:\/\/blog.uclm.es\/catedraclaracampoamor\/?p=1298"},"modified":"2023-11-20T12:12:54","modified_gmt":"2023-11-20T12:12:54","slug":"las-cortes-festejan-el-90-aniversario-del-voto-femenino","status":"publish","type":"post","link":"https:\/\/blog.uclm.es\/catedraclaracampoamor\/2023\/11\/17\/las-cortes-festejan-el-90-aniversario-del-voto-femenino\/","title":{"rendered":"Las Cortes festejan el 90 aniversario del voto femenino"},"content":{"rendered":"\n<p>Las Cortes de Castilla-La Mancha han organizado una programaci\u00f3n alrededor del 90 aniversario del sufragio universal en Espa\u00f1a, que se conmemora este domingo 19 de noviembre, que incluye un acto institucional, una exposici\u00f3n y talleres.<\/p>\n\n\n\n<p>Seg\u00fan ha informado el Parlamento auton\u00f3mico, para celebrar esa conquista de derechos pol\u00edticos, las Cortes acogen un programa de contenido feminista durante varios d\u00edas, cuyo centro ser\u00e1 el acto institucional del martes 21 de noviembre.<\/p>\n\n\n\n<p>El presidente de las Cortes regionales, Pablo Bellido, ha se\u00f1alado que esta programaci\u00f3n constituye \u00abuna reivindicaci\u00f3n de la igualdad entre mujeres y hombres\u00bb en el compromiso para que el Parlamento auton\u00f3mico sea una instituci\u00f3n \u00abfeminista y promotora de una igualdad real\u00bb.<\/p>\n\n\n\n<p>En el acto institucional que acoger\u00e1 el sal\u00f3n de plenos intervendr\u00e1n Bellido y la consejera de Igualdad, Sara Sim\u00f3n, mientras que asistir\u00e1n como invitadas la presidenta de ONU Mujeres Espa\u00f1a, Ewa Widlak; l<strong>a directora de la C\u00e1tedra de Igualdad de G\u00e9nero y Diversidad &#8216;Clara Campoamor&#8217; de la Universidad de Castilla-La Mancha, Mar\u00eda Jos\u00e9 Romero<\/strong>, y la escritora y periodista Sandra Ferrer.<\/p>\n\n\n\n<p><strong>Exposici\u00f3n &#8216;Sufragistas en los a\u00f1os 20&#8217;<\/strong><\/p>\n\n\n\n<p>Asimismo, a partir de este viernes se abre al p\u00fablico la exposici\u00f3n titulada &#8216;Sufragistas en los a\u00f1os 20&#8217;, con la que el Parlamento recupera una muestra fruto de una investigaci\u00f3n de la Universidad de Alcal\u00e1 de Henares becada por la instituci\u00f3n que repasa a trav\u00e9s de 16 paneles, instalados en la sala noble, los hitos principales de la intensa movilizaci\u00f3n sufragista que hubo en Espa\u00f1a en los a\u00f1os 20 del pasado siglo y que culmin\u00f3 con la consecuci\u00f3n del voto femenino en 1931.<\/p>\n\n\n\n<p>La muestra podr\u00e1 visitarse hasta el 26 de noviembre de lunes a viernes de 10:00 a 14:00 horas y de 16:30 a 18:30 horas, y el fin de semana de 10:00 a 13:30 horas.<\/p>\n\n\n\n<p>De forma paralela, la sede del Parlamento regional acoger\u00e1 talleres con din\u00e1micas participativas que dirige Marta Asensio, gestora cultural experta en tem\u00e1tica de igualdad, con dos sesiones abiertas al p\u00fablico el 21 y el 22 de noviembre, a las 18:00 horas.&nbsp;<\/p>\n\n\n\n<p>Fuente: <a href=\"https:\/\/www.latribunadeciudadreal.es\/noticia\/za0908665-a276-8252-777fc9af1defc407\/202311\/las-cortes-celebran-el-90-aniversario-del-voto-femenino\">https:\/\/www.latribunadeciudadreal.es\/<\/a><\/p>\n","protected":false},"excerpt":{"rendered":"<p>Las Cortes de Castilla-La Mancha han organizado una programaci\u00f3n alrededor del 90 aniversario del sufragio universal en Espa\u00f1a, que se conmemora este domingo 19 de noviembre, que incluye un acto institucional, una exposici\u00f3n y talleres. Seg\u00fan ha informado el Parlamento auton\u00f3mico, para celebrar esa conquista de derechos pol\u00edticos, las Cortes acogen un programa de contenido [&hellip;]<\/p>\n","protected":false},"author":55,"featured_media":1299,"comment_status":"closed","ping_status":"open","sticky":false,"template":"","format":"standard","meta":{"footnotes":""},"categories":[15],"tags":[],"class_list":["post-1298","post","type-post","status-publish","format-standard","has-post-thumbnail","hentry","category-noticias"],"_links":{"self":[{"href":"https:\/\/blog.uclm.es\/catedraclaracampoamor\/wp-json\/wp\/v2\/posts\/1298","targetHints":{"allow":["GET"]}}],"collection":[{"href":"https:\/\/blog.uclm.es\/catedraclaracampoamor\/wp-json\/wp\/v2\/posts"}],"about":[{"href":"https:\/\/blog.uclm.es\/catedraclaracampoamor\/wp-json\/wp\/v2\/types\/post"}],"author":[{"embeddable":true,"href":"https:\/\/blog.uclm.es\/catedraclaracampoamor\/wp-json\/wp\/v2\/users\/55"}],"replies":[{"embeddable":true,"href":"https:\/\/blog.uclm.es\/catedraclaracampoamor\/wp-json\/wp\/v2\/comments?post=1298"}],"version-history":[{"count":2,"href":"https:\/\/blog.uclm.es\/catedraclaracampoamor\/wp-json\/wp\/v2\/posts\/1298\/revisions"}],"predecessor-version":[{"id":1305,"href":"https:\/\/blog.uclm.es\/catedraclaracampoamor\/wp-json\/wp\/v2\/posts\/1298\/revisions\/1305"}],"wp:featuredmedia":[{"embeddable":true,"href":"https:\/\/blog.uclm.es\/catedraclaracampoamor\/wp-json\/wp\/v2\/media\/1299"}],"wp:attachment":[{"href":"https:\/\/blog.uclm.es\/catedraclaracampoamor\/wp-json\/wp\/v2\/media?parent=1298"}],"wp:term":[{"taxonomy":"category","embeddable":true,"href":"https:\/\/blog.uclm.es\/catedraclaracampoamor\/wp-json\/wp\/v2\/categories?post=1298"},{"taxonomy":"post_tag","embeddable":true,"href":"https:\/\/blog.uclm.es\/catedraclaracampoamor\/wp-json\/wp\/v2\/tags?post=1298"}],"curies":[{"name":"wp","href":"https:\/\/api.w.org\/{rel}","templated":true}]}}