{"id":681,"date":"2016-11-14T13:56:33","date_gmt":"2016-11-14T12:56:33","guid":{"rendered":"http:\/\/blog.uclm.es\/aulasmactavanttic\/?p=681"},"modified":"2016-11-14T13:56:33","modified_gmt":"2016-11-14T12:56:33","slug":"entrega-premios-aula-smact-avanttic-2015-16","status":"publish","type":"post","link":"https:\/\/blog.uclm.es\/aulasmactcgi\/2016\/11\/14\/entrega-premios-aula-smact-avanttic-2015-16\/","title":{"rendered":"Entrega Premios Aula SMACT avanttic 2015-16"},"content":{"rendered":"<p><img loading=\"lazy\" decoding=\"async\" class=\"size-full wp-image-739 alignleft\" src=\"https:\/\/blog.uclm.es\/aulasmactavanttic\/wp-content\/uploads\/sites\/233\/2016\/11\/Captura.png\" alt=\"captura\" width=\"181\" height=\"294\" \/>La decisi\u00f3n del jurado\u00a0se hizo p\u00fablica durante el <strong>Acto de Entrega de T\u00edtulos de la ESI del Curso 2015-16<\/strong> que se celebr\u00f3 el 10 de Noviembre de 2016.<\/p>\n<p>Tal y como se anunci\u00f3, los resultados de los Premios Aula SMACT avanttic 2015-16\u00a0<b>al Mejor Trabajo Fin de Estudios de la Escuela Superior de Inform\u00e1tica del curso acad\u00e9mico 2015-16<\/b>, tras <b><a href=\"http:\/\/blog.uclm.es\/aulasmactavanttic\/2016\/10\/24\/defensa-oral-proyectos-presentados-a-los-premios-aula-smact-avanttic-2015-16\/\" target=\"_blank\" rel=\"noopener noreferrer\">la defensa del d\u00eda 21\/10<\/a> <\/b>\u00a0y la posterior deliberaci\u00f3n del tribunal son los siguientes:<\/p>\n<p><!--more--><\/p>\n<ul>\n<li><strong><span style=\"color: #000000\">Premio Aula SMACT al mejor Trabajo Fin de Estudios de la Escuela Superior de Inform\u00e1tica de la Universidad de Castilla-La Mancha,<\/span> <\/strong><span style=\"color: #000000\">con una dotaci\u00f3n de 1.000\u20ac, a:<\/span><\/li>\n<\/ul>\n<blockquote>\n<div><span style=\"color: #000000\"><strong>Victor Gualdr\u00e1s de la Cruz<\/strong>, por su proyecto <\/span><strong><span style=\"color: #000000\">\u201cSistema de\u00a0Recomendaci\u00f3n de im\u00e1genes integrado en una aplicaci\u00f3n de mensajer\u00eda<\/span>\u201d<\/strong><\/div>\n<\/blockquote>\n<p style=\"text-align: left\">El proyecto premiado se centra en una <strong>aplicaci\u00f3n de mensajer\u00eda que permite la comunicaci\u00f3n a personas con problemas de usabilidad<\/strong> que por edad, enfermedad o discapacidad est\u00e1n limitados a la hora de leer o escribir, especialmente <strong>en m\u00f3viles smartphones<\/strong> con una pantalla y teclado de tama\u00f1o reducido.<\/p>\n<p style=\"text-align: left\">Mediante la aplicaci\u00f3n para la plataforma Android e<strong>l usuario genera una entrada<\/strong>, escrita o generada por mensaje de voz, <strong>a partir de la cual se propondr\u00e1 al usuario una serie de im\u00e1genes,<\/strong> <strong>pictogramas o fotograf\u00eda<\/strong>s que podr\u00e1 utilizar.<\/p>\n<p style=\"text-align: left\">Respecto a la parte t\u00e9cnica, se ha desarrollado un proyecto que <strong>integra un gran n\u00famero de tecnolog\u00edas<\/strong>\u00a0pioneras, adem\u00e1s de\u00a0<strong>un servidor situado en la nube<\/strong> que permitir\u00e1 gestionar a los diferentes usuarios, la comunicaci\u00f3n entre ellos y el almacenamiento.<\/p>\n<p style=\"text-align: left\"><a href=\"https:\/\/www.youtube.com\/watch?v=DFs7Hxm4nFY\"><img loading=\"lazy\" decoding=\"async\" class=\"aligncenter wp-image-757 size-medium\" src=\"https:\/\/blog.uclm.es\/aulasmactavanttic\/wp-content\/uploads\/sites\/233\/2016\/11\/Screenshot_2016-11-15-12-46-01-300x169.png\" alt=\"screenshot_2016-11-15-12-46-01\" width=\"300\" height=\"169\" srcset=\"https:\/\/blog.uclm.es\/aulasmactcgi\/wp-content\/uploads\/sites\/233\/2016\/11\/Screenshot_2016-11-15-12-46-01-300x169.png 300w, https:\/\/blog.uclm.es\/aulasmactcgi\/wp-content\/uploads\/sites\/233\/2016\/11\/Screenshot_2016-11-15-12-46-01-1024x576.png 1024w, https:\/\/blog.uclm.es\/aulasmactcgi\/wp-content\/uploads\/sites\/233\/2016\/11\/Screenshot_2016-11-15-12-46-01-768x432.png 768w, https:\/\/blog.uclm.es\/aulasmactcgi\/wp-content\/uploads\/sites\/233\/2016\/11\/Screenshot_2016-11-15-12-46-01-1200x675.png 1200w, https:\/\/blog.uclm.es\/aulasmactcgi\/wp-content\/uploads\/sites\/233\/2016\/11\/Screenshot_2016-11-15-12-46-01.png 1280w\" sizes=\"auto, (max-width: 300px) 85vw, 300px\" \/><\/a><\/p>\n<ul>\n<li><span style=\"color: #000000\"><strong>Acc\u00e9sit, <\/strong>con una dotaci\u00f3n de 500 \u20ac, a:<\/span><\/li>\n<\/ul>\n<blockquote>\n<p style=\"text-align: left\"><span style=\"color: #000000\"><strong>Ana Rubio Ruiz, por su proyecto \u201cCITISIM: Simulador y Generador\u00a0de Eventos para la SMART City\u201d<\/strong><\/span><\/p>\n<\/blockquote>\n<p style=\"text-align: left\"><strong>CITISIM se centra en la heterogeneidad de las soluciones para el desarrollo de las Smart Cities,<\/strong> un problema actual y que puede prolongarse en el futuro.<\/p>\n<p style=\"text-align: left\">La plataforma desarrollada en este proyecto <strong>pretende integrar sensores, actuadores y servicios.<\/strong> Es una herramienta de virtualizaci\u00f3n que procesa informaci\u00f3n obtenida de un SIG y trabaja de distinta manera sobre la representaci\u00f3n virtual de las ciudades:<strong> monitorizando, simulando o como 3D-UI.<\/strong><\/p>\n<p style=\"text-align: left\"><strong>CITISIM consigue integrar las distintas plataformas de sensorizaci\u00f3n o actuaci\u00f3n<\/strong> tanto en la ciudad virtual como en la real.<\/p>\n<p style=\"text-align: left\"><a href=\"https:\/\/www.youtube.com\/watch?v=gM_-IRqJ5b0\" target=\"_blank\" rel=\"noopener noreferrer\"><img loading=\"lazy\" decoding=\"async\" class=\"aligncenter wp-image-756 size-medium\" src=\"https:\/\/blog.uclm.es\/aulasmactavanttic\/wp-content\/uploads\/sites\/233\/2016\/11\/Screenshot_2016-11-15-13-01-44-300x169.png\" alt=\"screenshot_2016-11-15-13-01-44\" width=\"300\" height=\"169\" srcset=\"https:\/\/blog.uclm.es\/aulasmactcgi\/wp-content\/uploads\/sites\/233\/2016\/11\/Screenshot_2016-11-15-13-01-44-300x169.png 300w, https:\/\/blog.uclm.es\/aulasmactcgi\/wp-content\/uploads\/sites\/233\/2016\/11\/Screenshot_2016-11-15-13-01-44-1024x576.png 1024w, https:\/\/blog.uclm.es\/aulasmactcgi\/wp-content\/uploads\/sites\/233\/2016\/11\/Screenshot_2016-11-15-13-01-44-768x432.png 768w, https:\/\/blog.uclm.es\/aulasmactcgi\/wp-content\/uploads\/sites\/233\/2016\/11\/Screenshot_2016-11-15-13-01-44-1200x675.png 1200w, https:\/\/blog.uclm.es\/aulasmactcgi\/wp-content\/uploads\/sites\/233\/2016\/11\/Screenshot_2016-11-15-13-01-44.png 1280w\" sizes=\"auto, (max-width: 300px) 85vw, 300px\" \/><\/a><\/p>\n<div style=\"text-align: left\">\n<ul style=\"text-align: left\">\n<li><b>Finalistas<\/b> (por orden alfab\u00e9tico)<b>:<\/b><\/li>\n<\/ul>\n<p><img loading=\"lazy\" decoding=\"async\" class=\"size-medium wp-image-725 aligncenter\" src=\"http:\/\/blog.uclm.es\/aulasmactavanttic\/files\/2016\/11\/DSC_1168-300x169.jpg\" alt=\"dsc_1168\" width=\"300\" height=\"169\" \/><span class=\"m_-7344984391946076496gmail-il\">-An\u00edbal<\/span> Pedraza Dorado<br \/>\n-Jes\u00fas Ruiz-Santaquiteria Alegre<br \/>\n-Ra\u00fal Campos <span class=\"m_-7344984391946076496gmail-il\">Rubio<\/span><br \/>\n-Roc\u00edo Mond\u00e9jar Molina<br \/>\n-Rosana Rodr\u00edguez-Bobada Aranda<\/p>\n<\/div>\n","protected":false},"excerpt":{"rendered":"<p>La decisi\u00f3n del jurado\u00a0se hizo p\u00fablica durante el Acto de Entrega de T\u00edtulos de la ESI del Curso 2015-16 que se celebr\u00f3 el 10 de Noviembre de 2016. Tal y como se anunci\u00f3, los resultados de los Premios Aula SMACT avanttic 2015-16\u00a0al Mejor Trabajo Fin de Estudios de la Escuela Superior de Inform\u00e1tica del curso &hellip; <a href=\"https:\/\/blog.uclm.es\/aulasmactcgi\/2016\/11\/14\/entrega-premios-aula-smact-avanttic-2015-16\/\" class=\"more-link\">Continuar leyendo<span class=\"screen-reader-text\"> \u00abEntrega Premios Aula SMACT avanttic 2015-16\u00bb<\/span><\/a><\/p>\n","protected":false},"author":370,"featured_media":0,"comment_status":"closed","ping_status":"open","sticky":false,"template":"","format":"standard","meta":{"footnotes":""},"categories":[7],"tags":[62,89,95],"class_list":["post-681","post","type-post","status-publish","format-standard","hentry","category-premios-aula-smact-avanttic","tag-noticias","tag-premios","tag-smact"],"_links":{"self":[{"href":"https:\/\/blog.uclm.es\/aulasmactcgi\/wp-json\/wp\/v2\/posts\/681","targetHints":{"allow":["GET"]}}],"collection":[{"href":"https:\/\/blog.uclm.es\/aulasmactcgi\/wp-json\/wp\/v2\/posts"}],"about":[{"href":"https:\/\/blog.uclm.es\/aulasmactcgi\/wp-json\/wp\/v2\/types\/post"}],"author":[{"embeddable":true,"href":"https:\/\/blog.uclm.es\/aulasmactcgi\/wp-json\/wp\/v2\/users\/370"}],"replies":[{"embeddable":true,"href":"https:\/\/blog.uclm.es\/aulasmactcgi\/wp-json\/wp\/v2\/comments?post=681"}],"version-history":[{"count":0,"href":"https:\/\/blog.uclm.es\/aulasmactcgi\/wp-json\/wp\/v2\/posts\/681\/revisions"}],"wp:attachment":[{"href":"https:\/\/blog.uclm.es\/aulasmactcgi\/wp-json\/wp\/v2\/media?parent=681"}],"wp:term":[{"taxonomy":"category","embeddable":true,"href":"https:\/\/blog.uclm.es\/aulasmactcgi\/wp-json\/wp\/v2\/categories?post=681"},{"taxonomy":"post_tag","embeddable":true,"href":"https:\/\/blog.uclm.es\/aulasmactcgi\/wp-json\/wp\/v2\/tags?post=681"}],"curies":[{"name":"wp","href":"https:\/\/api.w.org\/{rel}","templated":true}]}}