{"id":2277,"date":"2000-06-15T18:36:00","date_gmt":"2000-06-15T18:36:00","guid":{"rendered":"https:\/\/blog.uclm.es\/artea\/?p=2277"},"modified":"2025-06-24T18:43:36","modified_gmt":"2025-06-24T18:43:36","slug":"zara-rodriguez-prieto","status":"publish","type":"post","link":"https:\/\/blog.uclm.es\/artea\/2000\/06\/15\/zara-rodriguez-prieto\/","title":{"rendered":"Zara Rodr\u00edguez Prieto"},"content":{"rendered":"\n<figure class=\"wp-block-image alignright size-full\"><img loading=\"lazy\" decoding=\"async\" width=\"320\" height=\"290\" src=\"https:\/\/blog.uclm.es\/artea\/wp-content\/uploads\/sites\/250\/2025\/06\/Zara-Rodriguez-Prieto.jpg\" alt=\"\" class=\"wp-image-2058\" srcset=\"https:\/\/blog.uclm.es\/artea\/wp-content\/uploads\/sites\/250\/2025\/06\/Zara-Rodriguez-Prieto.jpg 320w, https:\/\/blog.uclm.es\/artea\/wp-content\/uploads\/sites\/250\/2025\/06\/Zara-Rodriguez-Prieto-300x272.jpg 300w\" sizes=\"auto, (max-width: 320px) 100vw, 320px\" \/><\/figure>\n\n\n\n<p class=\"has-medium-font-size\">Directora de Ef\u00edmera Revista, publicaci\u00f3n cient\u00edfica sobre artes de acci\u00f3n y performance editada en Madrid desde 2010. Es Licenciada en Historia del Arte por la Universidad de Salamanca y DEA en Bellas Artes y Nuevas Tecnolog\u00edas (Universidad de M\u00e1laga) con el trabajo de investigaci\u00f3n Tiempo, espacio y presencia en la obra perform\u00e1tica de Nieves Correa. Su l\u00ednea actual de trabajo analiza la experiencia en pr\u00e1cticas performativas desarrolladas a trav\u00e9s de internet. Desde 2008 trabaja en distintos proyectos I+D en el Consejo Superior de Investigaciones Cient\u00edficas y como docente en la Facultad de Bellas Artes de Cuenca impartiendo las asignaturas Historia de las Artes Visuales y Estudios Performativos (Estudios culturales).&nbsp;&nbsp;Como miembro de ARTEA ha trabajado en los proyectos Archivo Artea en Matadero, ECLAP (European Collected Library of Artistic Performance) y en el Archivo Virtual de Artes Esc\u00e9nicas de la Universidad de Castilla-La Mancha. Ha participado como ponente y organizadora en jornadas y congresos sobre pr\u00e1cticas esc\u00e9nicas (Hacernos un mundo, 2017), (Archivos y Afectos, 2014), (\u00bfA qu\u00e9 estamos jugando?, 2012), (Autonom\u00eda y Complejidad, 2011); sobre filosof\u00eda (FEM 2011, Filosof\u00edas Subterr\u00e1neas, Alteridad y Diferencia); y sobre arte contempor\u00e1neo coordin\u00f3 la exposici\u00f3n y el cat\u00e1logo Convergencias y Divergencias (Instituto Cervantes y Universidad de Alcal\u00e1, 2010). Entre sus publicaciones destacan \u201cParticipar en tiempo discontinuo\u201d, \u201cArchivo Virtual de Artes Esc\u00e9nicas\u00bb,&nbsp;\u00abUna propuesta historiogr\u00e1fica\u201d, \u201cAusencia y bipresencia en el arte de acci\u00f3n\u201d, \u201cDe La agon\u00eda de un cabo a Biograf\u00edas del Alma\u00bb,&nbsp;\u00abAcci\u00f3n popular y performance institucionalizada\u201d y Teatro, en coautor\u00eda con Jos\u00e9 Antonio S\u00e1nchez,&nbsp;&nbsp;itinerario y publicaci\u00f3n referida a la colecci\u00f3n permanente del Museo Nacional Centro de Arte Reina Sof\u00eda. Actualmente coordina junto a \u00d3scar Cornago el libro colectivo Tiempos de habitar. Pr\u00e1cticas esc\u00e9nicas y esfera p\u00fablica.<\/p>\n\n\n\n<p class=\"has-medium-font-size\">L\u00edneas de investigaci\u00f3n: Arte de acci\u00f3n. Performance en red<\/p>\n\n\n\n<p>CSIC \/ UCLM<\/p>\n\n\n\n<p><\/p>\n","protected":false},"excerpt":{"rendered":"<p>Directora de Ef\u00edmera Revista, publicaci\u00f3n cient\u00edfica sobre artes de acci\u00f3n y performance editada en Madrid desde 2010. Es Licenciada en Historia del Arte por la Universidad de Salamanca y DEA en Bellas Artes y Nuevas Tecnolog\u00edas (Universidad de M\u00e1laga) con el trabajo de investigaci\u00f3n Tiempo, espacio y presencia en la obra perform\u00e1tica de Nieves Correa. [&hellip;]<\/p>\n","protected":false},"author":510,"featured_media":2058,"comment_status":"closed","ping_status":"open","sticky":false,"template":"","format":"standard","meta":{"footnotes":""},"categories":[131],"tags":[],"class_list":["post-2277","post","type-post","status-publish","format-standard","has-post-thumbnail","hentry","category-colaboradors-artea"],"_links":{"self":[{"href":"https:\/\/blog.uclm.es\/artea\/wp-json\/wp\/v2\/posts\/2277","targetHints":{"allow":["GET"]}}],"collection":[{"href":"https:\/\/blog.uclm.es\/artea\/wp-json\/wp\/v2\/posts"}],"about":[{"href":"https:\/\/blog.uclm.es\/artea\/wp-json\/wp\/v2\/types\/post"}],"author":[{"embeddable":true,"href":"https:\/\/blog.uclm.es\/artea\/wp-json\/wp\/v2\/users\/510"}],"replies":[{"embeddable":true,"href":"https:\/\/blog.uclm.es\/artea\/wp-json\/wp\/v2\/comments?post=2277"}],"version-history":[{"count":3,"href":"https:\/\/blog.uclm.es\/artea\/wp-json\/wp\/v2\/posts\/2277\/revisions"}],"predecessor-version":[{"id":2614,"href":"https:\/\/blog.uclm.es\/artea\/wp-json\/wp\/v2\/posts\/2277\/revisions\/2614"}],"wp:featuredmedia":[{"embeddable":true,"href":"https:\/\/blog.uclm.es\/artea\/wp-json\/wp\/v2\/media\/2058"}],"wp:attachment":[{"href":"https:\/\/blog.uclm.es\/artea\/wp-json\/wp\/v2\/media?parent=2277"}],"wp:term":[{"taxonomy":"category","embeddable":true,"href":"https:\/\/blog.uclm.es\/artea\/wp-json\/wp\/v2\/categories?post=2277"},{"taxonomy":"post_tag","embeddable":true,"href":"https:\/\/blog.uclm.es\/artea\/wp-json\/wp\/v2\/tags?post=2277"}],"curies":[{"name":"wp","href":"https:\/\/api.w.org\/{rel}","templated":true}]}}