{"id":7361,"date":"2002-02-03T14:29:00","date_gmt":"2002-02-03T13:29:00","guid":{"rendered":"https:\/\/blog.uclm.es\/archivoartea\/?p=7361"},"modified":"2026-02-03T14:32:10","modified_gmt":"2026-02-03T13:32:10","slug":"rociador","status":"publish","type":"post","link":"https:\/\/blog.uclm.es\/archivoartea\/2002\/02\/03\/rociador\/","title":{"rendered":"Rociador"},"content":{"rendered":"\n<h4 class=\"wp-block-heading\"><a href=\"https:\/\/blog.uclm.es\/archivoartea\/2026\/02\/03\/rocio-boliver-la-congelada-uva\/\" data-type=\"post\" data-id=\"7335\">Roc\u00edo Boliver, La Congelada Uva<\/a><\/h4>\n\n\n\n<h5 class=\"wp-block-heading\">2002<\/h5>\n\n\n\n<ul class=\"wp-block-list\">\n<li>Lugar estreno: Chile&gt;Valpara\u00edso&gt;Ex C\u00e1rcel&gt;Festival Perfo Puerto<\/li>\n<\/ul>\n\n\n\n<figure class=\"wp-block-image size-full\"><img loading=\"lazy\" decoding=\"async\" width=\"232\" height=\"312\" src=\"https:\/\/blog.uclm.es\/archivoartea\/wp-content\/uploads\/sites\/323\/2026\/02\/Rocio-Boliver-La-Congelada-Uva2002rociador.jpg\" alt=\"\" class=\"wp-image-7362\" srcset=\"https:\/\/blog.uclm.es\/archivoartea\/wp-content\/uploads\/sites\/323\/2026\/02\/Rocio-Boliver-La-Congelada-Uva2002rociador.jpg 232w, https:\/\/blog.uclm.es\/archivoartea\/wp-content\/uploads\/sites\/323\/2026\/02\/Rocio-Boliver-La-Congelada-Uva2002rociador-223x300.jpg 223w\" sizes=\"auto, (max-width: 232px) 100vw, 232px\" \/><\/figure>\n\n\n\n<p>\u00abColoco una tela blanca en el piso. Me cuelgo a unas cuerdas. Quedo suspendida en posici\u00f3n horizontal. Mi cuerpo est\u00e1 envuelto en clean pack, mi cabeza con una gorra roja. Llevo un cors\u00e9 con una rondana en la cintura. Me cuelgo a la cuerda con un arn\u00e9s. Doy vueltas hasta quedar enrollada. Inserto en mi vagina duchas vaginales llenas de pintura (rojo, verde, amarillo y azul). Me suelto y giro, dejando caer a la tela los chorros de pintura. Hago lo mismo con otros tres colores. Corto los amarres y caigo al suelo sobre la tela pintada. Tomo un pincel y una paleta y firmo la tela. Me acuesto sobre la tela y me voy enrollando con ella. Despu\u00e9s de varios intentos logro ponerme de pie. Pido al p\u00fablico que me arranque la tela a pedazos. Me arranco el papel pl\u00e1stico que me cubr\u00eda, me desnudo y salgo.\u00bb&nbsp;<strong>La Congelada<\/strong>.<\/p>\n\n\n\n<h4 class=\"wp-block-heading\">Galer\u00eda de im\u00e1genes<\/h4>\n\n\n\n<figure class=\"wp-block-image size-full is-resized\"><img loading=\"lazy\" decoding=\"async\" width=\"323\" height=\"312\" src=\"https:\/\/blog.uclm.es\/archivoartea\/wp-content\/uploads\/sites\/323\/2026\/02\/Rocio-Boliver-La-Congelada-Uva2002rociador.1.jpg\" alt=\"\" class=\"wp-image-7363\" style=\"width:215px;height:auto\" srcset=\"https:\/\/blog.uclm.es\/archivoartea\/wp-content\/uploads\/sites\/323\/2026\/02\/Rocio-Boliver-La-Congelada-Uva2002rociador.1.jpg 323w, https:\/\/blog.uclm.es\/archivoartea\/wp-content\/uploads\/sites\/323\/2026\/02\/Rocio-Boliver-La-Congelada-Uva2002rociador.1-300x290.jpg 300w\" sizes=\"auto, (max-width: 323px) 100vw, 323px\" \/><\/figure>\n","protected":false},"excerpt":{"rendered":"<p>Roc\u00edo Boliver, La Congelada Uva, 2002<\/p>\n","protected":false},"author":561,"featured_media":7362,"comment_status":"open","ping_status":"open","sticky":false,"template":"","format":"standard","meta":{"footnotes":""},"categories":[28],"tags":[],"class_list":["post-7361","post","type-post","status-publish","format-standard","has-post-thumbnail","hentry","category-obra"],"_links":{"self":[{"href":"https:\/\/blog.uclm.es\/archivoartea\/wp-json\/wp\/v2\/posts\/7361","targetHints":{"allow":["GET"]}}],"collection":[{"href":"https:\/\/blog.uclm.es\/archivoartea\/wp-json\/wp\/v2\/posts"}],"about":[{"href":"https:\/\/blog.uclm.es\/archivoartea\/wp-json\/wp\/v2\/types\/post"}],"author":[{"embeddable":true,"href":"https:\/\/blog.uclm.es\/archivoartea\/wp-json\/wp\/v2\/users\/561"}],"replies":[{"embeddable":true,"href":"https:\/\/blog.uclm.es\/archivoartea\/wp-json\/wp\/v2\/comments?post=7361"}],"version-history":[{"count":1,"href":"https:\/\/blog.uclm.es\/archivoartea\/wp-json\/wp\/v2\/posts\/7361\/revisions"}],"predecessor-version":[{"id":7364,"href":"https:\/\/blog.uclm.es\/archivoartea\/wp-json\/wp\/v2\/posts\/7361\/revisions\/7364"}],"wp:featuredmedia":[{"embeddable":true,"href":"https:\/\/blog.uclm.es\/archivoartea\/wp-json\/wp\/v2\/media\/7362"}],"wp:attachment":[{"href":"https:\/\/blog.uclm.es\/archivoartea\/wp-json\/wp\/v2\/media?parent=7361"}],"wp:term":[{"taxonomy":"category","embeddable":true,"href":"https:\/\/blog.uclm.es\/archivoartea\/wp-json\/wp\/v2\/categories?post=7361"},{"taxonomy":"post_tag","embeddable":true,"href":"https:\/\/blog.uclm.es\/archivoartea\/wp-json\/wp\/v2\/tags?post=7361"}],"curies":[{"name":"wp","href":"https:\/\/api.w.org\/{rel}","templated":true}]}}