{"id":7137,"date":"1997-07-27T15:27:00","date_gmt":"1997-07-27T13:27:00","guid":{"rendered":"https:\/\/blog.uclm.es\/archivoartea\/?p=7137"},"modified":"2026-04-28T10:50:22","modified_gmt":"2026-04-28T08:50:22","slug":"xavier-le-roy-2","status":"publish","type":"post","link":"https:\/\/blog.uclm.es\/archivoartea\/1997\/07\/27\/xavier-le-roy-2\/","title":{"rendered":"Xavier Le Roy"},"content":{"rendered":"\n<p>Juvisy-sur-Orge, Francia, 1963<\/p>\n\n\n\n<figure class=\"wp-block-image size-full\"><img loading=\"lazy\" decoding=\"async\" width=\"800\" height=\"536\" src=\"https:\/\/blog.uclm.es\/archivoartea\/wp-content\/uploads\/sites\/323\/2026\/02\/Xavier-le-roy.jpg\" alt=\"\" class=\"wp-image-7138\" srcset=\"https:\/\/blog.uclm.es\/archivoartea\/wp-content\/uploads\/sites\/323\/2026\/02\/Xavier-le-roy.jpg 800w, https:\/\/blog.uclm.es\/archivoartea\/wp-content\/uploads\/sites\/323\/2026\/02\/Xavier-le-roy-300x201.jpg 300w, https:\/\/blog.uclm.es\/archivoartea\/wp-content\/uploads\/sites\/323\/2026\/02\/Xavier-le-roy-768x515.jpg 768w\" sizes=\"auto, (max-width: 800px) 100vw, 800px\" \/><\/figure>\n\n\n\n<p>Xavier Le Roy estudi\u00f3 biolog\u00eda molecular en la Universidad de Montpellier y ha trabajado como bailar\u00edn y core\u00f3grafo desde 1991. Ha formado parte de la compa\u00f1\u00eda l\u2019Alambic (1992-1995), el grupo Detektor (1993-1997), Quatuor Knust (1996-2000), Alain Buffard (1999), Marten Spangberg (2000), Lindy Annis (2005) y Tino Sehgal (2001 y 2006). Ha coreografiado varios solos como&nbsp;<em>Self Unfinished<\/em>&nbsp;(1998),&nbsp;<em>Product of Circumstances<\/em>&nbsp;(1999) y fue invitado por la Tanz im August Festival para trabajar con Yvonne Rainer.<\/p>\n\n\n\n<p>Ha puesto en escena&nbsp;<em>Das Theater der Wiederholungen<\/em>&nbsp;(2003), una \u00f3pera de Bernhard Lang y&nbsp;<em>Mouvements f\u00fcr Lachenmann<\/em>&nbsp;(2005), un concierto de tarde con m\u00fasica de Helmut Lachenmann. Desde 2004 trabaja en varios programas educativos. Entre 2007 y 2008 fue el \u201cartista asociado\u201d al Centre Chor\u00e9graphique National de Montpellier (France) donde codirigi\u00f3 el programa de educaci\u00f3n y junto con nueve artistas m\u00e1s iniciaron el proyecto \u20186 months 1 location\u2019 para explorar las condiciones de trabajo espec\u00edficas que asocian a los participantes y al programa ex.e.r.ce.08. En 2009 present\u00f3&nbsp;<em>To contemplate<\/em>&nbsp;en el festival In-Presentable de Madrid and&nbsp;<em>Xavier fait du Rebutoh<\/em>&nbsp;en el Museo de Danza de Rennes. Sus \u00faltimos trabajos como los solos&nbsp;<em>Le Sacre du Printemps&nbsp;<\/em>(2007) y&nbsp;<em>Product of Other Circumstances&nbsp;<\/em>(2009), la pieza grupal&nbsp;<em>low pieces&nbsp;<\/em>(2009-2011) y la producci\u00f3n creada en conjunto con M\u00e5rten Sp\u00e5ngberg para la exposici\u00f3n Move: Choreographing You, exploran m\u00e1s espec\u00edficamente los diversos modos de relaci\u00f3n entre espectador e int\u00e9rprete.<\/p>\n\n\n\n<p>\u00bb&nbsp;<a href=\"http:\/\/www.rtve.es\/television\/20120312\/mundo-personal-del-coreografo-xavier-leroy\/506872.shtml\">&nbsp;\u00abEl mundo personal del core\u00f3grafo Xavier Leroy\u00bb \u2013 (Reportaje \u2013 Miradas 2<\/a>)<\/p>\n\n\n\n<h4 class=\"wp-block-heading\">Obras<\/h4>\n\n\n\n<p>\u00bb Production \u2013 2010<\/p>\n\n\n\n<ul class=\"wp-block-list\">\n<li><a href=\"https:\/\/blog.uclm.es\/archivoartea\/2009\/02\/09\/product-of-other-circumstances\/\" data-type=\"post\" data-id=\"8100\">Product of other circumstances<\/a> \u2013 2009<\/li>\n\n\n\n<li><a href=\"https:\/\/blog.uclm.es\/archivoartea\/2009\/02\/02\/low-pieces-2009-2011\/\" data-type=\"post\" data-id=\"7180\">Low pieces (2009-2011)<\/a> \u2013 2009<\/li>\n\n\n\n<li><a href=\"https:\/\/blog.uclm.es\/archivoartea\/2008\/02\/02\/more-mouvements-fur-lachenmann\/\" data-type=\"post\" data-id=\"7174\">More mouvements f\u00fcr Lachenmann<\/a> \u2013 2008<\/li>\n\n\n\n<li><a href=\"https:\/\/blog.uclm.es\/archivoartea\/2007\/02\/02\/le-sacre-du-printemps\/\" data-type=\"post\" data-id=\"7167\">Le Sacre du Printemps<\/a> \u2013 2007<\/li>\n\n\n\n<li><a href=\"https:\/\/blog.uclm.es\/archivoartea\/2005\/02\/02\/mouvements-fur-lachenmann\/\" data-type=\"post\" data-id=\"7164\">Mouvements f\u00fcr Lachenmann<\/a> \u2013 2005<\/li>\n\n\n\n<li><a href=\"https:\/\/blog.uclm.es\/archivoartea\/2003\/02\/02\/project\/\" data-type=\"post\" data-id=\"7159\">Project \u2013<\/a> 2003<\/li>\n\n\n\n<li>Le Th\u00e9\u00e2tre des r\u00e9p\u00e9titions \u2013 2003<\/li>\n\n\n\n<li><a href=\"https:\/\/blog.uclm.es\/archivoartea\/2001\/02\/02\/self-interview\/\" data-type=\"post\" data-id=\"7156\">Self Interview<\/a> \u2013 2001<\/li>\n\n\n\n<li><a href=\"https:\/\/blog.uclm.es\/archivoartea\/2001\/02\/02\/giszelle\/\" data-type=\"post\" data-id=\"7151\">Giszelle <\/a>\u2013 2001<\/li>\n\n\n\n<li><a href=\"https:\/\/blog.uclm.es\/archivoartea\/2000\/10\/26\/xavier-le-roy\/\" data-type=\"post\" data-id=\"4662\">Xavier Le Roy <\/a>\u2013 2000 (int\u00e9rprete)<\/li>\n\n\n\n<li><a href=\"https:\/\/blog.uclm.es\/archivoartea\/1999\/02\/02\/7146\/\" data-type=\"post\" data-id=\"7146\">Product of Circumstances <\/a>\u2013 1999<\/li>\n\n\n\n<li><a href=\"https:\/\/blog.uclm.es\/archivoartea\/1998\/02\/02\/self-unfinished\/\" data-type=\"post\" data-id=\"7140\">Self Unfinished<\/a> \u2013 1998<\/li>\n<\/ul>\n\n\n\n<p><\/p>\n","protected":false},"excerpt":{"rendered":"<p>Core\u00f3grafo. Juvisy-sur-Orge, Francia, 1963<\/p>\n","protected":false},"author":561,"featured_media":7138,"comment_status":"open","ping_status":"open","sticky":false,"template":"","format":"standard","meta":{"footnotes":""},"categories":[70],"tags":[530,545,339],"class_list":["post-7137","post","type-post","status-publish","format-standard","has-post-thumbnail","hentry","category-artista-escenicas","tag-danza-conceptual","tag-desviaciones","tag-nueva-danza"],"_links":{"self":[{"href":"https:\/\/blog.uclm.es\/archivoartea\/wp-json\/wp\/v2\/posts\/7137","targetHints":{"allow":["GET"]}}],"collection":[{"href":"https:\/\/blog.uclm.es\/archivoartea\/wp-json\/wp\/v2\/posts"}],"about":[{"href":"https:\/\/blog.uclm.es\/archivoartea\/wp-json\/wp\/v2\/types\/post"}],"author":[{"embeddable":true,"href":"https:\/\/blog.uclm.es\/archivoartea\/wp-json\/wp\/v2\/users\/561"}],"replies":[{"embeddable":true,"href":"https:\/\/blog.uclm.es\/archivoartea\/wp-json\/wp\/v2\/comments?post=7137"}],"version-history":[{"count":6,"href":"https:\/\/blog.uclm.es\/archivoartea\/wp-json\/wp\/v2\/posts\/7137\/revisions"}],"predecessor-version":[{"id":14402,"href":"https:\/\/blog.uclm.es\/archivoartea\/wp-json\/wp\/v2\/posts\/7137\/revisions\/14402"}],"wp:featuredmedia":[{"embeddable":true,"href":"https:\/\/blog.uclm.es\/archivoartea\/wp-json\/wp\/v2\/media\/7138"}],"wp:attachment":[{"href":"https:\/\/blog.uclm.es\/archivoartea\/wp-json\/wp\/v2\/media?parent=7137"}],"wp:term":[{"taxonomy":"category","embeddable":true,"href":"https:\/\/blog.uclm.es\/archivoartea\/wp-json\/wp\/v2\/categories?post=7137"},{"taxonomy":"post_tag","embeddable":true,"href":"https:\/\/blog.uclm.es\/archivoartea\/wp-json\/wp\/v2\/tags?post=7137"}],"curies":[{"name":"wp","href":"https:\/\/api.w.org\/{rel}","templated":true}]}}