{"id":5887,"date":"2002-01-15T17:13:00","date_gmt":"2002-01-15T16:13:00","guid":{"rendered":"https:\/\/blog.uclm.es\/archivoartea\/?p=5887"},"modified":"2026-04-25T17:32:03","modified_gmt":"2026-04-25T15:32:03","slug":"moare-danza","status":"publish","type":"post","link":"https:\/\/blog.uclm.es\/archivoartea\/2002\/01\/15\/moare-danza\/","title":{"rendered":"Moare Danza"},"content":{"rendered":"\n<h4 class=\"wp-block-heading\">Gasteiz<\/h4>\n\n\n\n<h4 class=\"wp-block-heading\">Ver <a href=\"https:\/\/blog.uclm.es\/archivoartea\/2006\/01\/09\/idoia-zabaleta\/\" data-type=\"post\" data-id=\"5416\">Idoia Zabaleta<\/a><\/h4>\n\n\n\n<p>MOARE DANZA (1992, Gasteiz) Moare Danza, es una asociaci\u00f3n cultural de mujeres sin \u00e1nimo de lucro, &nbsp;dedicada &nbsp;a &nbsp;la &nbsp;ense\u00f1anza, divulgaci\u00f3n &nbsp;y &nbsp;fomento &nbsp;de &nbsp;la &nbsp;danza &nbsp;y &nbsp;los &nbsp;lenguajes corporales en diferentes sectores de la sociedad. Se &nbsp;crea &nbsp;en &nbsp;1992 &nbsp;en &nbsp;Gasteiz. &nbsp;Formado &nbsp;por &nbsp;Mariaje &nbsp;Ariznabarreta, &nbsp;Fabiola Ferreira, Idoia Zabaleta y Leticia Morales. Surge de la inquietud &nbsp;por &nbsp;estudiar &nbsp;las &nbsp;propuestas &nbsp;acerca &nbsp;del &nbsp;movimiento &nbsp;y &nbsp;la &nbsp;danza &nbsp;que &nbsp;llegaban &nbsp;a &nbsp;nosotras &nbsp;a trav\u00e9s &nbsp;de &nbsp;Talleres &nbsp;de &nbsp;Nueva &nbsp;Danza, &nbsp;en &nbsp;los &nbsp;comienzos de los a\u00f1os 90.<\/p>\n\n\n\n<p>Desde &nbsp;entonces &nbsp;Moare &nbsp;ha &nbsp;mantenido &nbsp;una &nbsp;continua &nbsp;labor &nbsp;de &nbsp;investigaci\u00f3n, &nbsp;divulgaci\u00f3n &nbsp;y &nbsp;ense\u00f1anza &nbsp;de &nbsp;la &nbsp;Danza, &nbsp;especializ\u00e1ndose &nbsp;en &nbsp;la &nbsp;l\u00ednea &nbsp;de &nbsp;la &nbsp;Nueva &nbsp;Danza. &nbsp;Moare &nbsp;Danza &nbsp;trabaja &nbsp;en &nbsp;la &nbsp;idea &nbsp;de &nbsp;colaboraci\u00f3n &nbsp;con &nbsp;diferentes &nbsp;profesionales &nbsp;de &nbsp;diversos &nbsp;campos &nbsp;art\u00edsticos y no art\u00edsticos como b\u00fasqueda en el significado del cuerpo y &nbsp;el movimiento en nuestra sociedad.<\/p>\n\n\n\n<p>En &nbsp;los &nbsp;\u00faltimos &nbsp;a\u00f1os &nbsp;Moare &nbsp;Danza &nbsp;se &nbsp;ha &nbsp;convertido &nbsp;en &nbsp;una &nbsp;peque\u00f1a &nbsp;estructura &nbsp;de &nbsp;referencia &nbsp;de &nbsp;un trabajo &nbsp;permanente &nbsp;y &nbsp;coherente &nbsp;en &nbsp;el &nbsp;\u00e1mbito &nbsp;de &nbsp;las &nbsp;artes &nbsp;esc\u00e9nicas &nbsp;del &nbsp;Estado &nbsp;espa\u00f1ol.<\/p>\n\n\n\n<p>Tras 18 a\u00f1os de trayectoria la compa\u00f1\u00eda Moare Danza ha considerado &nbsp;necesario involucrarse en un proyecto de gesti\u00f3n y dinamizaci\u00f3n de un &nbsp;espacio &nbsp;de &nbsp;referencia &nbsp;de &nbsp;la &nbsp;creaci\u00f3n &nbsp;esc\u00e9nica contempor\u00e1nea &nbsp;en &nbsp;nuestro &nbsp;territorio y ello se asocia al proyecto AZALA, espacio de &nbsp;creaci\u00f3n como compa\u00f1\u00eda en residencia.<\/p>\n\n\n\n<p><a href=\"http:\/\/www.azala.es\/archivos\/MOARE_DANZA.pdf\" target=\"_blank\" rel=\"noreferrer noopener\">MOARE DANZA&nbsp;<\/a><\/p>\n","protected":false},"excerpt":{"rendered":"<p>Gasteiz<\/p>\n","protected":false},"author":561,"featured_media":5943,"comment_status":"open","ping_status":"open","sticky":false,"template":"","format":"standard","meta":{"footnotes":""},"categories":[70,27,69],"tags":[],"class_list":["post-5887","post","type-post","status-publish","format-standard","has-post-thumbnail","hentry","category-artista-escenicas","category-artista","category-colectivo"],"_links":{"self":[{"href":"https:\/\/blog.uclm.es\/archivoartea\/wp-json\/wp\/v2\/posts\/5887","targetHints":{"allow":["GET"]}}],"collection":[{"href":"https:\/\/blog.uclm.es\/archivoartea\/wp-json\/wp\/v2\/posts"}],"about":[{"href":"https:\/\/blog.uclm.es\/archivoartea\/wp-json\/wp\/v2\/types\/post"}],"author":[{"embeddable":true,"href":"https:\/\/blog.uclm.es\/archivoartea\/wp-json\/wp\/v2\/users\/561"}],"replies":[{"embeddable":true,"href":"https:\/\/blog.uclm.es\/archivoartea\/wp-json\/wp\/v2\/comments?post=5887"}],"version-history":[{"count":3,"href":"https:\/\/blog.uclm.es\/archivoartea\/wp-json\/wp\/v2\/posts\/5887\/revisions"}],"predecessor-version":[{"id":13612,"href":"https:\/\/blog.uclm.es\/archivoartea\/wp-json\/wp\/v2\/posts\/5887\/revisions\/13612"}],"wp:featuredmedia":[{"embeddable":true,"href":"https:\/\/blog.uclm.es\/archivoartea\/wp-json\/wp\/v2\/media\/5943"}],"wp:attachment":[{"href":"https:\/\/blog.uclm.es\/archivoartea\/wp-json\/wp\/v2\/media?parent=5887"}],"wp:term":[{"taxonomy":"category","embeddable":true,"href":"https:\/\/blog.uclm.es\/archivoartea\/wp-json\/wp\/v2\/categories?post=5887"},{"taxonomy":"post_tag","embeddable":true,"href":"https:\/\/blog.uclm.es\/archivoartea\/wp-json\/wp\/v2\/tags?post=5887"}],"curies":[{"name":"wp","href":"https:\/\/api.w.org\/{rel}","templated":true}]}}