{"id":5347,"date":"2010-01-08T12:30:00","date_gmt":"2010-01-08T11:30:00","guid":{"rendered":"https:\/\/blog.uclm.es\/archivoartea\/?p=5347"},"modified":"2026-04-27T17:53:31","modified_gmt":"2026-04-27T15:53:31","slug":"edurne-rubio","status":"publish","type":"post","link":"https:\/\/blog.uclm.es\/archivoartea\/2010\/01\/08\/edurne-rubio\/","title":{"rendered":"Edurne Rubio"},"content":{"rendered":"\n<figure class=\"wp-block-image size-full is-resized\"><img loading=\"lazy\" decoding=\"async\" width=\"434\" height=\"289\" src=\"https:\/\/blog.uclm.es\/archivoartea\/wp-content\/uploads\/sites\/323\/2026\/01\/Edurne-Rubio.jpg\" alt=\"\" class=\"wp-image-5348\" style=\"width:267px;height:auto\" srcset=\"https:\/\/blog.uclm.es\/archivoartea\/wp-content\/uploads\/sites\/323\/2026\/01\/Edurne-Rubio.jpg 434w, https:\/\/blog.uclm.es\/archivoartea\/wp-content\/uploads\/sites\/323\/2026\/01\/Edurne-Rubio-300x200.jpg 300w\" sizes=\"auto, (max-width: 434px) 100vw, 434px\" \/><\/figure>\n\n\n\n<p>Edurne Rubio (Burgos, 1974) es una artista visual que trabaja en el \u00e1mbito de la exposici\u00f3n, el performance, el cine y la arquitectura. Realiza frecuentemente proyectos espec\u00edficos en el espacio p\u00fablico. Su investigaci\u00f3n ha estado siempre relacionada con la percepci\u00f3n individual o colectiva de tiempo y espacio. Interesada en contextos que convierten la percepci\u00f3n en un dato variable y mutante, olvidado o archivado, intenta asociar o contrastar modos de percibir la realidad con el fin de crear una segunda realidad compuesta. Su obra est\u00e1 pr\u00f3xima al documental y a la antropolog\u00eda, por el uso de entrevistas, im\u00e1genes de archivo e investigaci\u00f3n sobre comunicaci\u00f3n oral.<\/p>\n\n\n\n<p><a href=\"https:\/\/www.edurnerubio.org\/about\">https:\/\/www.edurnerubio.org\/about<\/a><\/p>\n\n\n\n<h5 class=\"wp-block-heading\">Obra<\/h5>\n\n\n\n<ul class=\"wp-block-list\">\n<li><em><a href=\"https:\/\/blog.uclm.es\/archivoartea\/2021\/06\/08\/a-nublo\/\" data-type=\"post\" data-id=\"5350\">A Nublo<\/a><\/em> &#8211; Mar\u00eda Jerez, Edurne Rubio, 2021<\/li>\n<\/ul>\n\n\n\n<h5 class=\"wp-block-heading\">TextoS<\/h5>\n\n\n\n<ul class=\"wp-block-list\">\n<li><em><a href=\"https:\/\/blog.uclm.es\/archivoartea\/2021\/10\/13\/cuerpo-territorio-y-memorias\/\" data-type=\"post\" data-id=\"5598\">Cuerpo, territorio y memorias en \u00abLight Years Away\u00bb de Edurne Rubio<\/a><\/em>, Diana Delgado-Ure\u00f1a D\u00edez, 2021<\/li>\n\n\n\n<li><a href=\"https:\/\/blog.uclm.es\/archivoartea\/2021\/07\/25\/a-nublo-de-maria-jerez-y-edurne-rubio\/\" data-type=\"post\" data-id=\"5220\"><em>A Nublo<\/em>, <em>de Mar\u00eda Jerez y Edurne Rubio<\/em><\/a> &#8211; Jos\u00e9 A. S\u00e1nchez &#8211; 2021<\/li>\n<\/ul>\n\n\n\n<p><\/p>\n","protected":false},"excerpt":{"rendered":"<p>Artista visual. Burgos, 1974<\/p>\n","protected":false},"author":561,"featured_media":5348,"comment_status":"open","ping_status":"open","sticky":false,"template":"","format":"standard","meta":{"footnotes":""},"categories":[72,27],"tags":[],"class_list":["post-5347","post","type-post","status-publish","format-standard","has-post-thumbnail","hentry","category-artista-visuales","category-artista"],"_links":{"self":[{"href":"https:\/\/blog.uclm.es\/archivoartea\/wp-json\/wp\/v2\/posts\/5347","targetHints":{"allow":["GET"]}}],"collection":[{"href":"https:\/\/blog.uclm.es\/archivoartea\/wp-json\/wp\/v2\/posts"}],"about":[{"href":"https:\/\/blog.uclm.es\/archivoartea\/wp-json\/wp\/v2\/types\/post"}],"author":[{"embeddable":true,"href":"https:\/\/blog.uclm.es\/archivoartea\/wp-json\/wp\/v2\/users\/561"}],"replies":[{"embeddable":true,"href":"https:\/\/blog.uclm.es\/archivoartea\/wp-json\/wp\/v2\/comments?post=5347"}],"version-history":[{"count":6,"href":"https:\/\/blog.uclm.es\/archivoartea\/wp-json\/wp\/v2\/posts\/5347\/revisions"}],"predecessor-version":[{"id":14296,"href":"https:\/\/blog.uclm.es\/archivoartea\/wp-json\/wp\/v2\/posts\/5347\/revisions\/14296"}],"wp:featuredmedia":[{"embeddable":true,"href":"https:\/\/blog.uclm.es\/archivoartea\/wp-json\/wp\/v2\/media\/5348"}],"wp:attachment":[{"href":"https:\/\/blog.uclm.es\/archivoartea\/wp-json\/wp\/v2\/media?parent=5347"}],"wp:term":[{"taxonomy":"category","embeddable":true,"href":"https:\/\/blog.uclm.es\/archivoartea\/wp-json\/wp\/v2\/categories?post=5347"},{"taxonomy":"post_tag","embeddable":true,"href":"https:\/\/blog.uclm.es\/archivoartea\/wp-json\/wp\/v2\/tags?post=5347"}],"curies":[{"name":"wp","href":"https:\/\/api.w.org\/{rel}","templated":true}]}}