{"id":4543,"date":"2011-12-24T12:09:00","date_gmt":"2011-12-24T11:09:00","guid":{"rendered":"https:\/\/blog.uclm.es\/archivoartea\/?p=4543"},"modified":"2026-04-04T17:20:53","modified_gmt":"2026-04-04T15:20:53","slug":"impregnaciones-de-la-senorita-nieve-y-guitarra","status":"publish","type":"post","link":"https:\/\/blog.uclm.es\/archivoartea\/2011\/12\/24\/impregnaciones-de-la-senorita-nieve-y-guitarra\/","title":{"rendered":"Impregnaciones de la se\u00f1orita nieve y guitarra"},"content":{"rendered":"\n<h4 class=\"wp-block-heading\"><a href=\"https:\/\/blog.uclm.es\/archivoartea\/1998\/09\/29\/monica-valenciano\/\" data-type=\"post\" data-id=\"3296\">M\u00f3nica Valenciano<\/a>. 2011<\/h4>\n\n\n\n<ul class=\"wp-block-list\">\n<li>Mirada y realizaci\u00f3n: Chus Dom\u00ednguez<\/li>\n\n\n\n<li>M\u00fasica: Era un viejo elegante, de Melingo, B\u00e9same mucho, interpretada por Josephine Baker<\/li>\n\n\n\n<li>Producci\u00f3n ejecutiva: Norma Kraydeberg<\/li>\n\n\n\n<li>Producci\u00f3n: Centre Cor\u00e9ographique National de Rennes et Bretagne, Bailadero, Chus Dom\u00ednguez<\/li>\n\n\n\n<li>Presencia en festivales: Sala Pradillo, Escena Contempor\u00e1nea, Madrid (2011)<\/li>\n<\/ul>\n\n\n\n<figure class=\"wp-block-image aligncenter size-full is-resized\"><img loading=\"lazy\" decoding=\"async\" width=\"224\" height=\"165\" src=\"https:\/\/blog.uclm.es\/archivoartea\/wp-content\/uploads\/sites\/323\/2025\/12\/MonicaValenciano.2011.Impregnaciones_1.jpeg\" alt=\"\" class=\"wp-image-4545\" style=\"width:374px;height:auto\" \/><\/figure>\n\n\n\n<p>M\u00f3nica empieza sentada en primera fila, como un espectador m\u00e1s que espera el inicio. Se abre la obra en Silencio, a la espera a que algo ocurra. Pasa un tiempo, no muy prolongado, sin que nadie aparezca en escena: el espectador se hace presente, ya imagina, se pregunta. M\u00f3nica, desde su silla, se voltea buscando al autor, despacio se levanta y camina al escenario. Sospechamos un lazo de cercan\u00eda, de viaje conjunto.<\/p>\n\n\n\n<p>\u201cImpregnaciones de la Srta. Nieve y guitarra\u201d se construye sobre la incertidumbre y lo desconocido; no hay entretenimiento para el espectador pasivo. M\u00e1s bien, una invitaci\u00f3n a dejarnos impregnar: recibir el gesto, la resonancia del movimiento, que hablen los silencios y as\u00ed, si se permite, que la obra cante en cada cuerpo. O te aburres o te traspasa.<\/p>\n\n\n\n<p>No hay una estructura lineal, ni un \u00fanico hilo que nos lleve. Tampoco un llamado a la raz\u00f3n ni a una l\u00f3gica imperante que explique lo que ocurre o deja de ocurrir. Exabruptos, saltos repentinos, una voz o varias, frases inconclusas, algo quiere salir, sabemos que est\u00e1 ah\u00ed, por reventar; \u00bfqu\u00e9?, \u00bfqu\u00e9 quiere salir del cuerpo?<\/p>\n\n\n\n<p>En M\u00f3nica todo la da impresi\u00f3n de ser al mismo tiempo improvisado y medido. Paradoja y respuesta a un trabajo que camina por terrenos de lo instintivo y lo \u00edntimo con los pies bien abiertos. Me viene una sensaci\u00f3n de precisi\u00f3n, movimientos puntuales en un tiempo y un espacio que se articulan de manera que as\u00ed y solo as\u00ed pueden ser. Algo similar es lo que ocurre con el lenguaje del poema en donde cada palabra es justa; mas, es a trav\u00e9s de los silencios, esos momentos en que predomina el no-hacer, que se construye el ritmo que abraza la pieza entera.<\/p>\n\n\n\n<p>Renata Serna Hosie<\/p>\n\n\n\n<p>(continuar leyendo \u00abReminiscencias (1)\u00bb, en Blog C\u00edrculo de Espectadores)<\/p>\n\n\n\n<p>El proyecto ha dado lugar a una obra esc\u00e9nica, el primer solo de la creadora despu\u00e9s de siete a\u00f1os, y un v\u00eddeo, realizado por Chus Dom\u00ednguez. Pueden verse im\u00e1genes de la obra y una entrevista muy bonita con la creadora en SNEOdanza.<\/p>\n\n\n\n<figure class=\"wp-block-gallery has-nested-images columns-default is-cropped wp-block-gallery-1 is-layout-flex wp-block-gallery-is-layout-flex\">\n<figure class=\"wp-block-image size-large\"><img loading=\"lazy\" decoding=\"async\" width=\"224\" height=\"165\" data-id=\"4547\" src=\"https:\/\/blog.uclm.es\/archivoartea\/wp-content\/uploads\/sites\/323\/2025\/12\/MonicaValenciano.2011.Impregnaciones_2.jpeg\" alt=\"\" class=\"wp-image-4547\" \/><\/figure>\n\n\n\n<figure class=\"wp-block-image size-large\"><img loading=\"lazy\" decoding=\"async\" width=\"224\" height=\"165\" data-id=\"4548\" src=\"https:\/\/blog.uclm.es\/archivoartea\/wp-content\/uploads\/sites\/323\/2025\/12\/MonicaValenciano.2011.Impregnaciones_3.jpeg\" alt=\"\" class=\"wp-image-4548\" \/><\/figure>\n\n\n\n<figure class=\"wp-block-image size-large\"><img loading=\"lazy\" decoding=\"async\" width=\"224\" height=\"165\" data-id=\"4549\" src=\"https:\/\/blog.uclm.es\/archivoartea\/wp-content\/uploads\/sites\/323\/2025\/12\/MonicaValenciano.2011.Impregnaciones_4.jpeg\" alt=\"\" class=\"wp-image-4549\" \/><\/figure>\n<\/figure>\n","protected":false},"excerpt":{"rendered":"<p>M\u00f3nica Valenciano. 2011<\/p>\n","protected":false},"author":285,"featured_media":4545,"comment_status":"open","ping_status":"open","sticky":false,"template":"","format":"standard","meta":{"footnotes":""},"categories":[28],"tags":[],"class_list":["post-4543","post","type-post","status-publish","format-standard","has-post-thumbnail","hentry","category-obra"],"_links":{"self":[{"href":"https:\/\/blog.uclm.es\/archivoartea\/wp-json\/wp\/v2\/posts\/4543","targetHints":{"allow":["GET"]}}],"collection":[{"href":"https:\/\/blog.uclm.es\/archivoartea\/wp-json\/wp\/v2\/posts"}],"about":[{"href":"https:\/\/blog.uclm.es\/archivoartea\/wp-json\/wp\/v2\/types\/post"}],"author":[{"embeddable":true,"href":"https:\/\/blog.uclm.es\/archivoartea\/wp-json\/wp\/v2\/users\/285"}],"replies":[{"embeddable":true,"href":"https:\/\/blog.uclm.es\/archivoartea\/wp-json\/wp\/v2\/comments?post=4543"}],"version-history":[{"count":2,"href":"https:\/\/blog.uclm.es\/archivoartea\/wp-json\/wp\/v2\/posts\/4543\/revisions"}],"predecessor-version":[{"id":12067,"href":"https:\/\/blog.uclm.es\/archivoartea\/wp-json\/wp\/v2\/posts\/4543\/revisions\/12067"}],"wp:featuredmedia":[{"embeddable":true,"href":"https:\/\/blog.uclm.es\/archivoartea\/wp-json\/wp\/v2\/media\/4545"}],"wp:attachment":[{"href":"https:\/\/blog.uclm.es\/archivoartea\/wp-json\/wp\/v2\/media?parent=4543"}],"wp:term":[{"taxonomy":"category","embeddable":true,"href":"https:\/\/blog.uclm.es\/archivoartea\/wp-json\/wp\/v2\/categories?post=4543"},{"taxonomy":"post_tag","embeddable":true,"href":"https:\/\/blog.uclm.es\/archivoartea\/wp-json\/wp\/v2\/tags?post=4543"}],"curies":[{"name":"wp","href":"https:\/\/api.w.org\/{rel}","templated":true}]}}