{"id":2686,"date":"2006-09-24T19:45:00","date_gmt":"2006-09-24T17:45:00","guid":{"rendered":"https:\/\/blog.uclm.es\/archivoartea\/?p=2686"},"modified":"2026-04-25T21:01:20","modified_gmt":"2026-04-25T19:01:20","slug":"shichimi-togarashi","status":"publish","type":"post","link":"https:\/\/blog.uclm.es\/archivoartea\/2006\/09\/24\/shichimi-togarashi\/","title":{"rendered":"Shichimi Togarashi"},"content":{"rendered":"\n<h4 class=\"wp-block-heading\"><a href=\"https:\/\/blog.uclm.es\/archivoartea\/2010\/09\/22\/juan-dominguez\/\" data-type=\"post\" data-id=\"2501\">Juan Dominguez<\/a> y <a href=\"http:\/\/Amalia Fern\u00e1ndez\">Amalia Fernandez<\/a>. 2006<\/h4>\n\n\n\n<figure class=\"wp-block-image size-full\"><img loading=\"lazy\" decoding=\"async\" width=\"653\" height=\"362\" src=\"https:\/\/blog.uclm.es\/archivoartea\/wp-content\/uploads\/sites\/323\/2006\/09\/JuanDominguez-Schishimi-Togarashi.png\" alt=\"\" class=\"wp-image-13693\" srcset=\"https:\/\/blog.uclm.es\/archivoartea\/wp-content\/uploads\/sites\/323\/2006\/09\/JuanDominguez-Schishimi-Togarashi.png 653w, https:\/\/blog.uclm.es\/archivoartea\/wp-content\/uploads\/sites\/323\/2006\/09\/JuanDominguez-Schishimi-Togarashi-300x166.png 300w\" sizes=\"auto, (max-width: 653px) 100vw, 653px\" \/><\/figure>\n\n\n\n<p>Creaci\u00f3n: Juan Dom\u00ednguez, Amalia Fern\u00e1ndez<br>Int\u00e9rpretes: Amalia Fern\u00e1ndez, Juan Dom\u00ednguez<br>Dise\u00f1o Gr\u00e1fico: Andr\u00e9s Mart\u00ednez<br>Producci\u00f3n: Juan Dom\u00ednguez<br>Asistente de producci\u00f3n: Catherine Sardella<br>Co-Producci\u00f3n: Espace Pier Paolo Pasolini. Th\u00e9\u00e2tre de L&#8217;Usine. LA PORTA Barcelona y La Direcci\u00f3n General de Promoci\u00f3n Cultural de la Consejer\u00eda de Cultura y Deportes dela Comunidad de Madrid.<br>Apoyo: La Casa Encendida (Madrid), La Fundici\u00f3n Aretoa (Bilbao), Asociaci\u00f3n de vecinos de Zarzalejo.<\/p>\n\n\n\n<p><\/p>\n\n\n\n<p>En 2004 empec\u00e9 a concebir el proyecto para mi siguiente obra titulada&nbsp;<em>Shichimi Togarashi<\/em>.<br>Antes de desarrollar este proyecto y con el fin de buscar financiaci\u00f3n para el mismo, cre\u00e9 la obra&nbsp;<a href=\"https:\/\/archivoartea.uclm.es\/obras\/the-application\/\"><em>The Application<\/em><\/a>&nbsp;que escenificaba una solicitud de subvenci\u00f3n para&nbsp;<em>Shichimi Togarasi<\/em>.<br>A finales de 2005, Amalia Fern\u00e1ndez y yo decidimos que nuestra siguiente pieza iba a ser un d\u00fao en colaboraci\u00f3n, y juntos materializar lo que en&nbsp;<a href=\"https:\/\/archivoartea.uclm.es\/obras\/the-application\/\"><em>The Application<\/em><\/a>&nbsp;era s\u00f3lo proyecto;&nbsp;<em>Shichimi Togarashi<\/em>.<br>La obra se basa en el recorrido de este nuestro primer encuentro, cuya finalidad era la construcci\u00f3n de un d\u00fao. Partimos de dos voluntades que interact\u00faan, a lo largo del tiempo de representaci\u00f3n, proponiendo a los espectadores una metodolog\u00eda de construcci\u00f3n visible que les permita observar c\u00f3mo nos comportamos dentro de nuestras propias fantas\u00edas.<\/p>\n\n\n\n<div class=\"wp-block-buttons is-layout-flex wp-block-buttons-is-layout-flex\">\n<div class=\"wp-block-button\"><a class=\"wp-block-button__link wp-element-button\" href=\"https:\/\/www.youtube.com\/watch?v=zmfYifkvOIo\" target=\"_blank\" rel=\"noreferrer noopener\">Video promo<\/a><\/div>\n<\/div>\n","protected":false},"excerpt":{"rendered":"<p>Juan Dom\u00ednguez y Amalia Fernandez. 2006. Obra<\/p>\n","protected":false},"author":285,"featured_media":13693,"comment_status":"open","ping_status":"open","sticky":false,"template":"","format":"standard","meta":{"footnotes":""},"categories":[28],"tags":[113,135],"class_list":["post-2686","post","type-post","status-publish","format-standard","has-post-thumbnail","hentry","category-obra","tag-juego","tag-publico"],"_links":{"self":[{"href":"https:\/\/blog.uclm.es\/archivoartea\/wp-json\/wp\/v2\/posts\/2686","targetHints":{"allow":["GET"]}}],"collection":[{"href":"https:\/\/blog.uclm.es\/archivoartea\/wp-json\/wp\/v2\/posts"}],"about":[{"href":"https:\/\/blog.uclm.es\/archivoartea\/wp-json\/wp\/v2\/types\/post"}],"author":[{"embeddable":true,"href":"https:\/\/blog.uclm.es\/archivoartea\/wp-json\/wp\/v2\/users\/285"}],"replies":[{"embeddable":true,"href":"https:\/\/blog.uclm.es\/archivoartea\/wp-json\/wp\/v2\/comments?post=2686"}],"version-history":[{"count":3,"href":"https:\/\/blog.uclm.es\/archivoartea\/wp-json\/wp\/v2\/posts\/2686\/revisions"}],"predecessor-version":[{"id":13695,"href":"https:\/\/blog.uclm.es\/archivoartea\/wp-json\/wp\/v2\/posts\/2686\/revisions\/13695"}],"wp:featuredmedia":[{"embeddable":true,"href":"https:\/\/blog.uclm.es\/archivoartea\/wp-json\/wp\/v2\/media\/13693"}],"wp:attachment":[{"href":"https:\/\/blog.uclm.es\/archivoartea\/wp-json\/wp\/v2\/media?parent=2686"}],"wp:term":[{"taxonomy":"category","embeddable":true,"href":"https:\/\/blog.uclm.es\/archivoartea\/wp-json\/wp\/v2\/categories?post=2686"},{"taxonomy":"post_tag","embeddable":true,"href":"https:\/\/blog.uclm.es\/archivoartea\/wp-json\/wp\/v2\/tags?post=2686"}],"curies":[{"name":"wp","href":"https:\/\/api.w.org\/{rel}","templated":true}]}}