{"id":2501,"date":"2003-09-22T12:27:00","date_gmt":"2003-09-22T10:27:00","guid":{"rendered":"https:\/\/blog.uclm.es\/archivoartea\/?p=2501"},"modified":"2026-04-27T18:36:35","modified_gmt":"2026-04-27T16:36:35","slug":"juan-dominguez","status":"publish","type":"post","link":"https:\/\/blog.uclm.es\/archivoartea\/2003\/09\/22\/juan-dominguez\/","title":{"rendered":"Juan Dom\u00ednguez"},"content":{"rendered":"\n<figure class=\"wp-block-image size-full\"><img loading=\"lazy\" decoding=\"async\" width=\"681\" height=\"455\" src=\"https:\/\/blog.uclm.es\/archivoartea\/wp-content\/uploads\/sites\/323\/2010\/09\/Juan-Dominguez-1.jpeg\" alt=\"\" class=\"wp-image-2660\" srcset=\"https:\/\/blog.uclm.es\/archivoartea\/wp-content\/uploads\/sites\/323\/2010\/09\/Juan-Dominguez-1.jpeg 681w, https:\/\/blog.uclm.es\/archivoartea\/wp-content\/uploads\/sites\/323\/2010\/09\/Juan-Dominguez-1-300x200.jpeg 300w\" sizes=\"auto, (max-width: 681px) 100vw, 681px\" \/><\/figure>\n\n\n\n<p>Int\u00e9rprete y core\u00f3grafo, formado en danza cl\u00e1sica, contempor\u00e1nea y v\u00eddeo en Espa\u00f1a y Estados Unidos. Recibe becas para estudiar en la escuela Movement Research de Nueva York, ciudad en la que tambi\u00e9n estudia diferentes t\u00e9cnicas de danza y yoga.<\/p>\n\n\n\n<p>Desde 1987 trabaja como int\u00e9rprete con los compa\u00f1\u00edas:&nbsp;Bocanada Danza,&nbsp;Blanca Calvo CIA, Los Ballets de Madrid, Carmen Cort\u00e9s y&nbsp;Olga Mesa CIA. Tambi\u00e9n con los core\u00f3grafos: I\u00f1aki Azpillaga, Cesc Gelabert, Ana Buitrago,&nbsp;La Ribot,&nbsp;Cuqui Jerez, Gilles Jobin, Jerome Bel, Xavier Le Roy y Tino Shegal. Trabaja como asistente de coreograf\u00eda con La Ribot, Gillles Jobin, Carmen Cort\u00e9s, Olga Mesa&nbsp;y Cuqui Jerez. Desde 1993 imparte clases y&nbsp; talleres de danza y composici\u00f3n y desde 1992 trabaja en sus propias piezas colaborando con: Blanca Calvo&nbsp;en&nbsp;<em>Los Juan caballos<\/em>&nbsp;(1992), con I\u00f1aki Azpillaga en el v\u00eddeo-danza&nbsp;<em>7 monta\u00f1as y 7 r\u00edos<\/em>&nbsp;dirigido por Utray y Lamadrid (1993), con Ana Buitrago en&nbsp;<em>Retazos<\/em>&nbsp;(1996), con Susana Casenave en&nbsp;<em>Peces<\/em>&nbsp;(1996), y con Carmen Cortes en&nbsp;<em>As\u00ed que pasen 100 A\u00f1os<\/em>&nbsp;(1998). Individualmente crea los video-danza:&nbsp;<em>Un jarro de agua fr\u00eda&nbsp;<\/em>(1993);&nbsp;<em>Bradou&nbsp;<\/em>(1994);&nbsp;&nbsp;<em>Jarabe Tapatio&nbsp;<\/em>(1995). Tambi\u00e9n las piezas:&nbsp;<em>Pollo directamente&nbsp;<\/em>(1995);&nbsp;<em>El Pelirrojo<\/em>(1997);&nbsp;<em>The taste is mine<\/em>&nbsp;(2000);&nbsp;<em>Todos los buenos esp\u00edas tienen mi edad<\/em>&nbsp;(2002);&nbsp;<em>The application<\/em>&nbsp;(2005); 7\u00ba acto de la \u00f3pera Seven attempted escapes from silence (2005);&nbsp;<em>Shichimi Togarashi<\/em>(2006).&nbsp;<em>All good artists from my age are dead<\/em>&nbsp;(2007), proyecto de investigaci\u00f3n&nbsp;<em>De la \u2026 a la \u2026<\/em>&nbsp;(2007).<\/p>\n\n\n\n<p>Entre 2003 y 2012 fue director art\u00edstico del festival&nbsp;In-Presentable.<br>Juan Dom\u00ednguez es durante los a\u00f1os 2004-2005 artista en residencia en PODEWIL, Berl\u00edn-Alemania.<\/p>\n\n\n\n<h4 class=\"wp-block-heading\">Obras<\/h4>\n\n\n\n<ul class=\"wp-block-list\">\n<li>Clean room<em>. Tercera temporada<\/em>&nbsp;\u2013 2016<\/li>\n\n\n\n<li><em><a href=\"https:\/\/blog.uclm.es\/archivoartea\/2014\/09\/22\/clean-room-segunda-temporada\/\" data-type=\"post\" data-id=\"2498\">Clean room<\/a>.<\/em> <em>Segunda temporada<\/em> &#8211; 2014<\/li>\n\n\n\n<li><em><a href=\"https:\/\/blog.uclm.es\/archivoartea\/2014\/09\/26\/el-triunfo-de-la-libertad\/\">El triunfo de la libertad<\/a> &#8211; con La Ribot y Juan Loriente<\/em> &#8211; 2014<\/li>\n\n\n\n<li><em><a href=\"https:\/\/blog.uclm.es\/archivoartea\/2012\/09\/25\/clean-room-season-1\/\">Clean room<\/a>. Primera temporada<\/em> &#8211; 2012<\/li>\n\n\n\n<li><em>Entre lo que ya no est\u00e1 y lo que todav\u00eda no est\u00e1<\/em>&nbsp;\u2013 2016<\/li>\n\n\n\n<li><em><a href=\"https:\/\/blog.uclm.es\/archivoartea\/2011\/12\/26\/ya-llegan-los-personajes\/\" data-type=\"post\" data-id=\"4724\">Ya llegan los personajes<\/a><\/em>, Los Torreznos, Juan Dom\u00ednguez- 2011<\/li>\n\n\n\n<li>De la \u2026 a la \u2026&nbsp;\u2013 2007<\/li>\n\n\n\n<li><em>Todos los buenos artistas de mi edad est\u00e1n muertos<\/em>&nbsp;\u2013 2007<\/li>\n\n\n\n<li><em><a href=\"https:\/\/blog.uclm.es\/archivoartea\/2006\/09\/24\/shichimi-togarashi\/\" data-type=\"post\" data-id=\"2686\">Shichimi Togarashi<\/a> <\/em>&#8211; 2006<\/li>\n\n\n\n<li><a href=\"https:\/\/blog.uclm.es\/archivoartea\/2005\/09\/26\/the-application\/\"><em>The application<\/em><\/a> &#8211; 2005<\/li>\n\n\n\n<li><em>Seven attempted escapes from silence<\/em>&nbsp; \u2013 2005<\/li>\n\n\n\n<li><em><a href=\"https:\/\/blog.uclm.es\/archivoartea\/2003\/09\/26\/todos-los-buenos-espias-tienen-mi-edad\/\" data-type=\"post\" data-id=\"2828\">Todos los buenos esp\u00edas tienen mi edad<\/a> <\/em>&#8211; 2003<\/li>\n\n\n\n<li><em>M\u00e1s p\u00fablico, m\u00e1s privado<\/em>, Olga Mesa, Juan Dom\u00ednguez- 2001<\/li>\n\n\n\n<li><em>The taste is mine<\/em>&nbsp; \u2013 2000<\/li>\n\n\n\n<li><em>Des\u00f3rdenes para un cuarteto<\/em>, Olga Mesa, Juan Dom\u00ednguez- 1997<\/li>\n<\/ul>\n\n\n\n<p><\/p>\n\n\n\n<p><a href=\"https:\/\/juandominguezrojo.com\/\" data-type=\"link\" data-id=\"https:\/\/juandominguezrojo.com\/\">M\u00e1s info en su web.<\/a><\/p>\n\n\n\n<h4 class=\"wp-block-heading\">Documentos relacionados<\/h4>\n\n\n\n<h5 class=\"wp-block-heading\">Textos<\/h5>\n\n\n\n<ul class=\"wp-block-list\">\n<li><em><a href=\"https:\/\/blog.uclm.es\/archivoartea\/2019\/02\/06\/reconectar-la-poesia-al-cuerpo\/\" data-type=\"post\" data-id=\"7716\">Reconectar la poes\u00eda al cuerpo. Po\u00e9ticas posanarquistas en Clean Room de Juan Dom\u00ednguez<\/a>,<\/em> Diana Delgado-Ure\u00f1a D\u00edez, 2019<\/li>\n\n\n\n<li><a href=\"https:\/\/blog.uclm.es\/archivoartea\/2018\/03\/26\/poeticas-posanarquistas\/\" data-type=\"post\" data-id=\"11104\">Po\u00e9ticas posanarquitas: Clean room, de J.D.<\/a>, Diana Delgado-Ure\u00f1a 2018<\/li>\n\n\n\n<li><a href=\"https:\/\/blog.uclm.es\/archivoartea\/2015\/07\/25\/leer-desear-el-triunfo-de-la-libertad\/\" data-type=\"post\" data-id=\"1780\">Leer\/desear. El triunfo de la libertad<\/a>, \u00d3scar Cornago, 2015<\/li>\n\n\n\n<li><em><a href=\"https:\/\/blog.uclm.es\/archivoartea\/2009\/09\/26\/we-move-the-furniture-to-do-as-we-were-doing\/\" data-type=\"post\" data-id=\"2838\">We move the furniture to do as if we were doing<\/a><\/em>, Isabel de Naver\u00e1n, 2009<\/li>\n\n\n\n<li><em><a href=\"http:\/\/Movemos los muebles\">Movemos los muebles para hacer que hacemos<\/a>,<\/em> Isabel de Naver\u00e1n, 2009<\/li>\n\n\n\n<li><a href=\"https:\/\/blog.uclm.es\/archivoartea\/2008\/09\/26\/fragmentos-de-una-conversacion-con-juan-dominguez\/\" data-type=\"post\" data-id=\"2793\">Fragmentos de una conversaci\u00f3n con Juan Dom\u00ednguez<\/a>, \u00d3scar Cornago, 2008<\/li>\n\n\n\n<li><em><a href=\"https:\/\/blog.uclm.es\/archivoartea\/2008\/02\/25\/teatros-para-el-s-xxi-la-escena-como-espacio-de-encuentro\/\" data-type=\"post\" data-id=\"9302\">Teatros para el s. XXI: la escena como espacio de encuentro<\/a><\/em>, \u00d3scar Cornago, 2008<\/li>\n\n\n\n<li><em><a href=\"https:\/\/blog.uclm.es\/archivoartea\/2008\/09\/18\/teatro-y-sociedad-en-espana-desde-los-anos-noventa\/\" data-type=\"post\" data-id=\"2095\">Teatro y sociedad en Espa\u00f1a desde los a\u00f1os noventa<\/a><\/em>, \u00d3scar Cornago, 2008<\/li>\n\n\n\n<li><em><a href=\"https:\/\/blog.uclm.es\/archivoartea\/2006\/09\/26\/los-dramas-de-la-escena\/\" data-type=\"post\" data-id=\"2787\">Los dramas de la escena<\/a><\/em>, Tino Sehgal*, 2006<\/li>\n<\/ul>\n","protected":false},"excerpt":{"rendered":"<p>Bailar\u00edn, core\u00f3grafo, creador esc\u00e9nico e investigador. Valladolid, Espa\u00f1a. 1964<\/p>\n","protected":false},"author":285,"featured_media":2660,"comment_status":"open","ping_status":"open","sticky":false,"template":"","format":"standard","meta":{"footnotes":""},"categories":[71,70],"tags":[339],"class_list":["post-2501","post","type-post","status-publish","format-standard","has-post-thumbnail","hentry","category-artista-artes-vivas","category-artista-escenicas","tag-nueva-danza"],"_links":{"self":[{"href":"https:\/\/blog.uclm.es\/archivoartea\/wp-json\/wp\/v2\/posts\/2501","targetHints":{"allow":["GET"]}}],"collection":[{"href":"https:\/\/blog.uclm.es\/archivoartea\/wp-json\/wp\/v2\/posts"}],"about":[{"href":"https:\/\/blog.uclm.es\/archivoartea\/wp-json\/wp\/v2\/types\/post"}],"author":[{"embeddable":true,"href":"https:\/\/blog.uclm.es\/archivoartea\/wp-json\/wp\/v2\/users\/285"}],"replies":[{"embeddable":true,"href":"https:\/\/blog.uclm.es\/archivoartea\/wp-json\/wp\/v2\/comments?post=2501"}],"version-history":[{"count":12,"href":"https:\/\/blog.uclm.es\/archivoartea\/wp-json\/wp\/v2\/posts\/2501\/revisions"}],"predecessor-version":[{"id":14334,"href":"https:\/\/blog.uclm.es\/archivoartea\/wp-json\/wp\/v2\/posts\/2501\/revisions\/14334"}],"wp:featuredmedia":[{"embeddable":true,"href":"https:\/\/blog.uclm.es\/archivoartea\/wp-json\/wp\/v2\/media\/2660"}],"wp:attachment":[{"href":"https:\/\/blog.uclm.es\/archivoartea\/wp-json\/wp\/v2\/media?parent=2501"}],"wp:term":[{"taxonomy":"category","embeddable":true,"href":"https:\/\/blog.uclm.es\/archivoartea\/wp-json\/wp\/v2\/categories?post=2501"},{"taxonomy":"post_tag","embeddable":true,"href":"https:\/\/blog.uclm.es\/archivoartea\/wp-json\/wp\/v2\/tags?post=2501"}],"curies":[{"name":"wp","href":"https:\/\/api.w.org\/{rel}","templated":true}]}}